{"id":5096,"date":"2018-11-23T15:14:19","date_gmt":"2018-11-23T14:14:19","guid":{"rendered":"https:\/\/antonio-justo.eu\/?p=5096"},"modified":"2018-11-25T21:13:06","modified_gmt":"2018-11-25T20:13:06","slug":"historia-de-portugal-e-do-posto-consular-de-frnkfurt-resumida-num-quadro-historico","status":"publish","type":"post","link":"https:\/\/antonio-justo.eu\/?p=5096","title":{"rendered":"HIST\u00d3RIA DE PORTUGAL E DO POSTO CONSULAR DE FRNKFURT RESUMIDA NUM QUADRO HIST\u00d3RICO"},"content":{"rendered":"<h2 style=\"text-align: center;\">Antiga Vice-C\u00f4nsul situa a tela do grande pintor\u00a0 W. Peiner<\/h2>\n<p><a href=\"https:\/\/antonio-justo.eu\/wp-content\/uploads\/consulado-frankfurt-w-peiner.jpg\"><img loading=\"lazy\" decoding=\"async\" class=\"size-medium wp-image-5097 alignleft\" src=\"https:\/\/antonio-justo.eu\/wp-content\/uploads\/consulado-frankfurt-w-peiner-300x199.jpg\" alt=\"\" width=\"300\" height=\"199\" srcset=\"https:\/\/antonio-justo.eu\/wp-content\/uploads\/consulado-frankfurt-w-peiner-300x199.jpg 300w, https:\/\/antonio-justo.eu\/wp-content\/uploads\/consulado-frankfurt-w-peiner-768x509.jpg 768w, https:\/\/antonio-justo.eu\/wp-content\/uploads\/consulado-frankfurt-w-peiner.jpg 960w\" sizes=\"auto, (max-width: 300px) 100vw, 300px\" \/><\/a><\/p>\n<p>&nbsp;<\/p>\n<p>&nbsp;<\/p>\n<p>&nbsp;<\/p>\n<p>&nbsp;<\/p>\n<p>&nbsp;<\/p>\n<p><strong>Por Ant\u00f3nio Justo<\/strong><\/p>\n<p>Fotografei este belo quadro da Torre de Bel\u00e9m que os portugueses conhecem dos tempos em que havia consulado geral em Frankfurt. O quadro \u00e9 muito simb\u00f3lico:<strong> \u00a0representa o apogeu de Portugal que foi o primeiro verdadeiro imp\u00e9rio do mundo (1) e o mais antigo imp\u00e9rio colonial existente na Europa; como Patrim\u00f3nio da Humanidade \u00e9 um farol a avisar os portugueses e a Europa que se atualizem, mas n\u00e3o se deixem levar no canto das sereias da moda (pensar politicamente correcto) e se tornem conscientes de si mesmos e da sua miss\u00e3o (o ide\u00e1rio da Europa resumida na lusitanidade), a que a velha luz do antigo farol hoje apela.<\/strong><\/p>\n<p>Diria que no quadro se encontra tamb\u00e9m uma recomenda\u00e7\u00e3o a Lisboa:<strong> o barco grande simboliza o antigo consulado que a falta de vis\u00e3o encerrou e o barco pequeno significa o atual Escrit\u00f3rio Consular que espera por uma vontade resoluta e inteligente que o transforme no barco grande. <\/strong><\/p>\n<p>Este quadro \u00e9 testemunho dos altos e baixos por que passou o Consulado Portugu\u00eas e da recorda\u00e7\u00e3o de gera\u00e7\u00f5es de portugueses residentes e de funcion\u00e1rios passados por l\u00e1.<\/p>\n<p>Fica-se sensibilizado ao ver o velho quadro nas novas instala\u00e7\u00f5es e ao ouvir a funcion\u00e1ria do Consulado-Geral de Estugard, Irene Rodrigues dizer que, <a href=\"http:\/\/www.triplov.com\/letras\/Antonio-Justo\/2011\/manifestacao.htm\">quando<\/a> as portas de Franfurt foram <a href=\"http:\/\/observatorioemigracao.pt\/np4\/2702.html\">encerradas<\/a> (apesar da contra-raz\u00e3o expressa na <a href=\"https:\/\/www.recantodasletras.com.br\/artigos-de-politica\/3320778\">manifesta\u00e7\u00e3o<\/a>), se transportou o Quadro para o Consulado Geral de Estugarda, na viva esperan\u00e7a de que as portas \u00a0do Consulado de Frankfurt, um dia, se abririam e que ele pudesse continuar a\u00ed a testemunhar a hist\u00f3ria do seu nascimento. Isto est\u00e1 a acontecer por intelig\u00eancia da Embaixada, da C\u00f4nsul-Geral de Portugal Estugarda, Carla Sarago\u00e7a e do MNE\/SECP, com a abertura do actual Escrit\u00f3rio consular em Hattersheim am Main. Neste quadro se re\u00fane a grandeza e a esperan\u00e7a de \u00a0Portugal e a comunidade portuguesa alegra-se ao constatar que o <a href=\"https:\/\/antonio-justo.eu\/?p=4919\">Estado portugu\u00eas reassume responsabilidade<\/a> na \u00e1rea de Frankfurt.<\/p>\n<p>Passo a citar a benem\u00e9rita Marlis Bastos, ex-Vice-C\u00f4nsul, do ex-Consulado de Frankfurt, que me elucidou sobre este quadro, que eu tinha colocado, como foto, num meio de comunica\u00e7\u00e3o social: <strong>&#8220;Quando iniciei fun\u00e7\u00f5es no consulado honor\u00e1rio, em outubro de 1963, o quadro j\u00e1 existia e pertencia ao ent\u00e3o c\u00f4nsul honor\u00e1rio Walter Gerling. Por ocasi\u00e3o da transforma\u00e7\u00e3o em consulado de carreira, em 1972 o sr. Gerling ofereceu o quadro ao Governo Portugu\u00eas, que infelizmente n\u00e3o lhe deu a import\u00e2ncia que ele esperava merecer. Trata-se de uma pintura a \u00f3leo em tela de pele de b\u00fafalo, pintado, a pedido do c\u00f4nsul honor\u00e1rio,&#8221; por um ent\u00e3o famoso professor da Faculdade ou Escola de Belas Artes em Col\u00f3nia, cujo nome n\u00e3o me ocorre neste momento (Lembro-me o Sr. Gerling falar sempre em Professor Peiner). Sei que na \u00e9poca, ou seja, em 1958, o Sr. Gerling teria pago dez mil marcos por ele.&#8221;<\/strong><\/p>\n<p>Entretanto apurei que o autor do quadro com a assinatura PPeiner ser\u00e1 o professor de arte Werner Peiner.<\/p>\n<p>A inaugura\u00e7\u00e3o oficial do Escrit\u00f3rio Consular de Portugal em Hattersheim am Main ser\u00e1 feita, no dia 12 de Dezembro de 2018, por Sua Excel\u00eancia o Secret\u00e1rio de Estado das Comunidades Portuguesas, Dr. Jos\u00e9 Lu\u00eds Carneiro e na presen\u00e7a do Embaixador de Portugal na Alemanha, Dr. Jo\u00e3o Mira Gomes, e da C\u00f4nsul &#8211; Geral de Portugal em Estugarda, Dra. Carla Sarago\u00e7a.<\/p>\n<p>(1) <strong>De facto, Portugal foi o\u00a0 primeiro imp\u00e9rio real do mundo n\u00e3o s\u00f3 pelo seu abrangimento geogr\u00e1fico, mas pelo facto de com os Descobrimentos ter surgido, pela primeira vez, uma verdadeira consci\u00eancia global relativamente \u00e0 geografia e \u00e0 multiplicidade de povos e costumes. Para a nova consci\u00eancia universal (global) al\u00e9m dos descobrimentos contribuiu tamb\u00e9m a literatura de viagens sobre as novas terras descobertas! Toda a Europa de ent\u00e3o se fascinava com a literatura de viagens, os conhecimentos que recebiam eram como descri\u00e7\u00f5es doutros planetas; um bom exemplo disso \u00e9 o nosso autor Fernando Mendes Pinto com a sua obra Peregrina\u00e7\u00e3o.<\/strong><\/p>\n<p><strong>\u00a9 Ant\u00f3nio da Cunha Duarte Justo, ex-conselheiro consultivo do ex-Consulado de Frankfurt<br \/>\n<\/strong><\/p>\n<p><strong>Pegadas do Tempo <\/strong><\/p>\n<p>&nbsp;<\/p>\n","protected":false},"excerpt":{"rendered":"<p>Antiga Vice-C\u00f4nsul situa a tela do grande pintor\u00a0 W. Peiner &nbsp; &nbsp; &nbsp; &nbsp; &nbsp; Por Ant\u00f3nio Justo Fotografei este belo quadro da Torre de Bel\u00e9m que os portugueses conhecem dos tempos em que havia consulado geral em Frankfurt. O quadro \u00e9 muito simb\u00f3lico: \u00a0representa o apogeu de Portugal que foi o primeiro verdadeiro imp\u00e9rio &hellip; <a href=\"https:\/\/antonio-justo.eu\/?p=5096\" class=\"more-link\">Continuar a ler <span class=\"screen-reader-text\">HIST\u00d3RIA DE PORTUGAL E DO POSTO CONSULAR DE FRNKFURT RESUMIDA NUM QUADRO HIST\u00d3RICO<\/span><\/a><\/p>\n","protected":false},"author":1,"featured_media":0,"comment_status":"open","ping_status":"open","sticky":false,"template":"","format":"standard","meta":{"sfsi_plus_gutenberg_text_before_share":"","sfsi_plus_gutenberg_show_text_before_share":"","sfsi_plus_gutenberg_icon_type":"","sfsi_plus_gutenberg_icon_alignemt":"","sfsi_plus_gutenburg_max_per_row":"","footnotes":""},"categories":[3,15,14,4,5,6,7,16],"tags":[],"class_list":["post-5096","post","type-post","status-publish","format-standard","hentry","category-arte","category-cultura","category-economia","category-educacao","category-escola","category-migracao","category-politica","category-sociedade"],"_links":{"self":[{"href":"https:\/\/antonio-justo.eu\/index.php?rest_route=\/wp\/v2\/posts\/5096","targetHints":{"allow":["GET"]}}],"collection":[{"href":"https:\/\/antonio-justo.eu\/index.php?rest_route=\/wp\/v2\/posts"}],"about":[{"href":"https:\/\/antonio-justo.eu\/index.php?rest_route=\/wp\/v2\/types\/post"}],"author":[{"embeddable":true,"href":"https:\/\/antonio-justo.eu\/index.php?rest_route=\/wp\/v2\/users\/1"}],"replies":[{"embeddable":true,"href":"https:\/\/antonio-justo.eu\/index.php?rest_route=%2Fwp%2Fv2%2Fcomments&post=5096"}],"version-history":[{"count":9,"href":"https:\/\/antonio-justo.eu\/index.php?rest_route=\/wp\/v2\/posts\/5096\/revisions"}],"predecessor-version":[{"id":5111,"href":"https:\/\/antonio-justo.eu\/index.php?rest_route=\/wp\/v2\/posts\/5096\/revisions\/5111"}],"wp:attachment":[{"href":"https:\/\/antonio-justo.eu\/index.php?rest_route=%2Fwp%2Fv2%2Fmedia&parent=5096"}],"wp:term":[{"taxonomy":"category","embeddable":true,"href":"https:\/\/antonio-justo.eu\/index.php?rest_route=%2Fwp%2Fv2%2Fcategories&post=5096"},{"taxonomy":"post_tag","embeddable":true,"href":"https:\/\/antonio-justo.eu\/index.php?rest_route=%2Fwp%2Fv2%2Ftags&post=5096"}],"curies":[{"name":"wp","href":"https:\/\/api.w.org\/{rel}","templated":true}]}}