{"id":5049,"date":"2018-11-10T17:17:23","date_gmt":"2018-11-10T16:17:23","guid":{"rendered":"https:\/\/antonio-justo.eu\/?p=5049"},"modified":"2018-11-10T22:29:18","modified_gmt":"2018-11-10T21:29:18","slug":"homem-de-69-anos-requer-em-tribunal-a-mudanca-de-idade-para-49-anos","status":"publish","type":"post","link":"https:\/\/antonio-justo.eu\/?p=5049","title":{"rendered":"HOMEM DE 69 ANOS REQUER EM TRIBUNAL A MUDAN\u00c7A DE IDADE PARA 49 ANOS"},"content":{"rendered":"<h2 style=\"text-align: center;\"><strong>Em Nome da Discrimina\u00e7\u00e3o e da Igualdade subornam-se os Direitos humanos<br \/>\n<\/strong><\/h2>\n<p>&nbsp;<\/p>\n<p><strong>Ant\u00f3nio Justo<\/strong><\/p>\n<p>&nbsp;<\/p>\n<p>O holand\u00eas, Emile Ratelband, alega \u00a0em tribunal o direito de ser oficialmente rejuvenescido em 20 anos, nos seus documentos. O tribunal deve passar a sua data de nascimento de 11 de Mar\u00e7o 1949\u00a0 para 11 de Mar\u00e7o 1969.<\/p>\n<p>&nbsp;<\/p>\n<p>Acha-se com direito \u00e0 diminui\u00e7\u00e3o de idade para impedir discrimina\u00e7\u00e3o e aumentar as chances entre as mulheres e no trabalho, etc. \u00a0O pobre argumenta: \u201c\u2026posso ter todas as meninas que quero \u2013 mas n\u00e3o depois de lhes ter dito que tenho 69 anos\u201d.<\/p>\n<p>&nbsp;<\/p>\n<p>Perante o espanto dos ju\u00edzes, Ratelband fundamentou o seu requerimento dizendo que \u00e9 \u201clegal\u201d porque \u201choje podemos mudar o sexo, mudar a nossa orienta\u00e7\u00e3o sexual e pol\u00edtica. At\u00e9 temos o direito de mudar o nosso nome\u201d! Assim, parece l\u00f3gico exigir tamb\u00e9m o mesmo direito na indica\u00e7\u00e3o da idade. O tribunal decidir\u00e1 dentro de quatro semanas.<\/p>\n<p>&nbsp;<\/p>\n<p>Num tempo em que os factos j\u00e1 n\u00e3o valem e at\u00e9 a natureza \u00e9 questionada (a gender extrema!) , isto at\u00e9 parece ser um assunto relevante para o tribunal!<\/p>\n<p>&nbsp;<\/p>\n<p>At\u00e9 onde obriga a toler\u00e2ncia, a antidiscrimina\u00e7\u00e3o, o trato igual e a igualdade de oportunidades!<\/p>\n<p>&nbsp;<\/p>\n<p>Na era <a href=\"https:\/\/antonio-justo.eu\/?p=3932\">p\u00f3s-f\u00e1tica <\/a>at\u00e9 o imposs\u00edvel come\u00e7a a acontecer. \u00a0A excep\u00e7\u00e3o n\u00e3o reconhece a regra e a regra deixa de valer! E tudo isto em nome de uma toler\u00e2ncia rasteira que anda por a\u00ed a passar rasteiras sem que muitos noteml. Naturalmente, a \u00a0<a href=\"http:\/\/triplov.com\/letras\/Antonio-Justo\/2017\/islamismo.htm\">toler\u00e2ncia<\/a> \u00e9 um pau de dois bicos, mas impercept\u00edvel enquanto se n\u00e3o solicitar reciprocidade!<\/p>\n<p><strong>Ant\u00f3nio da Cunha Duarte Justo<\/strong><\/p>\n<p>Pegadas do Tempo<\/p>\n","protected":false},"excerpt":{"rendered":"<p>Em Nome da Discrimina\u00e7\u00e3o e da Igualdade subornam-se os Direitos humanos &nbsp; Ant\u00f3nio Justo &nbsp; O holand\u00eas, Emile Ratelband, alega \u00a0em tribunal o direito de ser oficialmente rejuvenescido em 20 anos, nos seus documentos. O tribunal deve passar a sua data de nascimento de 11 de Mar\u00e7o 1949\u00a0 para 11 de Mar\u00e7o 1969. &nbsp; Acha-se &hellip; <a href=\"https:\/\/antonio-justo.eu\/?p=5049\" class=\"more-link\">Continuar a ler <span class=\"screen-reader-text\">HOMEM DE 69 ANOS REQUER EM TRIBUNAL A MUDAN\u00c7A DE IDADE PARA 49 ANOS<\/span><\/a><\/p>\n","protected":false},"author":1,"featured_media":0,"comment_status":"open","ping_status":"open","sticky":false,"template":"","format":"standard","meta":{"sfsi_plus_gutenberg_text_before_share":"","sfsi_plus_gutenberg_show_text_before_share":"","sfsi_plus_gutenberg_icon_type":"","sfsi_plus_gutenberg_icon_alignemt":"","sfsi_plus_gutenburg_max_per_row":"","footnotes":""},"categories":[15,4,7,16],"tags":[],"class_list":["post-5049","post","type-post","status-publish","format-standard","hentry","category-cultura","category-educacao","category-politica","category-sociedade"],"_links":{"self":[{"href":"https:\/\/antonio-justo.eu\/index.php?rest_route=\/wp\/v2\/posts\/5049","targetHints":{"allow":["GET"]}}],"collection":[{"href":"https:\/\/antonio-justo.eu\/index.php?rest_route=\/wp\/v2\/posts"}],"about":[{"href":"https:\/\/antonio-justo.eu\/index.php?rest_route=\/wp\/v2\/types\/post"}],"author":[{"embeddable":true,"href":"https:\/\/antonio-justo.eu\/index.php?rest_route=\/wp\/v2\/users\/1"}],"replies":[{"embeddable":true,"href":"https:\/\/antonio-justo.eu\/index.php?rest_route=%2Fwp%2Fv2%2Fcomments&post=5049"}],"version-history":[{"count":3,"href":"https:\/\/antonio-justo.eu\/index.php?rest_route=\/wp\/v2\/posts\/5049\/revisions"}],"predecessor-version":[{"id":5055,"href":"https:\/\/antonio-justo.eu\/index.php?rest_route=\/wp\/v2\/posts\/5049\/revisions\/5055"}],"wp:attachment":[{"href":"https:\/\/antonio-justo.eu\/index.php?rest_route=%2Fwp%2Fv2%2Fmedia&parent=5049"}],"wp:term":[{"taxonomy":"category","embeddable":true,"href":"https:\/\/antonio-justo.eu\/index.php?rest_route=%2Fwp%2Fv2%2Fcategories&post=5049"},{"taxonomy":"post_tag","embeddable":true,"href":"https:\/\/antonio-justo.eu\/index.php?rest_route=%2Fwp%2Fv2%2Ftags&post=5049"}],"curies":[{"name":"wp","href":"https:\/\/api.w.org\/{rel}","templated":true}]}}