{"id":4946,"date":"2018-08-10T21:46:44","date_gmt":"2018-08-10T20:46:44","guid":{"rendered":"https:\/\/antonio-justo.eu\/?p=4946"},"modified":"2018-08-11T21:50:46","modified_gmt":"2018-08-11T20:50:46","slug":"abono-de-familia-para-membros-da-eu-a-trabalhar-na-alemanha-e-um-direito-incontestavel","status":"publish","type":"post","link":"https:\/\/antonio-justo.eu\/?p=4946","title":{"rendered":"ABONO DE FAM\u00cdLIA PARA IMIGRANTES DA EU NA ALEMANHA &#8211; UM DIREITO A N\u00c3O SER FLEXIBILIZDO"},"content":{"rendered":"<h2 style=\"text-align: center;\">O Presidente da C\u00e2mara de Duisburg queixa-se de abusos criminosos<\/h2>\n<p><strong>Ant\u00f3nio Justo<\/strong><\/p>\n<p>Na Uni\u00e3o Europeia (EU) o abono de fam\u00edlia \u00e9 um direito para alem\u00e3es e estrangeiros residentes. O primeiro e o segundo filho recebem 194 \u20ac cada um, o terceiro 200\u20ac e a partir do quarto 225\u20ac, por m\u00eas.<\/p>\n<p><strong>A Alemanha paga abono de fam\u00edlia a 268.336 crian\u00e7as da EU que vivem fora da Alemanha, entre estes, 31.500 alem\u00e3es que vivem fora.<\/strong><\/p>\n<p>Na Alemanha discute-se sobre a \u201cdesenfreada transfer\u00eancia de abono de fam\u00edlia para o estrangeiro\u201d. Trabalhadores estrangeiros recebem o abono de fam\u00edlia pelos filhos que t\u00eam na sua terra.<\/p>\n<p><strong>A Alemanha e a \u00c1ustria querem indexar o abono de fam\u00edlia ao custo de vida dos respectivos pa\u00edses dos trabalhadores. A \u00c1ustria pensa faz\u00ea-lo j\u00e1 em 2019.<\/strong> <strong>Assim, um trabalhador da Bulg\u00e1ria passaria a receber 20\u20ac em vez de 194\u20ac pelo filho que tem na terra.<\/strong><\/p>\n<p><strong>Quem trabalha tem direito a abono de fam\u00edlia (ou ao subs\u00eddio de imposto da crian\u00e7a, kinderfreibetrag) porque este \u00e9 um servi\u00e7o de direito ligado aos impostos que se pagam<\/strong>. O trabalhador tem direito ao abono de fam\u00edlia pago pelo pa\u00eds onde se trabalha independentemente do lugar onde o filho se encontre.<\/p>\n<p>As propostas de os filhos a viverem fora da Alemanha receberem o abono correspondente ao que o pa\u00eds de emigra\u00e7\u00e3o paga \u00e9 abstrusa; mas cuidado, que \u201cpela aragem se v\u00ea o que vai na carruagem\u201d.<\/p>\n<p>C\u00e2maras Municipais queixam-se de abusos no abono de fam\u00edlia pago a muitas fam\u00edlias estrangeiras.<\/p>\n<p>O Presidente da C\u00e2mara de Duisburg (SPD) queixa-se que em 2012 tinham nos jardins \u00e0 margem da cidade, 6.000 ciganos (Sinti e Roma) e atualmente s\u00e3o j\u00e1 19.000 (romenos e b\u00falgaros: na Bulg\u00e1ria o abono de fam\u00edlia \u00e9 20\u20ac e na Rom\u00e9nia entre 18 e 43 euros). O Presidente, S\u00f6ren Link (SPD) diz que muitos deles s\u00e3o imigrantes para os sistemas sociais. Na Rom\u00e9nia o sal\u00e1rio m\u00e9dio \u00e9 715\u20ac.<\/p>\n<p>A chefe do SPD, Andrea Nahles anunciou um encontro em Berlim com as cidades afectadas, no dia 27 de setembro.<\/p>\n<p>Para requerer abono de fam\u00edlia basta apresentar um atestado de resid\u00eancia da fam\u00edlia na Alemanha. O problema \u00e9 que s\u00e3o apresentados registos de nascimento e certificados escolares falsos.<\/p>\n<p>Naturalmente muitos deles vivem integrados n\u00e3o se podendo criar estere\u00f3tipos.<\/p>\n<p><strong>A Alemanha paga a factura de ser rica e do seu neg\u00f3cio com a EU. A EU n\u00e3o quer que haja discrimina\u00e7\u00e3o, mas, de facto, j\u00e1 em 2016 uma Cimeira da EU em Bruxelas decidiu limita\u00e7\u00f5es devido \u00e0 press\u00e3o do Reino Unido. Esta decis\u00e3o s\u00f3 n\u00e3o foi aplicada!&#8230;<\/strong><\/p>\n<p>Numa \u00e9poca em que a Alemanha est\u00e1 interessada em que os refugiados sejam distribu\u00eddos por todas a Europa, vem mesmo a prop\u00f3sito uma tal discuss\u00e3o. Esta amea\u00e7a pode levar, alguns pa\u00edses renitentes ao acolhimento de refugiados, a mudar de opini\u00e3o. O que a \u201craz\u00e3o\u201d n\u00e3o alcan\u00e7a, consegue o dinheiro!<\/p>\n<p><strong>Ant\u00f3nio da Cunha Duarte Justo<\/strong><\/p>\n<p>In \u201cPegadas do Tempo\u201d,<\/p>\n","protected":false},"excerpt":{"rendered":"<p>O Presidente da C\u00e2mara de Duisburg queixa-se de abusos criminosos Ant\u00f3nio Justo Na Uni\u00e3o Europeia (EU) o abono de fam\u00edlia \u00e9 um direito para alem\u00e3es e estrangeiros residentes. O primeiro e o segundo filho recebem 194 \u20ac cada um, o terceiro 200\u20ac e a partir do quarto 225\u20ac, por m\u00eas. A Alemanha paga abono de &hellip; <a href=\"https:\/\/antonio-justo.eu\/?p=4946\" class=\"more-link\">Continuar a ler <span class=\"screen-reader-text\">ABONO DE FAM\u00cdLIA PARA IMIGRANTES DA EU NA ALEMANHA &#8211; UM DIREITO A N\u00c3O SER FLEXIBILIZDO<\/span><\/a><\/p>\n","protected":false},"author":1,"featured_media":0,"comment_status":"open","ping_status":"open","sticky":false,"template":"","format":"standard","meta":{"sfsi_plus_gutenberg_text_before_share":"","sfsi_plus_gutenberg_show_text_before_share":"","sfsi_plus_gutenberg_icon_type":"","sfsi_plus_gutenberg_icon_alignemt":"","sfsi_plus_gutenburg_max_per_row":"","footnotes":""},"categories":[15,14,6,7],"tags":[],"class_list":["post-4946","post","type-post","status-publish","format-standard","hentry","category-cultura","category-economia","category-migracao","category-politica"],"_links":{"self":[{"href":"https:\/\/antonio-justo.eu\/index.php?rest_route=\/wp\/v2\/posts\/4946","targetHints":{"allow":["GET"]}}],"collection":[{"href":"https:\/\/antonio-justo.eu\/index.php?rest_route=\/wp\/v2\/posts"}],"about":[{"href":"https:\/\/antonio-justo.eu\/index.php?rest_route=\/wp\/v2\/types\/post"}],"author":[{"embeddable":true,"href":"https:\/\/antonio-justo.eu\/index.php?rest_route=\/wp\/v2\/users\/1"}],"replies":[{"embeddable":true,"href":"https:\/\/antonio-justo.eu\/index.php?rest_route=%2Fwp%2Fv2%2Fcomments&post=4946"}],"version-history":[{"count":8,"href":"https:\/\/antonio-justo.eu\/index.php?rest_route=\/wp\/v2\/posts\/4946\/revisions"}],"predecessor-version":[{"id":4954,"href":"https:\/\/antonio-justo.eu\/index.php?rest_route=\/wp\/v2\/posts\/4946\/revisions\/4954"}],"wp:attachment":[{"href":"https:\/\/antonio-justo.eu\/index.php?rest_route=%2Fwp%2Fv2%2Fmedia&parent=4946"}],"wp:term":[{"taxonomy":"category","embeddable":true,"href":"https:\/\/antonio-justo.eu\/index.php?rest_route=%2Fwp%2Fv2%2Fcategories&post=4946"},{"taxonomy":"post_tag","embeddable":true,"href":"https:\/\/antonio-justo.eu\/index.php?rest_route=%2Fwp%2Fv2%2Ftags&post=4946"}],"curies":[{"name":"wp","href":"https:\/\/api.w.org\/{rel}","templated":true}]}}