{"id":4942,"date":"2018-08-09T23:46:32","date_gmt":"2018-08-09T22:46:32","guid":{"rendered":"https:\/\/antonio-justo.eu\/?p=4942"},"modified":"2018-08-09T23:48:21","modified_gmt":"2018-08-09T22:48:21","slug":"rcordando-o-dia-dos-emigrantes","status":"publish","type":"post","link":"https:\/\/antonio-justo.eu\/?p=4942","title":{"rendered":"RCORDANDO O DIA DOS EMIGRANTES"},"content":{"rendered":"<p><strong>POVO EMIGRANTE<\/strong><\/p>\n<p>&nbsp;<\/p>\n<p><strong>Em busca de uma terra de todos <\/strong><\/p>\n<p><strong>J\u00e1 que a sua \u00e9 s\u00f3 para alguns <\/strong><\/p>\n<p><strong>Sem trabalho, nem terra<\/strong><\/p>\n<p><strong>\u00c0 procura do que n\u00e3o tem<\/strong><\/p>\n<p><strong>Emigra o povo que faz falta<br \/>\n<\/strong><\/p>\n<p>&nbsp;<\/p>\n<p><strong>Emigra a vontade de reagir\u00a0 <\/strong><\/p>\n<p><strong>Emigra a pobreza envergonhada <\/strong><\/p>\n<p><strong>Emigra a capacidade de resistir <\/strong><\/p>\n<p><strong>Emigra o sonho de vencer<\/strong><\/p>\n<p>&nbsp;<\/p>\n<p><strong>\u00a0O emigrante \u00e9 um navegante<\/strong><\/p>\n<p><strong>Que escolheu um caminho que \u00e9 o seu<\/strong><\/p>\n<p><strong>Na rota da p\u00e1tria que se chama saudade.<\/strong><\/p>\n<p>&nbsp;<\/p>\n<p><strong>Um pa\u00eds vazio de um povo assim,<\/strong><\/p>\n<p><strong>\u00c9 terra baldia sem meta nem voca\u00e7\u00e3o<\/strong><\/p>\n<p>&nbsp;<\/p>\n<p><strong>Ant\u00f3nio da Cunha Duarte Justo<\/strong><\/p>\n<p>In Pegadas do Tempo<\/p>\n","protected":false},"excerpt":{"rendered":"<p>POVO EMIGRANTE &nbsp; Em busca de uma terra de todos J\u00e1 que a sua \u00e9 s\u00f3 para alguns Sem trabalho, nem terra \u00c0 procura do que n\u00e3o tem Emigra o povo que faz falta &nbsp; Emigra a vontade de reagir\u00a0 Emigra a pobreza envergonhada Emigra a capacidade de resistir Emigra o sonho de vencer &nbsp; &hellip; <a href=\"https:\/\/antonio-justo.eu\/?p=4942\" class=\"more-link\">Continuar a ler <span class=\"screen-reader-text\">RCORDANDO O DIA DOS EMIGRANTES<\/span><\/a><\/p>\n","protected":false},"author":1,"featured_media":0,"comment_status":"open","ping_status":"open","sticky":false,"template":"","format":"standard","meta":{"sfsi_plus_gutenberg_text_before_share":"","sfsi_plus_gutenberg_show_text_before_share":"","sfsi_plus_gutenberg_icon_type":"","sfsi_plus_gutenberg_icon_alignemt":"","sfsi_plus_gutenburg_max_per_row":"","footnotes":""},"categories":[3,15,6,7,16],"tags":[],"class_list":["post-4942","post","type-post","status-publish","format-standard","hentry","category-arte","category-cultura","category-migracao","category-politica","category-sociedade"],"_links":{"self":[{"href":"https:\/\/antonio-justo.eu\/index.php?rest_route=\/wp\/v2\/posts\/4942","targetHints":{"allow":["GET"]}}],"collection":[{"href":"https:\/\/antonio-justo.eu\/index.php?rest_route=\/wp\/v2\/posts"}],"about":[{"href":"https:\/\/antonio-justo.eu\/index.php?rest_route=\/wp\/v2\/types\/post"}],"author":[{"embeddable":true,"href":"https:\/\/antonio-justo.eu\/index.php?rest_route=\/wp\/v2\/users\/1"}],"replies":[{"embeddable":true,"href":"https:\/\/antonio-justo.eu\/index.php?rest_route=%2Fwp%2Fv2%2Fcomments&post=4942"}],"version-history":[{"count":3,"href":"https:\/\/antonio-justo.eu\/index.php?rest_route=\/wp\/v2\/posts\/4942\/revisions"}],"predecessor-version":[{"id":4945,"href":"https:\/\/antonio-justo.eu\/index.php?rest_route=\/wp\/v2\/posts\/4942\/revisions\/4945"}],"wp:attachment":[{"href":"https:\/\/antonio-justo.eu\/index.php?rest_route=%2Fwp%2Fv2%2Fmedia&parent=4942"}],"wp:term":[{"taxonomy":"category","embeddable":true,"href":"https:\/\/antonio-justo.eu\/index.php?rest_route=%2Fwp%2Fv2%2Fcategories&post=4942"},{"taxonomy":"post_tag","embeddable":true,"href":"https:\/\/antonio-justo.eu\/index.php?rest_route=%2Fwp%2Fv2%2Ftags&post=4942"}],"curies":[{"name":"wp","href":"https:\/\/api.w.org\/{rel}","templated":true}]}}