{"id":4933,"date":"2018-08-03T20:11:29","date_gmt":"2018-08-03T19:11:29","guid":{"rendered":"https:\/\/antonio-justo.eu\/?p=4933"},"modified":"2018-08-03T20:11:29","modified_gmt":"2018-08-03T19:11:29","slug":"nao-absoluto-a-pena-de-morte","status":"publish","type":"post","link":"https:\/\/antonio-justo.eu\/?p=4933","title":{"rendered":"N\u00c3O ABSOLUTO \u00c0 PENA DE MORTE"},"content":{"rendered":"<p>O Papa Francisco pediu a todos os Estados do mundo (que ainda n\u00e3o o fizeram)\u00a0 para abolirem a pena de morte.<\/p>\n<p>&nbsp;<\/p>\n<p>O N\u00b0 2267 do Catecismo da Igreja Cat\u00f3lica argumenta que \u201ca dignidade da pessoa n\u00e3o se perde mesmo depois de ter cometido crimes muito graves. Al\u00e9m disso, foram desenvolvidos sistemas de deten\u00e7\u00e3o mais eficazes, que garantem a defesa adequada dos cidad\u00e3os, mas, ao mesmo tempo, n\u00e3o eliminam a possibilidade de resgate do infrator\u201d.<\/p>\n<p>A Igreja ensina, \u00e0 luz do Evangelho, que &#8220;a pena de morte \u00e9 inadmiss\u00edvel porque est\u00e1 atenta \u00e0 inviolabilidade e dignidade da pessoa&#8221;. Por isso, a Igreja \u201cest\u00e1 empenhada na sua \u00a0aboli\u00e7\u00e3o em todo o mundo\u201d.<\/p>\n<p><strong>Ant\u00f3nio da Cunha Duarte Justo<\/strong><\/p>\n<p>Pegadas do Tempo<\/p>\n","protected":false},"excerpt":{"rendered":"<p>O Papa Francisco pediu a todos os Estados do mundo (que ainda n\u00e3o o fizeram)\u00a0 para abolirem a pena de morte. &nbsp; O N\u00b0 2267 do Catecismo da Igreja Cat\u00f3lica argumenta que \u201ca dignidade da pessoa n\u00e3o se perde mesmo depois de ter cometido crimes muito graves. Al\u00e9m disso, foram desenvolvidos sistemas de deten\u00e7\u00e3o mais &hellip; <a href=\"https:\/\/antonio-justo.eu\/?p=4933\" class=\"more-link\">Continuar a ler <span class=\"screen-reader-text\">N\u00c3O ABSOLUTO \u00c0 PENA DE MORTE<\/span><\/a><\/p>\n","protected":false},"author":1,"featured_media":0,"comment_status":"open","ping_status":"open","sticky":false,"template":"","format":"standard","meta":{"sfsi_plus_gutenberg_text_before_share":"","sfsi_plus_gutenberg_show_text_before_share":"","sfsi_plus_gutenberg_icon_type":"","sfsi_plus_gutenberg_icon_alignemt":"","sfsi_plus_gutenburg_max_per_row":"","footnotes":""},"categories":[15,7,8],"tags":[],"class_list":["post-4933","post","type-post","status-publish","format-standard","hentry","category-cultura","category-politica","category-religiao"],"_links":{"self":[{"href":"https:\/\/antonio-justo.eu\/index.php?rest_route=\/wp\/v2\/posts\/4933","targetHints":{"allow":["GET"]}}],"collection":[{"href":"https:\/\/antonio-justo.eu\/index.php?rest_route=\/wp\/v2\/posts"}],"about":[{"href":"https:\/\/antonio-justo.eu\/index.php?rest_route=\/wp\/v2\/types\/post"}],"author":[{"embeddable":true,"href":"https:\/\/antonio-justo.eu\/index.php?rest_route=\/wp\/v2\/users\/1"}],"replies":[{"embeddable":true,"href":"https:\/\/antonio-justo.eu\/index.php?rest_route=%2Fwp%2Fv2%2Fcomments&post=4933"}],"version-history":[{"count":1,"href":"https:\/\/antonio-justo.eu\/index.php?rest_route=\/wp\/v2\/posts\/4933\/revisions"}],"predecessor-version":[{"id":4934,"href":"https:\/\/antonio-justo.eu\/index.php?rest_route=\/wp\/v2\/posts\/4933\/revisions\/4934"}],"wp:attachment":[{"href":"https:\/\/antonio-justo.eu\/index.php?rest_route=%2Fwp%2Fv2%2Fmedia&parent=4933"}],"wp:term":[{"taxonomy":"category","embeddable":true,"href":"https:\/\/antonio-justo.eu\/index.php?rest_route=%2Fwp%2Fv2%2Fcategories&post=4933"},{"taxonomy":"post_tag","embeddable":true,"href":"https:\/\/antonio-justo.eu\/index.php?rest_route=%2Fwp%2Fv2%2Ftags&post=4933"}],"curies":[{"name":"wp","href":"https:\/\/api.w.org\/{rel}","templated":true}]}}