{"id":4931,"date":"2018-08-01T15:19:19","date_gmt":"2018-08-01T14:19:19","guid":{"rendered":"https:\/\/antonio-justo.eu\/?p=4931"},"modified":"2018-08-01T15:19:19","modified_gmt":"2018-08-01T14:19:19","slug":"franca-proibiu-o-uso-do-telemovel-nas-escolas","status":"publish","type":"post","link":"https:\/\/antonio-justo.eu\/?p=4931","title":{"rendered":"FRAN\u00c7A PROIBIU O USO DO TELEM\u00d3VEL NAS ESCOLAS"},"content":{"rendered":"<p>A partir de Setembro, o uso do smartphon fica interdito nas aulas e nos recreios em escolas at\u00e9 ao nono ano. \u00a0H\u00e1 uma excep\u00e7\u00e3o \u00e0 regra: alunos com defici\u00eancia, professores e pessoal de apoio. Para as restantes escolas, a partir do 10\u00b0 ano, \u00e9 dado aos directores o poder de decidirem se sim ou n\u00e3o.<\/p>\n<p>O parlamento franc\u00eas proibiu o uso de telem\u00f3veis em escolas, cumprindo assim uma promessa eleitoral de Macron.<\/p>\n<p>Esta legisla\u00e7\u00e3o \u00e9 dif\u00edcil de cumprir; o uso ou n\u00e3o uso do smartphon deveria ser uma quest\u00e3o da compet\u00eancia das comunidades educativas. Na \u201cescola prim\u00e1ria\u201d torna-se compreens\u00edvel a proibi\u00e7\u00e3o.<\/p>\n<p>De resto o smartphon pode ser um instrumento importante de consulta nas disciplinas t\u00e9cnicas, matem\u00e1tica e ci\u00eancias naturais.<\/p>\n<p>Esta proibi\u00e7\u00e3o poder\u00e1 ter a vantagem de levar as escolas a adquirirem tablets digitais para os alunos!!!<\/p>\n<p>Generaliza\u00e7\u00f5es s\u00e3o necess\u00e1rias, mas nunca certas!<\/p>\n<p><strong>Ant\u00f3nio da Cunha Duarte Justo<\/strong><\/p>\n<p>Pegadas do Tempo<\/p>\n","protected":false},"excerpt":{"rendered":"<p>A partir de Setembro, o uso do smartphon fica interdito nas aulas e nos recreios em escolas at\u00e9 ao nono ano. \u00a0H\u00e1 uma excep\u00e7\u00e3o \u00e0 regra: alunos com defici\u00eancia, professores e pessoal de apoio. Para as restantes escolas, a partir do 10\u00b0 ano, \u00e9 dado aos directores o poder de decidirem se sim ou n\u00e3o. &hellip; <a href=\"https:\/\/antonio-justo.eu\/?p=4931\" class=\"more-link\">Continuar a ler <span class=\"screen-reader-text\">FRAN\u00c7A PROIBIU O USO DO TELEM\u00d3VEL NAS ESCOLAS<\/span><\/a><\/p>\n","protected":false},"author":1,"featured_media":0,"comment_status":"open","ping_status":"open","sticky":false,"template":"","format":"standard","meta":{"sfsi_plus_gutenberg_text_before_share":"","sfsi_plus_gutenberg_show_text_before_share":"","sfsi_plus_gutenberg_icon_type":"","sfsi_plus_gutenberg_icon_alignemt":"","sfsi_plus_gutenburg_max_per_row":"","footnotes":""},"categories":[4,5,7],"tags":[],"class_list":["post-4931","post","type-post","status-publish","format-standard","hentry","category-educacao","category-escola","category-politica"],"_links":{"self":[{"href":"https:\/\/antonio-justo.eu\/index.php?rest_route=\/wp\/v2\/posts\/4931","targetHints":{"allow":["GET"]}}],"collection":[{"href":"https:\/\/antonio-justo.eu\/index.php?rest_route=\/wp\/v2\/posts"}],"about":[{"href":"https:\/\/antonio-justo.eu\/index.php?rest_route=\/wp\/v2\/types\/post"}],"author":[{"embeddable":true,"href":"https:\/\/antonio-justo.eu\/index.php?rest_route=\/wp\/v2\/users\/1"}],"replies":[{"embeddable":true,"href":"https:\/\/antonio-justo.eu\/index.php?rest_route=%2Fwp%2Fv2%2Fcomments&post=4931"}],"version-history":[{"count":1,"href":"https:\/\/antonio-justo.eu\/index.php?rest_route=\/wp\/v2\/posts\/4931\/revisions"}],"predecessor-version":[{"id":4932,"href":"https:\/\/antonio-justo.eu\/index.php?rest_route=\/wp\/v2\/posts\/4931\/revisions\/4932"}],"wp:attachment":[{"href":"https:\/\/antonio-justo.eu\/index.php?rest_route=%2Fwp%2Fv2%2Fmedia&parent=4931"}],"wp:term":[{"taxonomy":"category","embeddable":true,"href":"https:\/\/antonio-justo.eu\/index.php?rest_route=%2Fwp%2Fv2%2Fcategories&post=4931"},{"taxonomy":"post_tag","embeddable":true,"href":"https:\/\/antonio-justo.eu\/index.php?rest_route=%2Fwp%2Fv2%2Ftags&post=4931"}],"curies":[{"name":"wp","href":"https:\/\/api.w.org\/{rel}","templated":true}]}}