{"id":4837,"date":"2018-06-12T13:37:48","date_gmt":"2018-06-12T12:37:48","guid":{"rendered":"https:\/\/antonio-justo.eu\/?p=4837"},"modified":"2018-06-12T15:51:59","modified_gmt":"2018-06-12T14:51:59","slug":"governo-alemao-dividido-na-politica-de-refugiados","status":"publish","type":"post","link":"https:\/\/antonio-justo.eu\/?p=4837","title":{"rendered":"GOVERNO ALEM\u00c3O DIVIDIDO NA POL\u00cdTICA DE REFUGIADOS"},"content":{"rendered":"<h2 style=\"text-align: center;\"><strong>O Ministro do Interior quer um Plano para a Alemanha e a Chanceler quer um Plano para a Europa<\/strong><\/h2>\n<p><strong>Ant\u00f3nio Justo<\/strong><\/p>\n<p>A apresenta\u00e7\u00e3o do Plano Mestre de Migra\u00e7\u00e3o do ministro do Interior, Horst Seehofer, marcada para hoje (12.06.2018) foi adiada devido \u00e0 interven\u00e7\u00e3o da chanceler Merkel.<\/p>\n<p>O motivo \u00e9 uma disputa nos bastidores de Berlim com a chanceler \u00c2ngela Merkel. Seehofer quer resolver o problema nacional da imigra\u00e7\u00e3o com medidas jur\u00eddicas nacionais enquanto que a Chanceler quer uma solu\u00e7\u00e3o pol\u00edtica para poder manter as portas da Europa abertas, mas ver a responsabilidade repartida por todos os pa\u00edses membros da EU.<\/p>\n<p>O Plano do ministro viria fortalecer a posi\u00e7\u00e3o dos pa\u00edses europeus que se declaram contra ou s\u00e3o reticentes em rela\u00e7\u00e3o \u00e0 pol\u00edtica de imigra\u00e7\u00e3o de Merkel.\u00a0 Seehofer n\u00e3o quer \u201cum meio Plano com compromissos podres\u201d,\u00a0 quer sim um Plano com medidas \u201cque do meu ponto de vista s\u00e3o necess\u00e1rias para restabelecer a lei e a ordem na Alemanha &#8220;.<\/p>\n<p>O ministro do Interior, quer, de acordo com informa\u00e7\u00f5es do &#8220;Bild am Sonntag&#8221;, que refugiados n\u00e3o documentados e que deportados solicitantes de asilo que desejam retornar \u00e0 Alemanha sejam rejeitados na fronteira. O Plano prev\u00ea tamb\u00e9m a luta contra as causas que motivam a fuga.<\/p>\n<p>Para Merkel, o que conta s\u00e3o os argumentos pol\u00edticos e n\u00e3o os jur\u00eddicos apesar da desordem administrativa consequente na Alemanha e de frequentes informa\u00e7\u00f5es na imprensa de mortes e viola\u00e7\u00f5es provocadas por refugiados mu\u00e7ulmanos.<\/p>\n<p>A n\u00edvel de UE, a Alemanha n\u00e3o pode dar a impress\u00e3o de querer defender os seus interesses nacionais porque ent\u00e3o falharia a sua inten\u00e7\u00e3o de comunitarizar, a n\u00edvel de EU, o problema da imigra\u00e7\u00e3o de refugiados pol\u00edticos e da pobreza.<\/p>\n<p>No fim de Junho os estados membros da UE reunir-se-\u00e3o para decidir da distribui\u00e7\u00e3o de responsabilidades. Da\u00ed o veto de Merkel \u00e0 apresenta\u00e7\u00e3o actual do Plano Mestre de Migra\u00e7\u00e3o do ministro.<\/p>\n<p>O testo da fervura da sociedade alem\u00e3 j\u00e1 faz muito barulho, tanto a n\u00edvel partid\u00e1rio como a n\u00edvel de povo. Que Merkel queira distribuir o mal pelas aldeias \u00e9 compreens\u00edvel. Que pa\u00edses que n\u00e3o fazem o seu neg\u00f3cio nos pa\u00edses de conflito que provocam a emigra\u00e7\u00e3o e devam receber quotas de provenientes desstes pa\u00edses \u00e9 um assunto de que a pol\u00edtica correcta n\u00e3o deve falar!\u00a0 O dinheiro compra tudo, n\u00e3o respeitando sequer a honra das na\u00e7\u00f5es. Vamos ver aonde isto leva!<\/p>\n<p>&nbsp;<\/p>\n<p><strong>Ant\u00f3nio da Cunha Duarte Justo<\/strong><\/p>\n<p>Pegadas do Tempo<\/p>\n","protected":false},"excerpt":{"rendered":"<p>O Ministro do Interior quer um Plano para a Alemanha e a Chanceler quer um Plano para a Europa Ant\u00f3nio Justo A apresenta\u00e7\u00e3o do Plano Mestre de Migra\u00e7\u00e3o do ministro do Interior, Horst Seehofer, marcada para hoje (12.06.2018) foi adiada devido \u00e0 interven\u00e7\u00e3o da chanceler Merkel. O motivo \u00e9 uma disputa nos bastidores de Berlim &hellip; <a href=\"https:\/\/antonio-justo.eu\/?p=4837\" class=\"more-link\">Continuar a ler <span class=\"screen-reader-text\">GOVERNO ALEM\u00c3O DIVIDIDO NA POL\u00cdTICA DE REFUGIADOS<\/span><\/a><\/p>\n","protected":false},"author":1,"featured_media":0,"comment_status":"open","ping_status":"open","sticky":false,"template":"","format":"standard","meta":{"sfsi_plus_gutenberg_text_before_share":"","sfsi_plus_gutenberg_show_text_before_share":"","sfsi_plus_gutenberg_icon_type":"","sfsi_plus_gutenberg_icon_alignemt":"","sfsi_plus_gutenburg_max_per_row":"","footnotes":""},"categories":[15,14,6,7,8],"tags":[],"class_list":["post-4837","post","type-post","status-publish","format-standard","hentry","category-cultura","category-economia","category-migracao","category-politica","category-religiao"],"_links":{"self":[{"href":"https:\/\/antonio-justo.eu\/index.php?rest_route=\/wp\/v2\/posts\/4837","targetHints":{"allow":["GET"]}}],"collection":[{"href":"https:\/\/antonio-justo.eu\/index.php?rest_route=\/wp\/v2\/posts"}],"about":[{"href":"https:\/\/antonio-justo.eu\/index.php?rest_route=\/wp\/v2\/types\/post"}],"author":[{"embeddable":true,"href":"https:\/\/antonio-justo.eu\/index.php?rest_route=\/wp\/v2\/users\/1"}],"replies":[{"embeddable":true,"href":"https:\/\/antonio-justo.eu\/index.php?rest_route=%2Fwp%2Fv2%2Fcomments&post=4837"}],"version-history":[{"count":2,"href":"https:\/\/antonio-justo.eu\/index.php?rest_route=\/wp\/v2\/posts\/4837\/revisions"}],"predecessor-version":[{"id":4839,"href":"https:\/\/antonio-justo.eu\/index.php?rest_route=\/wp\/v2\/posts\/4837\/revisions\/4839"}],"wp:attachment":[{"href":"https:\/\/antonio-justo.eu\/index.php?rest_route=%2Fwp%2Fv2%2Fmedia&parent=4837"}],"wp:term":[{"taxonomy":"category","embeddable":true,"href":"https:\/\/antonio-justo.eu\/index.php?rest_route=%2Fwp%2Fv2%2Fcategories&post=4837"},{"taxonomy":"post_tag","embeddable":true,"href":"https:\/\/antonio-justo.eu\/index.php?rest_route=%2Fwp%2Fv2%2Ftags&post=4837"}],"curies":[{"name":"wp","href":"https:\/\/api.w.org\/{rel}","templated":true}]}}