{"id":4767,"date":"2018-04-28T21:54:35","date_gmt":"2018-04-28T20:54:35","guid":{"rendered":"https:\/\/antonio-justo.eu\/?p=4767"},"modified":"2018-04-28T21:54:35","modified_gmt":"2018-04-28T20:54:35","slug":"liberdade-de-imprensa-2018-qualificada-por-paises","status":"publish","type":"post","link":"https:\/\/antonio-justo.eu\/?p=4767","title":{"rendered":"LIBERDADE DE IMPRENSA 2018 QUALIFICADA POR PA\u00cdSES"},"content":{"rendered":"<h2 style=\"text-align: center;\"><strong>Portugal ocupa o lugar 14 da lista e o Brasil o lugar 102<\/strong><\/h2>\n<p><strong>Ant\u00f3nio Justo<\/strong><\/p>\n<p>Rep\u00f3rteres Sem Fronteiras (<a href=\"https:\/\/rsf.org\/pt\">RSF<\/a>) acaba de publicar (24.04) a lista sobre o estado da liberdade de imprensa no mundo; baseia-se na compara\u00e7\u00e3o da situa\u00e7\u00e3o de jornalistas e meios de comunica\u00e7\u00e3o social em <a href=\"https:\/\/www.reporter-ohne-grenzen.de\/fileadmin\/Redaktion\/Presse\/Downloads\/Ranglisten\/Rangliste_2018\/Rangliste_der_Pressefreiheit_2018_-_Reporter_ohne_Grenzen.pdf\">180 pa\u00edses<\/a>.<\/p>\n<p>Os pa\u00edses mais respeitadores da liberdade de imprensa s\u00e3o a Noruega (n\u00famero 1 na lista), a Su\u00e9cia Lugar 2) os Pa\u00edses Baixos (3) e a Finl\u00e2ndia (4) \u2026 Os \u00faltimos s\u00e3o: Turquemenist\u00e3o (178), Eritreia (179) e Coreia do Norte (180).<\/p>\n<p><strong>Portugal ocupa na lista o lugar 14<\/strong>, Alemanha 15, <strong>Cabo verde<\/strong> 29, Espanha 31, Fran\u00e7a 33, Reino Unido 40, USA 45, It\u00e1lia 46, Pol\u00f3nia 58, Malta 65, Cro\u00e1cia 69, Gr\u00e9cia 74, <strong>Guin\u00e9-Bissau 83<\/strong>, Israel 87, <strong>Timor Leste 95<\/strong>, <strong>Mo\u00e7ambique 99, Brasil 102, Angola 121,<\/strong> R\u00fassia 148, Turquia 157, Ar\u00e1bia Saudita 169, Cuba 172, China 176.<\/p>\n<p><strong>Jornalistas comprovadamente presos devido \u00e0 sua atividade profissional:<\/strong> a Turquia tem 35 jornalistas presos, o Egipto 27, a China 15, a S\u00edria 7, a R\u00fassia 5, o Ir\u00e3o 4, a Ar\u00e1bia Saudita 4, Ucr\u00e2nia 2, etc. A Turquia \u00e9 o pa\u00eds que mais jornalistas tem na cadeia. Para o regime turco, jornalistas cr\u00edticos s\u00e3o apelidados de &#8220;traidores&#8221; e &#8220;terroristas&#8221;.<\/p>\n<p>Entre os <strong>14 jornalistas assassinados<\/strong> contam-se 3 na \u00cdndia, 2 na Palestina, 1 no Brasil.<\/p>\n<p>A base do ranking \u00e9 um question\u00e1rio com 52 perguntas sobre todos os aspectos do trabalho jornal\u00edstico independente, bem como o n\u00famero de ataques, atos de viol\u00eancia e pris\u00f5es contra jornalistas. Informa\u00e7\u00f5es detalhadas sobre a metodologia da classifica\u00e7\u00e3o apresentada: <a href=\"http:\/\/ogy.de\/8g0o\">http:\/\/ogy.de\/8g0o<\/a><\/p>\n<p>A democracia vive da cr\u00edtica, mas, concretamente, <strong>na Europa, o clima social encontra-se cada vez mais intoxicado, assistindo-se a um jornalismo emocional crescente, devido \u00e0 polariza\u00e7\u00e3o dos interesses de uma classe detentora do poder resultante da marcha institucional da revolu\u00e7\u00e3o cultural de 1968 e a uma crescente revolta popular a que aqueles apelidam de populismo. Uns e outros servem-se da imprensa para se difamarem mutuamente<\/strong>. A informa\u00e7\u00e3o torna-se, por vezes, num ve\u00edculo para criar sentimentos e convic\u00e7\u00f5es preconcebidas a gerar na popula\u00e7\u00e3o, independentemente do seu verdadeiro conte\u00fado e documenta\u00e7\u00e3o. Mais que a not\u00edcia importa o resultado que ela provoca.<\/p>\n<p>Da informa\u00e7\u00e3o est\u00e1 dependente a forma\u00e7\u00e3o das opini\u00f5es e o desenvolvimento da opini\u00e3o p\u00fablica. A grande tenta\u00e7\u00e3o, de regimes, ideologias e poderes, ser\u00e1 possuir o dom\u00ednio da informa\u00e7\u00e3o. Com ele refreiam e dirigem as massas.<\/p>\n<p>A <strong>imprensa, como \u201c4\u00b0 poder num Estado\u201d<\/strong> deve ser tratada com cautela. Facto \u00e9 que n\u00e3o h\u00e1 liberdade de imprensa sem liberdade de express\u00e3o. Na nossa sociedade a liberdade de express\u00e3o encontra-se em retirada. O medo do moralismo repressivo (principalmente como estrat\u00e9gia de um esquerdismo radical) leva muitas pessoas pensantes a terem uma tesoura na cabe\u00e7a e deste modo surge uma censura impl\u00edcita que impede muitas pessoas de se expressarem livremente porque despenderiam demasiadas energias para se oporem ao pensar politicamente correcto, interessado, de momento, em fomentar a guerra e o controlo em nome da seguran\u00e7a.<\/p>\n<p>As for\u00e7as do \u00f3dio e da divis\u00e3o polarizam e vivem bem de uma &#8220;cultura&#8221; da confus\u00e3o onde muitos valores humanistas s\u00e3o apresentados como contr\u00e1rios ao progresso e como obst\u00e1culo ao direito do mais forte e \u00e0quele que pode gritar mais alto.<\/p>\n<p>A sociedade encontra-se cada vez mais embrulhada por um estilo de democracia de populismo de cima e de populismo de baixo.<\/p>\n<p><strong>Ant\u00f3nio da Cunha Duarte Justo <\/strong><\/p>\n<p>Pegadas do Tempo<\/p>\n<p>&nbsp;<\/p>\n","protected":false},"excerpt":{"rendered":"<p>Portugal ocupa o lugar 14 da lista e o Brasil o lugar 102 Ant\u00f3nio Justo Rep\u00f3rteres Sem Fronteiras (RSF) acaba de publicar (24.04) a lista sobre o estado da liberdade de imprensa no mundo; baseia-se na compara\u00e7\u00e3o da situa\u00e7\u00e3o de jornalistas e meios de comunica\u00e7\u00e3o social em 180 pa\u00edses. Os pa\u00edses mais respeitadores da liberdade &hellip; <a href=\"https:\/\/antonio-justo.eu\/?p=4767\" class=\"more-link\">Continuar a ler <span class=\"screen-reader-text\">LIBERDADE DE IMPRENSA 2018 QUALIFICADA POR PA\u00cdSES<\/span><\/a><\/p>\n","protected":false},"author":1,"featured_media":0,"comment_status":"open","ping_status":"open","sticky":false,"template":"","format":"standard","meta":{"sfsi_plus_gutenberg_text_before_share":"","sfsi_plus_gutenberg_show_text_before_share":"","sfsi_plus_gutenberg_icon_type":"","sfsi_plus_gutenberg_icon_alignemt":"","sfsi_plus_gutenburg_max_per_row":"","footnotes":""},"categories":[15,4,7,8],"tags":[],"class_list":["post-4767","post","type-post","status-publish","format-standard","hentry","category-cultura","category-educacao","category-politica","category-religiao"],"_links":{"self":[{"href":"https:\/\/antonio-justo.eu\/index.php?rest_route=\/wp\/v2\/posts\/4767","targetHints":{"allow":["GET"]}}],"collection":[{"href":"https:\/\/antonio-justo.eu\/index.php?rest_route=\/wp\/v2\/posts"}],"about":[{"href":"https:\/\/antonio-justo.eu\/index.php?rest_route=\/wp\/v2\/types\/post"}],"author":[{"embeddable":true,"href":"https:\/\/antonio-justo.eu\/index.php?rest_route=\/wp\/v2\/users\/1"}],"replies":[{"embeddable":true,"href":"https:\/\/antonio-justo.eu\/index.php?rest_route=%2Fwp%2Fv2%2Fcomments&post=4767"}],"version-history":[{"count":1,"href":"https:\/\/antonio-justo.eu\/index.php?rest_route=\/wp\/v2\/posts\/4767\/revisions"}],"predecessor-version":[{"id":4768,"href":"https:\/\/antonio-justo.eu\/index.php?rest_route=\/wp\/v2\/posts\/4767\/revisions\/4768"}],"wp:attachment":[{"href":"https:\/\/antonio-justo.eu\/index.php?rest_route=%2Fwp%2Fv2%2Fmedia&parent=4767"}],"wp:term":[{"taxonomy":"category","embeddable":true,"href":"https:\/\/antonio-justo.eu\/index.php?rest_route=%2Fwp%2Fv2%2Fcategories&post=4767"},{"taxonomy":"post_tag","embeddable":true,"href":"https:\/\/antonio-justo.eu\/index.php?rest_route=%2Fwp%2Fv2%2Ftags&post=4767"}],"curies":[{"name":"wp","href":"https:\/\/api.w.org\/{rel}","templated":true}]}}