{"id":4750,"date":"2018-04-14T17:18:47","date_gmt":"2018-04-14T16:18:47","guid":{"rendered":"https:\/\/antonio-justo.eu\/?p=4750"},"modified":"2018-04-14T17:36:42","modified_gmt":"2018-04-14T16:36:42","slug":"ataques-dos-usa-franca-e-reino-unido-contra-a-siria-sem-mandato-da-onu","status":"publish","type":"post","link":"https:\/\/antonio-justo.eu\/?p=4750","title":{"rendered":"ATAQUES DOS USA, FRAN\u00c7A E REINO UNIDO CONTRA A S\u00cdRIA SEM MANDATO DA ONU"},"content":{"rendered":"<h2 style=\"text-align: center;\"><strong>Engano e Propaganda \u00e9 uma T\u00e1tica eficaz<\/strong><\/h2>\n<p><strong>Ant\u00f3nio Justo<\/strong><\/p>\n<p>No teatro das m\u00e1scaras do mundo pol\u00edtico quem pensa em justi\u00e7a, parece n\u00e3o ver bem!<\/p>\n<p>A encena\u00e7\u00e3o dos M\u00e9dia e da Pol\u00edtica como prepara\u00e7\u00e3o do povo para legitimar o ataque feito, a noite passada, \u00e0 S\u00edria foram vergonhosas e humilhantes para cidad\u00e3os adultos e para uma pol\u00edtica acredit\u00e1vel.<\/p>\n<p><strong>Isto \u00e9 indigno de um continente que se quer apresentar como o cavaleiro dos valores e do Direito. A \u201cEuropa dos Valores\u201d agride hoje, sem provas do emprego de g\u00e1s pelo Regime de Assad, tal como fez em 2003 para atacar o Iraque.<\/strong><\/p>\n<p>Os EUA com a Fran\u00e7a e o Reino Unido bombardearam v\u00e1rios alvos na S\u00edria, com base numa suspeita de o Regime de Assad ter usado contra os rebeldes, g\u00e1s venenoso no fim de semana passada. Ao atacarem um aliado da R\u00fassia complica-se a quest\u00e3o. Mas n\u00e3o matando soldados russos nem centros operacionais russos, o problema passa, como \u00e9 comum nestas quest\u00f5es a n\u00e3o o ser!<\/p>\n<p>O presidente franc\u00eas Macron disse que havia evid\u00eancias do emprego de g\u00e1s venenoso, (por quem?) mas n\u00e3o as apresenta. Embara\u00e7oso \u00e9 o facto de horas antes, especialistas da Organiza\u00e7\u00e3o das Na\u00e7\u00f5es Unidas para a Proibi\u00e7\u00e3o de Armas Qu\u00edmicas (OPAQ) terem pretendido visitar Duma (arrabalde de Damasco), no s\u00e1bado, para verificar se tinham sido usadas armas qu\u00edmicas.<\/p>\n<p>Segundo a imprensa alem\u00e3, Merkel, que se tinha negado a participar numa interven\u00e7\u00e3o na S\u00edria, defendeu a a\u00e7\u00e3o militar, classificando-a de &#8220;necess\u00e1ria e apropriada&#8221;, apesar de ter sido feita sem mandato da ONU; os partidos AFD, Verdes e Esquerda criticaram-na como prematura e, al\u00e9m disso, torna-se destruidora de provas.<\/p>\n<p>Assim a discuss\u00e3o perde-se numa quest\u00e3o de opini\u00e3o. O estratega Putin est\u00e1 a sair-se bem desta tristeza.<\/p>\n<p>Segundo o Minist\u00e9rio da Defesa da R\u00fassia, eles conseguiram interceptar 71 dos 103 m\u00edsseis.<\/p>\n<p><strong>Os interesses inatos para uma paz sustent\u00e1vel na Europa constar\u00e3o em fomentar e manter boas rela\u00e7\u00f5es com a R\u00fassia! A longo prazo, o destino europeu depender\u00e1 em grande parte da R\u00fassia que \u00e9 um pa\u00eds &#8220;intercontinental&#8221;.<\/strong><\/p>\n<p>Com esta interven\u00e7\u00e3o militar, Trump desvia as aten\u00e7\u00f5es da sua pessoa na Am\u00e9rica e prepara o caminho para melhores rela\u00e7\u00f5es entre as na\u00e7\u00f5es aliadas.<\/p>\n<p>Engano e propaganda \u00e9 uma t\u00e1tica que sempre funciona. Os motivos para a guerra do Iraque e da L\u00edbia foram mentiras e agora para atacar a S\u00edria baseiam-se em suspeitas.<\/p>\n<p>Se a guerra continuar, mais refugiados haver\u00e1 a quererem entrar na Europa e, muito do povo europeu, em vez de chamar os seus pol\u00edticos \u00e0 raz\u00e3o, encontra o seu alibi na cr\u00edtica aos refugiados.<\/p>\n<p>A raz\u00e3o dos potentados n\u00e3o conhece limites!<\/p>\n<p><strong>Ant\u00f3nio da Cunha Duarte Justo<\/strong><\/p>\n<p>Pegadas do Tempo<\/p>\n","protected":false},"excerpt":{"rendered":"<p>Engano e Propaganda \u00e9 uma T\u00e1tica eficaz Ant\u00f3nio Justo No teatro das m\u00e1scaras do mundo pol\u00edtico quem pensa em justi\u00e7a, parece n\u00e3o ver bem! A encena\u00e7\u00e3o dos M\u00e9dia e da Pol\u00edtica como prepara\u00e7\u00e3o do povo para legitimar o ataque feito, a noite passada, \u00e0 S\u00edria foram vergonhosas e humilhantes para cidad\u00e3os adultos e para uma &hellip; <a href=\"https:\/\/antonio-justo.eu\/?p=4750\" class=\"more-link\">Continuar a ler <span class=\"screen-reader-text\">ATAQUES DOS USA, FRAN\u00c7A E REINO UNIDO CONTRA A S\u00cdRIA SEM MANDATO DA ONU<\/span><\/a><\/p>\n","protected":false},"author":1,"featured_media":0,"comment_status":"open","ping_status":"open","sticky":false,"template":"","format":"standard","meta":{"sfsi_plus_gutenberg_text_before_share":"","sfsi_plus_gutenberg_show_text_before_share":"","sfsi_plus_gutenberg_icon_type":"","sfsi_plus_gutenberg_icon_alignemt":"","sfsi_plus_gutenburg_max_per_row":"","footnotes":""},"categories":[15,14,7],"tags":[],"class_list":["post-4750","post","type-post","status-publish","format-standard","hentry","category-cultura","category-economia","category-politica"],"_links":{"self":[{"href":"https:\/\/antonio-justo.eu\/index.php?rest_route=\/wp\/v2\/posts\/4750","targetHints":{"allow":["GET"]}}],"collection":[{"href":"https:\/\/antonio-justo.eu\/index.php?rest_route=\/wp\/v2\/posts"}],"about":[{"href":"https:\/\/antonio-justo.eu\/index.php?rest_route=\/wp\/v2\/types\/post"}],"author":[{"embeddable":true,"href":"https:\/\/antonio-justo.eu\/index.php?rest_route=\/wp\/v2\/users\/1"}],"replies":[{"embeddable":true,"href":"https:\/\/antonio-justo.eu\/index.php?rest_route=%2Fwp%2Fv2%2Fcomments&post=4750"}],"version-history":[{"count":4,"href":"https:\/\/antonio-justo.eu\/index.php?rest_route=\/wp\/v2\/posts\/4750\/revisions"}],"predecessor-version":[{"id":4754,"href":"https:\/\/antonio-justo.eu\/index.php?rest_route=\/wp\/v2\/posts\/4750\/revisions\/4754"}],"wp:attachment":[{"href":"https:\/\/antonio-justo.eu\/index.php?rest_route=%2Fwp%2Fv2%2Fmedia&parent=4750"}],"wp:term":[{"taxonomy":"category","embeddable":true,"href":"https:\/\/antonio-justo.eu\/index.php?rest_route=%2Fwp%2Fv2%2Fcategories&post=4750"},{"taxonomy":"post_tag","embeddable":true,"href":"https:\/\/antonio-justo.eu\/index.php?rest_route=%2Fwp%2Fv2%2Ftags&post=4750"}],"curies":[{"name":"wp","href":"https:\/\/api.w.org\/{rel}","templated":true}]}}