{"id":4716,"date":"2018-03-14T19:33:29","date_gmt":"2018-03-14T18:33:29","guid":{"rendered":"https:\/\/antonio-justo.eu\/?p=4716"},"modified":"2018-03-15T00:29:54","modified_gmt":"2018-03-14T23:29:54","slug":"alemanha-opta-pela-continuidade-pragmatica-ultrapassando-a-ideologia-pela-direita","status":"publish","type":"post","link":"https:\/\/antonio-justo.eu\/?p=4716","title":{"rendered":"ALEMANHA OPTA PELA CONTINUIDADE PRAGM\u00c1TICA ULTRAPASSANDO A IDEOLOGIA PELA DIREITA"},"content":{"rendered":"<h2 style=\"text-align: center;\"><span style=\"color: #ff0000;\">Governo promete Bem-estar para todos<\/span><\/h2>\n<p>Por Ant\u00f3nio Justo<\/p>\n<p><strong>A Doutora \u00c2ngela Merkel foi hoje (14.03.2018) <a href=\"https:\/\/web.de\/magazine\/politik\/wahlen\/bundestagswahl\/angela-merkel-kanzlerin-gewaehlt-gatte-joachim-sauer-erstmals-kanzlerinnen-wahl-32868986\">eleita<\/a> Chanceler da Alemanha. Foi eleita com 364 votos a favor e 315 contra; 35 deputados da Uni\u00e3o e do SPD votaram contra a Chanceler. A coliga\u00e7\u00e3o conta com 399 deputados, isto \u00e9, com 44 deputados mais do que seria necess\u00e1rio para governar.<\/strong><\/p>\n<p>Depois do juramento da Chanceler seguiu-se o dos 15 ministros do seu gabinete que prestaram, tamb\u00e9m eles, juramento perante o presidente do Bundestag, Wolfgang Sch\u00e4uble (CDU). O Conselho de Ministros reuniu \u00e0s 17 horas para a sua primeira reuni\u00e3o constituinte. O Governo ter\u00e1 mais secret\u00e1rios de Estado que nunca: 1 da CSU, 9 da CDU e 7 do SPD.<\/p>\n<p>Pela primeira vez esteve presente, no acto da elei\u00e7\u00e3o e da posse, o seu marido com o filho e a m\u00e3e de \u00c2ngela Merkel de 89 anos. Com a presen\u00e7a da fam\u00edlia e um juramento de um cargo confiante na &#8220;ajuda de Deus \u201c, a chanceler talvez queira sinalizar que, agora, tamb\u00e9m ser\u00e1 chegada a hora dos alem\u00e3es e n\u00e3o tanto de muitos refugiados mu\u00e7ulmanos que n\u00e3o lhe t\u00eam facilitado a reina\u00e7\u00e3o do Estado.<\/p>\n<p>O sistema \u00c2ngela Merkel ganhou e, com ela, o SPD tamb\u00e9m! Os militantes do SPD com o seu voto de 66%, pela coliga\u00e7\u00e3o demonstraram que o SPD quer assumir responsabilidade pol\u00edtica e ao mesmo tempo permitir-se uma pequena oposi\u00e7\u00e3o dentro do partido para poder convencer mais eleitores nas pr\u00f3ximas elei\u00e7\u00f5es.<\/p>\n<p><strong>Passados seis meses das elei\u00e7\u00f5es parlamentares, volta a governar a coliga\u00e7\u00e3o da maioria CDU\/CSU e SPD. Foi um al\u00edvio para a Alemanha, mas permanece um mau gosto a refugiados na boca do povo e um desafio ao governo. Da resposta a este depender\u00e1 a estabilidade da Alemanha.<\/strong><\/p>\n<p><strong>\u00c0 frente da oposi\u00e7\u00e3o fica o partido AfD que v\u00ea no \u201csistema Merkel\u201d o coveiro da CDU e do SPD e acusa o SPD de, com o seu voto para o novo governo sob a chanceler \u00c2ngela Merkel, \u201cobstruir um novo come\u00e7o pol\u00edtico \u201cna Alemanha.<\/strong><\/p>\n<h2><strong>Planos imediatos da Grande Coliga\u00e7\u00e3o<\/strong><\/h2>\n<p>A CDU quer j\u00e1 um subs\u00eddio de fam\u00edlia especial para que fam\u00edlias com filhos, com ordenado m\u00e9dio, consigam construir casa. Pretendem o reequipamento dos carros a diesel; produtos \u00e0 venda devem conter menos a\u00e7\u00facar, sal e gordura; pretende mudar o modelo da reforma para que a rela\u00e7\u00e3o entre ordenado recebido no tempo activo e a reforma a receber no tempo passivo n\u00e3o des\u00e7a abaixo dos 48% do ordenado. Quer ainda favorecer queixas colectivas em tribunal (como no esc\u00e2ndalo dos carros diesel).<\/p>\n<p>A partir de 1.01.2019 as contribui\u00e7\u00f5es para o seguro de sa\u00fade devem ser suportadas em partes iguais por empregadores e empregados. O Estado federal disponibilizar\u00e1 500 milh\u00f5es para creches. Em agosto ser\u00e1 determinado um sal\u00e1rio m\u00ednimo para jovens em forma\u00e7\u00e3o a entrar em vigor em 2020. Uma comiss\u00e3o deve preparar propostas para a \u201eigualdade de condi\u00e7\u00f5es de vida&#8221; na cidade e no campo. Al\u00e9m disso uma comiss\u00e3o deve preparar propostas para uma reforma de vencimentos e taxas para m\u00e9dicos. Em 2020 devem ser criadas mais 100.000 Pontos de carga adicionais para ve\u00edculos el\u00e9tricos.<\/p>\n<p>Plano para 2021 \u00e9 aumentar o abono de fam\u00edlia em 15 euros por crian\u00e7a e m\u00eas. A taxa de solidariedade deve ser reduzida de 10 bilh\u00f5es de euros e devem ser disponibilizados dois bilh\u00f5es de euros para creches.<\/p>\n<p><strong>Abono de Fam\u00edlia<\/strong><\/p>\n<p>O abono de fam\u00edlia sobe 10 euros por m\u00eas e crian\u00e7a, no dia 1 de julho deste ano. Atualmente o primeiro e o segundo filho recebem de abono de fam\u00edlia 194 \u20ac cada um; o terceiro 200\u20ac e os filhos a partir do quarto recebem 225\u20ac mensais cada um.<\/p>\n<p>&nbsp;<\/p>\n<p><strong>Pol\u00edtica da EU<\/strong><\/p>\n<p>A Alemanha e a Fran\u00e7a pretendem a cria\u00e7\u00e3o de um fundo monet\u00e1rio europeu, e a cria\u00e7\u00e3o e a gest\u00e3o do seu pr\u00f3prio or\u00e7amento numa uni\u00e3o monet\u00e1ria ou at\u00e9 mesmo um ministro das Finan\u00e7as da EU.<\/p>\n<p>Oito ministros das finan\u00e7as dos Pa\u00edses baixos, Dinamarca, Irlanda, Su\u00e9cia, Finl\u00e2ndia e dos Estados B\u00e1lticos enviaram uma carta comum para Bruxelas; nela protesta contra a ideia de transfer\u00eancia de compet\u00eancias adicionais para Brussel.<\/p>\n<p>O medo de uma Alemanha e Fran\u00e7a, como motor demasiado forte da Europa, mete medo a muitos. Por outro lado, a Alemanha e alguns Estados economicamente fortes da EU n\u00e3o est\u00e3o de acordo que a EU assuma responsabilidade comum em rela\u00e7\u00e3o aos pa\u00edses da EU que causam preocupa\u00e7\u00f5es.<\/p>\n<p>Na pr\u00f3xima cimeira de Bruxelas os 28 chefes do estado e os chefes do governo, ter\u00e3o uma agenda recheada A Chanceler pretende fazer propostas de reforma da EU e viaja em breve a Paris para, com o presidente Emmanuel Macron, preparar a cimeira do Conselho da Europa de 22\/23 de Mar\u00e7o; al\u00e9m <strong>da pol\u00edtica europeia tamb\u00e9m a engrenagem da pol\u00edtica migrat\u00f3ria e da defesa.<\/strong><\/p>\n<h2><strong>A maturidade alem\u00e3<\/strong><\/h2>\n<p><strong>Como povo forte e rico n\u00e3o aposta na revolu\u00e7\u00e3o; vai-se antecipando-se a ela, praticando a mudan\u00e7a no cont\u00ednuo do dia-a-dia.\u00a0 <\/strong><\/p>\n<p><strong>O anseio do povo por paz e equil\u00edbrio levou o SPD (com 66% dos votantes) a possibilitar a reposi\u00e7\u00e3o da grande coliga\u00e7\u00e3o CDU\/CSU e SPD na frente da Alemanha. A decis\u00e3o democr\u00e1tica do partido em defesa da coliga\u00e7\u00e3o revelou-se como uma recusa da ideologia em favor do centro pragm\u00e1tico. <\/strong><\/p>\n<p>A Alemanha, como na\u00e7\u00e3o poderosa e experiente, sabe que as utopias ideol\u00f3gicas de posi\u00e7\u00f5es extremistas s\u00e3o de tolerar, porque mexem com a massa, mas tamb\u00e9m est\u00e1 consciente de que com ideologias n\u00e3o se faz p\u00e3o.<\/p>\n<p><strong>A sociedade gerou a sua esquerda alem\u00e3 um pouco mais civilizada, que, como tal, deixa cada vez mais a ideologia do contra para entrar numa cultura do compromisso. Na falta de utopias, a pr\u00f3pria esquerda ideol\u00f3gica jacobina atua j\u00e1 mais guiada pela t\u00e1tica do que pela convic\u00e7\u00e3o; assim reconhece que o barulho da sua qualidade de oposi\u00e7\u00e3o \u00e9 mais feito para satisfazer os esp\u00edritos e as margens mais amantes dos z\u00e9s-pereiras. Isto porque est\u00e1 consciente de que o pragmatismo do centro est\u00e1 atento para atempadamente iniciar as mudan\u00e7as necess\u00e1rias.<\/strong><\/p>\n<p>Uma sociedade mais macia quer tamb\u00e9m mais equil\u00edbrio entre as energias masculinas e femininas. Procura compensar a masculinidade do capital e da tecnologia pretendendo redirigir o progresso mais no sentido da natureza e da sociedade<\/p>\n<p>Com a forma\u00e7\u00e3o de um governo de grande coliga\u00e7\u00e3o, a Alemanha optou pela continuidade pragm\u00e1tica deixando a ideologia \u00e0 margem, ultrapassando-a pela direita.<\/p>\n<p><strong>Ant\u00f3nio da Cunha Duarte Justo<\/strong><\/p>\n<p>Pegadas do Tempo,<\/p>\n","protected":false},"excerpt":{"rendered":"<p>Governo promete Bem-estar para todos Por Ant\u00f3nio Justo A Doutora \u00c2ngela Merkel foi hoje (14.03.2018) eleita Chanceler da Alemanha. Foi eleita com 364 votos a favor e 315 contra; 35 deputados da Uni\u00e3o e do SPD votaram contra a Chanceler. A coliga\u00e7\u00e3o conta com 399 deputados, isto \u00e9, com 44 deputados mais do que seria &hellip; <a href=\"https:\/\/antonio-justo.eu\/?p=4716\" class=\"more-link\">Continuar a ler <span class=\"screen-reader-text\">ALEMANHA OPTA PELA CONTINUIDADE PRAGM\u00c1TICA ULTRAPASSANDO A IDEOLOGIA PELA DIREITA<\/span><\/a><\/p>\n","protected":false},"author":1,"featured_media":0,"comment_status":"open","ping_status":"open","sticky":false,"template":"","format":"standard","meta":{"sfsi_plus_gutenberg_text_before_share":"","sfsi_plus_gutenberg_show_text_before_share":"","sfsi_plus_gutenberg_icon_type":"","sfsi_plus_gutenberg_icon_alignemt":"","sfsi_plus_gutenburg_max_per_row":"","footnotes":""},"categories":[15,14,6,7,1],"tags":[],"class_list":["post-4716","post","type-post","status-publish","format-standard","hentry","category-cultura","category-economia","category-migracao","category-politica","category-sem-categoria"],"_links":{"self":[{"href":"https:\/\/antonio-justo.eu\/index.php?rest_route=\/wp\/v2\/posts\/4716","targetHints":{"allow":["GET"]}}],"collection":[{"href":"https:\/\/antonio-justo.eu\/index.php?rest_route=\/wp\/v2\/posts"}],"about":[{"href":"https:\/\/antonio-justo.eu\/index.php?rest_route=\/wp\/v2\/types\/post"}],"author":[{"embeddable":true,"href":"https:\/\/antonio-justo.eu\/index.php?rest_route=\/wp\/v2\/users\/1"}],"replies":[{"embeddable":true,"href":"https:\/\/antonio-justo.eu\/index.php?rest_route=%2Fwp%2Fv2%2Fcomments&post=4716"}],"version-history":[{"count":2,"href":"https:\/\/antonio-justo.eu\/index.php?rest_route=\/wp\/v2\/posts\/4716\/revisions"}],"predecessor-version":[{"id":4718,"href":"https:\/\/antonio-justo.eu\/index.php?rest_route=\/wp\/v2\/posts\/4716\/revisions\/4718"}],"wp:attachment":[{"href":"https:\/\/antonio-justo.eu\/index.php?rest_route=%2Fwp%2Fv2%2Fmedia&parent=4716"}],"wp:term":[{"taxonomy":"category","embeddable":true,"href":"https:\/\/antonio-justo.eu\/index.php?rest_route=%2Fwp%2Fv2%2Fcategories&post=4716"},{"taxonomy":"post_tag","embeddable":true,"href":"https:\/\/antonio-justo.eu\/index.php?rest_route=%2Fwp%2Fv2%2Ftags&post=4716"}],"curies":[{"name":"wp","href":"https:\/\/api.w.org\/{rel}","templated":true}]}}