{"id":4571,"date":"2017-12-07T16:14:04","date_gmt":"2017-12-07T15:14:04","guid":{"rendered":"https:\/\/antonio-justo.eu\/?p=4571"},"modified":"2017-12-07T18:09:56","modified_gmt":"2017-12-07T17:09:56","slug":"jerusalem-e-o-coracao-de-civilizacoes-e-tambem-o-seu-barril-de-polvora","status":"publish","type":"post","link":"https:\/\/antonio-justo.eu\/?p=4571","title":{"rendered":"JERUSAL\u00c9M \u00c9 O CORA\u00c7\u00c3O DE CIVILIZA\u00c7\u00d5ES E TAMB\u00c9M O SEU BARRIL DE P\u00d3LVORA"},"content":{"rendered":"<h2 style=\"text-align: center;\"><strong>Tump reconhece Jerusal\u00e9m como Capital de Israel<\/strong><\/h2>\n<p><strong>Jerusal\u00e9m, \u00e9 uma cidade dividida entre os interesses de judeus, mu\u00e7ulmanos e crist\u00e3os.<\/strong> \u00c9 o <strong>lugar da inquieta\u00e7\u00e3o! \u00a0No ano 70 os romanos detruiram o templo de Jerusalem querendo com isso destruir a identidade dos judeus. Os romanos deram <\/strong><strong><a href=\"http:\/\/ensinandodesiao.org.br\/artigos-e-estudos\/historia-e-significado-de-palestina-e-palestinos\/\">o nome de palestina \u00e0 terra de Israel<\/a><\/strong><strong> para humilhar os judeus. Com a conquista mu\u00e7ulmana tornou-se num dos motivos para as cruzadas e hoje mantem-se como chama acesa de conflitos internacionais.<\/strong><\/p>\n<p>Com o reconhecimento de Jerusal\u00e9m como capital de Israel, pelos EUA, surgir\u00e1 uma escala\u00e7\u00e3o da viol\u00eancia, no sempre moribundo, mas artificialmente preservado processo de paz (entre palestinenses e Israel); com este acto fica tamb\u00e9m congelada a ideia de Clinton da solu\u00e7\u00e3o de dois Estados e o mundo \u00e1rabe encontra mais um alibi para desviar as aten\u00e7\u00f5es da sua m\u00e1 administra\u00e7\u00e3o e das guerrilhas entre irm\u00e3os.<\/p>\n<p><strong>O status de Jerusal\u00e9m<\/strong> \u00e9 uma <strong>quest\u00e3o especialmente controversa entre Israel e os palestinenses. A guerra e a paz na zona dependem dos interesses internacionais do mudo \u00e1rabe e do mundo ocidental. Neste contexto permanece o conflito como a solu\u00e7\u00e3o real para Israel e palestinenses. <\/strong><\/p>\n<p>Em 1947 a ONU declarou-se por uma administra\u00e7\u00e3o internacional da cidade; Jerusal\u00e9m \u00e9 considerada o lugar sagrado de Judeus, crist\u00e3os e muculmanos; deste modo evitar-se-ia o conflito entre culturas numa cidade onde vivem 542.000 judeus e 324.000 \u00e1rabes. Estima-se que na parte oriental da cidade vivem 200.000 colonos israelenses e 300.000 palestinenses (HNA 7.12.2017).<\/p>\n<p>Bill Clinton (2000) prop\u00f4s a devis\u00e3o da cidade em parte judia e parte mu\u00e7ulmana. Na guerra de 1948 Israel ocupou a parte ocidental da cidade e Jord\u00e2nia a parte oriental. Deste modo a cidade encontra-se dividida. Jord\u00e2nia administra os lugares santos isl\u00e2micos da parte ocidental; a Jord\u00e2nia reconheceu Israel como Estado em 1994, mas n\u00e3o aceita a anexa\u00e7\u00e3o da parte oriental feita por Israel. Na guerra dos seis dias de 1967 Israel conquistou a parte oriental e reivindica desde ent\u00e3o toda a cidade como \u201ccapital eterna e indivis\u00edvel\u201d e n\u00e3o aceita a pretens\u00e3o palestinense de fazer da parte oriental a capital de um estado palestinense independente.<\/p>\n<p>Um dos focos das tens\u00f5es religiosas vem do facto do Monte do Templo, onde outrora estava o templo dos judeus, se encontrar sob administra\u00e7\u00e3o mu\u00e7ulmana e com a mesquita mu\u00e7ulmana Al-Aksa. No muro das lamenta\u00e7\u00f5es que suportava a parte ocidental do templo judeu, destru\u00eddo pelos romanos no ano 70, reunem-se os judeus nas lamenta\u00e7\u00f5es. \u00a0Em Jerusal\u00e9m encontram-se tamb\u00e9m lugares de refer\u00eancia cist\u00e3 muito importantes, entre eles o Santo Sepulcro.<\/p>\n<p>Infelizmente este lugar da inquieta\u00e7\u00e3o inquieta n\u00e3o s\u00f3 palestinenses e judeus, mas tamb\u00e9m partes das sociedades que se definem e afirmam no ser contra uns ou contra outros!\u00a0<\/p>\n<p><strong>Ant\u00f3nio da Cunha Duarte Justo<\/strong><\/p>\n<p>Pegadas do Tempo<\/p>\n","protected":false},"excerpt":{"rendered":"<p>Tump reconhece Jerusal\u00e9m como Capital de Israel Jerusal\u00e9m, \u00e9 uma cidade dividida entre os interesses de judeus, mu\u00e7ulmanos e crist\u00e3os. \u00c9 o lugar da inquieta\u00e7\u00e3o! \u00a0No ano 70 os romanos detruiram o templo de Jerusalem querendo com isso destruir a identidade dos judeus. Os romanos deram o nome de palestina \u00e0 terra de Israel para &hellip; <a href=\"https:\/\/antonio-justo.eu\/?p=4571\" class=\"more-link\">Continuar a ler <span class=\"screen-reader-text\">JERUSAL\u00c9M \u00c9 O CORA\u00c7\u00c3O DE CIVILIZA\u00c7\u00d5ES E TAMB\u00c9M O SEU BARRIL DE P\u00d3LVORA<\/span><\/a><\/p>\n","protected":false},"author":1,"featured_media":0,"comment_status":"open","ping_status":"open","sticky":false,"template":"","format":"standard","meta":{"sfsi_plus_gutenberg_text_before_share":"","sfsi_plus_gutenberg_show_text_before_share":"","sfsi_plus_gutenberg_icon_type":"","sfsi_plus_gutenberg_icon_alignemt":"","sfsi_plus_gutenburg_max_per_row":"","footnotes":""},"categories":[15,6,7,8],"tags":[],"class_list":["post-4571","post","type-post","status-publish","format-standard","hentry","category-cultura","category-migracao","category-politica","category-religiao"],"_links":{"self":[{"href":"https:\/\/antonio-justo.eu\/index.php?rest_route=\/wp\/v2\/posts\/4571","targetHints":{"allow":["GET"]}}],"collection":[{"href":"https:\/\/antonio-justo.eu\/index.php?rest_route=\/wp\/v2\/posts"}],"about":[{"href":"https:\/\/antonio-justo.eu\/index.php?rest_route=\/wp\/v2\/types\/post"}],"author":[{"embeddable":true,"href":"https:\/\/antonio-justo.eu\/index.php?rest_route=\/wp\/v2\/users\/1"}],"replies":[{"embeddable":true,"href":"https:\/\/antonio-justo.eu\/index.php?rest_route=%2Fwp%2Fv2%2Fcomments&post=4571"}],"version-history":[{"count":3,"href":"https:\/\/antonio-justo.eu\/index.php?rest_route=\/wp\/v2\/posts\/4571\/revisions"}],"predecessor-version":[{"id":4574,"href":"https:\/\/antonio-justo.eu\/index.php?rest_route=\/wp\/v2\/posts\/4571\/revisions\/4574"}],"wp:attachment":[{"href":"https:\/\/antonio-justo.eu\/index.php?rest_route=%2Fwp%2Fv2%2Fmedia&parent=4571"}],"wp:term":[{"taxonomy":"category","embeddable":true,"href":"https:\/\/antonio-justo.eu\/index.php?rest_route=%2Fwp%2Fv2%2Fcategories&post=4571"},{"taxonomy":"post_tag","embeddable":true,"href":"https:\/\/antonio-justo.eu\/index.php?rest_route=%2Fwp%2Fv2%2Ftags&post=4571"}],"curies":[{"name":"wp","href":"https:\/\/api.w.org\/{rel}","templated":true}]}}