{"id":4567,"date":"2017-12-06T14:28:16","date_gmt":"2017-12-06T13:28:16","guid":{"rendered":"https:\/\/antonio-justo.eu\/?p=4567"},"modified":"2017-12-06T14:51:04","modified_gmt":"2017-12-06T13:51:04","slug":"ao-servico-da-confusao-de-ideias-martires-igualados-a-assassinos","status":"publish","type":"post","link":"https:\/\/antonio-justo.eu\/?p=4567","title":{"rendered":"M\u00c1RTIRES IGUALADOS A ASSASSINOS &#8211; AO SERVI\u00c7O DA CONFUS\u00c3O DE IDEIAS E DA DEPRAVA\u00c7\u00c3O DE VALORES"},"content":{"rendered":"<h2 style=\"text-align: center;\">&#8220;Museu dos M\u00e1rtires&#8221;<\/h2>\n<p>Em Kreuzberg, Berlim, a exposi\u00e7\u00e3o \u201cmuseu dos m\u00e1rtires\u201d mostra pessoas que deram a sua vida em defesa de convic\u00e7\u00f5es. Ao lado de S\u00f3crates e de Martin Luther King (her\u00f3i dos EUA assassinado por defender os direitos civis dos afroamericanos) encontra-se tamb\u00e9m o terrorista Mohamed Atta (que usou um avi\u00e3o como arma em 11.09.2001 contra o World Center matando-se e com ele mais de 3.000 pessoas); na mesma exposi\u00e7\u00e3o tamb\u00e9m se encontra a foto de Ismael Omar Mostefai, um dos assassinos de Paris 2015, onde 90 pessoas foram assassinadas. A instala\u00e7\u00e3o da exposi\u00e7\u00e3o transforma assassinos em m\u00e1rtires.<\/p>\n<p>Deste mpdo quer-se, certamente, banalizar a ideia de her\u00f3i, de bem e de mal.<\/p>\n<p>\u00a0A exposix\u00e7\u00e3o j\u00e1 tinha sido posta ao p\u00fablico em Copenhagen.<\/p>\n<p>A organizadora da exposi\u00e7\u00e3o \u00e9 a associa\u00e7\u00e3o Nordwind, que \u00e9 co-financiada com o dinheiro dos contribuintes (HNA 6.12.2017).<\/p>\n<p>A instala\u00e7\u00e3o segue hoje para Hamburgo. Beatrix von Storch inicioou medidas jur\u00eddicas contra os organizadores.<\/p>\n<p>A iniciativa encontra-se na linha de uma onda ocidental que quer baralhar ideias para criar confus\u00e3o no povo e assim destruir valores.<\/p>\n<p>Quer-se construir uma sociedade relativista que legitime o dogmatismo individualista e prescinda do assumir responsabilidade, pelo que se faz ou deixa de fazer. Joseph Aloisius Ratzinger dizia: \u201cN\u00f3s estamos a caminho de uma ditadura do relativismo que n\u00e3o reconhece nada como definitivo e tem como valor m\u00e1ximo o ego e os desejos individuais\u201d.<\/p>\n<p>Ao prescindir-se da procura da verdade d\u00e1-se plenos poderes a for\u00e7as an\u00f3nimas que nos compram a troco da impress\u00e3o de que somos os maiores.<\/p>\n<p><strong>Ant\u00f3nio da Cunha Duarte Justo<\/strong><\/p>\n<p>Pegadas do Tempo.<\/p>\n","protected":false},"excerpt":{"rendered":"<p>&#8220;Museu dos M\u00e1rtires&#8221; Em Kreuzberg, Berlim, a exposi\u00e7\u00e3o \u201cmuseu dos m\u00e1rtires\u201d mostra pessoas que deram a sua vida em defesa de convic\u00e7\u00f5es. Ao lado de S\u00f3crates e de Martin Luther King (her\u00f3i dos EUA assassinado por defender os direitos civis dos afroamericanos) encontra-se tamb\u00e9m o terrorista Mohamed Atta (que usou um avi\u00e3o como arma em &hellip; <a href=\"https:\/\/antonio-justo.eu\/?p=4567\" class=\"more-link\">Continuar a ler <span class=\"screen-reader-text\">M\u00c1RTIRES IGUALADOS A ASSASSINOS &#8211; AO SERVI\u00c7O DA CONFUS\u00c3O DE IDEIAS E DA DEPRAVA\u00c7\u00c3O DE VALORES<\/span><\/a><\/p>\n","protected":false},"author":1,"featured_media":0,"comment_status":"open","ping_status":"open","sticky":false,"template":"","format":"standard","meta":{"sfsi_plus_gutenberg_text_before_share":"","sfsi_plus_gutenberg_show_text_before_share":"","sfsi_plus_gutenberg_icon_type":"","sfsi_plus_gutenberg_icon_alignemt":"","sfsi_plus_gutenburg_max_per_row":"","footnotes":""},"categories":[3,15,4,5,6,7,8],"tags":[],"class_list":["post-4567","post","type-post","status-publish","format-standard","hentry","category-arte","category-cultura","category-educacao","category-escola","category-migracao","category-politica","category-religiao"],"_links":{"self":[{"href":"https:\/\/antonio-justo.eu\/index.php?rest_route=\/wp\/v2\/posts\/4567","targetHints":{"allow":["GET"]}}],"collection":[{"href":"https:\/\/antonio-justo.eu\/index.php?rest_route=\/wp\/v2\/posts"}],"about":[{"href":"https:\/\/antonio-justo.eu\/index.php?rest_route=\/wp\/v2\/types\/post"}],"author":[{"embeddable":true,"href":"https:\/\/antonio-justo.eu\/index.php?rest_route=\/wp\/v2\/users\/1"}],"replies":[{"embeddable":true,"href":"https:\/\/antonio-justo.eu\/index.php?rest_route=%2Fwp%2Fv2%2Fcomments&post=4567"}],"version-history":[{"count":3,"href":"https:\/\/antonio-justo.eu\/index.php?rest_route=\/wp\/v2\/posts\/4567\/revisions"}],"predecessor-version":[{"id":4570,"href":"https:\/\/antonio-justo.eu\/index.php?rest_route=\/wp\/v2\/posts\/4567\/revisions\/4570"}],"wp:attachment":[{"href":"https:\/\/antonio-justo.eu\/index.php?rest_route=%2Fwp%2Fv2%2Fmedia&parent=4567"}],"wp:term":[{"taxonomy":"category","embeddable":true,"href":"https:\/\/antonio-justo.eu\/index.php?rest_route=%2Fwp%2Fv2%2Fcategories&post=4567"},{"taxonomy":"post_tag","embeddable":true,"href":"https:\/\/antonio-justo.eu\/index.php?rest_route=%2Fwp%2Fv2%2Ftags&post=4567"}],"curies":[{"name":"wp","href":"https:\/\/api.w.org\/{rel}","templated":true}]}}