{"id":4520,"date":"2017-11-11T21:24:16","date_gmt":"2017-11-11T20:24:16","guid":{"rendered":"https:\/\/antonio-justo.eu\/?p=4520"},"modified":"2017-11-11T21:24:16","modified_gmt":"2017-11-11T20:24:16","slug":"a-cimeira-web-summit-terminou-com-um-evento-de-mau-gosto","status":"publish","type":"post","link":"https:\/\/antonio-justo.eu\/?p=4520","title":{"rendered":"A CIMEIRA WEB SUMMIT TERMINOU COM UM EVENTO DE MAU GOSTO"},"content":{"rendered":"<h2 style=\"text-align: center;\"><strong>Tecnologia aproveita-se da Sombra dos Mortos<\/strong><\/h2>\n<p><strong>Ant\u00f3nio Justo<\/strong><\/p>\n<p>Que a tecnologia venha a revolucionar a nossa maneira de viver ser\u00e1 um facto, mas que cimeiras de tecnologia sejam aproveitadas para propagar ideologias n\u00e3o abona em favor de seriedade cient\u00edfica.<\/p>\n<p>A cimeira Web Summit (6 a 9 de novembro em Lisboa) fez o seu jantar de despedida no Pante\u00e3o Nacional, entre os t\u00famulos. Em si, um desejo pio de acabar com a morte.<\/p>\n<p>O evento at\u00e9 parece inocente! Mas torna-se num acto com imensa densidade simb\u00f3lica! Na par\u00f3dia da vida, a malta desta \u201cfarra\u201e, embora junta em Lisboa, n\u00e3o conhece a festa portuguesa que \u00e9 humana e universal (\u00e9 povo) n\u00e3o se esgotando nas farras, porque estas s\u00f3 s\u00e3o para alguns! Que pena, a falta de gosto que deixa!<\/p>\n<p>Escolhem lugares altos da cultura para se celebrarem no desrespeito da tradi\u00e7\u00e3o, dos vivos e dos mortos! \u00c0 vaidade das elites celebrada no Pante\u00e3o junta-se o cinismo dos niilistas que quereriam ver o fim da civiliza\u00e7\u00e3o ocidental aproveitando toda a oportunidade para atacar precipitadamente tabus.<\/p>\n<p>\u00a0Neste gesto revela-se a vontade da agenda mundial niilista! Primeiro acabar com Deus, depois acabar com a religi\u00e3o para finalmente acabarem com a dignidade humana!<\/p>\n<p>No Portugal do cinismo e da inoc\u00eancia, podem permitir-se isso: profanar a calmaria dos restos mortais, porque \u00e9 terreno prop\u00edcio para se dar nas vistas. A preserva\u00e7\u00e3o da paz dos mortos baseia-se no sentimento de piedade (e em tabus); esta \u00e9 abusada quando se torna numa tentativa deliberada de desacreditar um falecido ou sua filia\u00e7\u00e3o religiosa ou grupal. (A educa\u00e7\u00e3o m\u00e9dica e a pesquisa nos cad\u00e1veres n\u00e3o perturbam a paz dos mortos se forem baseados no consentimento das pessoas ainda em vida.<\/p>\n<p>Hoje, a n\u00edvel \u00e9tico \u00e9 mais f\u00e1cil a disposi\u00e7\u00e3o para seguir a in\u00e9rcia e a entropia, distrai-se o povo e faz-se o neg\u00f3cio com o apoio do esc\u00e2ndalo. Portugal quer estar \u00e0 frente da agenda do niilismo na destrui\u00e7\u00e3o dos valores que o fizeram crescer e aparecer.<\/p>\n<p>Tudo isto parece fazer parte de uma agenda j\u00e1 iniciada noutros sectores, se n\u00e3o me falha a mem\u00f3ria, nos anos 90 pela organiza\u00e7\u00e3o mundial da sa\u00fade; pol\u00edtica de educa\u00e7\u00e3o sexual escolar, etc.<\/p>\n<p>Apesar de bons aspectos da WEB Summit, o evento final revela-se, como fazendo parte do cumprimento de uma agenda internacional, na linha da destrui\u00e7\u00e3o de valores que apontem para o respeito da pessoa. Em nome do progresso tudo se torna leg\u00edtimo. Isto \u00e9 poss\u00edvel numa civiliza\u00e7\u00e3o decadente. O mesmo n\u00e3o fariam um pa\u00eds mu\u00e7ulmano nem t\u00e3o-pouco na China! \u00a0Sim ao desenvolvimento e ao uso da tecnologia, mas n\u00e3o ao seu abuso!<\/p>\n<p><strong>Ant\u00f3nio da Cunha Duarte Justo<\/strong><\/p>\n","protected":false},"excerpt":{"rendered":"<p>Tecnologia aproveita-se da Sombra dos Mortos Ant\u00f3nio Justo Que a tecnologia venha a revolucionar a nossa maneira de viver ser\u00e1 um facto, mas que cimeiras de tecnologia sejam aproveitadas para propagar ideologias n\u00e3o abona em favor de seriedade cient\u00edfica. A cimeira Web Summit (6 a 9 de novembro em Lisboa) fez o seu jantar de &hellip; <a href=\"https:\/\/antonio-justo.eu\/?p=4520\" class=\"more-link\">Continuar a ler <span class=\"screen-reader-text\">A CIMEIRA WEB SUMMIT TERMINOU COM UM EVENTO DE MAU GOSTO<\/span><\/a><\/p>\n","protected":false},"author":1,"featured_media":0,"comment_status":"open","ping_status":"open","sticky":false,"template":"","format":"standard","meta":{"sfsi_plus_gutenberg_text_before_share":"","sfsi_plus_gutenberg_show_text_before_share":"","sfsi_plus_gutenberg_icon_type":"","sfsi_plus_gutenberg_icon_alignemt":"","sfsi_plus_gutenburg_max_per_row":"","footnotes":""},"categories":[15,4,7],"tags":[],"class_list":["post-4520","post","type-post","status-publish","format-standard","hentry","category-cultura","category-educacao","category-politica"],"_links":{"self":[{"href":"https:\/\/antonio-justo.eu\/index.php?rest_route=\/wp\/v2\/posts\/4520","targetHints":{"allow":["GET"]}}],"collection":[{"href":"https:\/\/antonio-justo.eu\/index.php?rest_route=\/wp\/v2\/posts"}],"about":[{"href":"https:\/\/antonio-justo.eu\/index.php?rest_route=\/wp\/v2\/types\/post"}],"author":[{"embeddable":true,"href":"https:\/\/antonio-justo.eu\/index.php?rest_route=\/wp\/v2\/users\/1"}],"replies":[{"embeddable":true,"href":"https:\/\/antonio-justo.eu\/index.php?rest_route=%2Fwp%2Fv2%2Fcomments&post=4520"}],"version-history":[{"count":1,"href":"https:\/\/antonio-justo.eu\/index.php?rest_route=\/wp\/v2\/posts\/4520\/revisions"}],"predecessor-version":[{"id":4521,"href":"https:\/\/antonio-justo.eu\/index.php?rest_route=\/wp\/v2\/posts\/4520\/revisions\/4521"}],"wp:attachment":[{"href":"https:\/\/antonio-justo.eu\/index.php?rest_route=%2Fwp%2Fv2%2Fmedia&parent=4520"}],"wp:term":[{"taxonomy":"category","embeddable":true,"href":"https:\/\/antonio-justo.eu\/index.php?rest_route=%2Fwp%2Fv2%2Fcategories&post=4520"},{"taxonomy":"post_tag","embeddable":true,"href":"https:\/\/antonio-justo.eu\/index.php?rest_route=%2Fwp%2Fv2%2Ftags&post=4520"}],"curies":[{"name":"wp","href":"https:\/\/api.w.org\/{rel}","templated":true}]}}