{"id":4503,"date":"2017-11-08T21:48:14","date_gmt":"2017-11-08T20:48:14","guid":{"rendered":"https:\/\/antonio-justo.eu\/?p=4503"},"modified":"2017-11-08T22:58:18","modified_gmt":"2017-11-08T21:58:18","slug":"espanha-democracia-contra-democracia","status":"publish","type":"post","link":"https:\/\/antonio-justo.eu\/?p=4503","title":{"rendered":"ESPANHA: DEMOCRACIA CONTRA Democracia"},"content":{"rendered":"<h2 style=\"text-align: center;\"><strong>Estado de Direito faz Aprisionamentos por Raz\u00f5es pol\u00edticas<\/strong><\/h2>\n<p><strong>Ant\u00f3nio Justo<\/strong><\/p>\n<p>No contencioso entre Madrid e Barcelona n\u00e3o se est\u00e1 a fazer uso do Direito contra infrac\u00e7\u00f5es criminais, o que se est\u00e1 a dar \u00e9 pol\u00edtica contra pol\u00edtica! O Governo democraticamente eleito de Madrid, n\u00e3o quer resolver assuntos pol\u00edticos no foro pol\u00edtico; Mariano Rajoy prefere comprometer o direito, mandando prender 8 Conselheiros do governo da Catalunha democraticamente eleito! Carles Puigdemont com outros quatro pol\u00edticos encontram-se \u201crefugiados\u201d na B\u00e9lgica; estes foram agora visitados por 200 autarcas catal\u00e3es apoiantes. O assunto \u00e9 demasiado complexo e triste para todos, n\u00e3o podendo ser resolvido com uma simples opini\u00e3o do pr\u00f3 ou do contra. Aqui seria mais adequada uma posi\u00e7\u00e3o mais conforme \u00e0 mentalidade cat\u00f3lica portuguesa do &#8220;n\u00e3o s\u00f3&#8230;, mas tamb\u00e9m&#8221;! (Em caso extremo, ora-se pelo r\u00e9u!&#8230;)<\/p>\n<p>Autoritarismos, precipita\u00e7\u00f5es dos dois lados e a falta de di\u00e1logo criam situa\u00e7\u00f5es embara\u00e7osas para todos. Rivalidades e nacionalismos encontram aqui uma manjedoura abarrotada; tamb\u00e9m na B\u00e9lgica!<\/p>\n<p>Enfim, democracia contra democracia! E o povo que as pague! Na secura da governa\u00e7\u00e3o as ruas enchem-se de povo a passear a democracia, na sombra da paisagem. Tudo quer, tudo acusa, mas a culpa \u00e9 do ver\u00e3o.<\/p>\n<p>Carles Puigdemont cometeu erros, (ao ser inflex\u00edvel e podendo ter recorrido a elei\u00e7\u00f5es numa popula\u00e7\u00e3o de 7 milh\u00f5es); por outro lado a maneira como Madrid reage \u00e9 autorit\u00e1ria, n\u00e3o \u00e9 democr\u00e1tica.<\/p>\n<p><strong>A democracia que conhecemos, nunca pode partir de uma posi\u00e7\u00e3o de poder \u201csoberano\u201d, ela \u00e9 de si limitada por ser um sistema repartido e viver de interesses agrupados num jogo de eleitos contra eleitos. N\u00e3o \u00e9 democr\u00e1tico tentar resolver quest\u00f5es pol\u00edticas com medidas penais; Mariano Rajoy n\u00e3o pode aprisionar milh\u00f5es de pessoas nem os seus representantes.<\/strong><\/p>\n<p>Tamb\u00e9m a EU n\u00e3o se encontra preparada para conflitos semelhantes aos da Catalunha e, embora a Catalunha seja favor\u00e1vel \u00e0 EU, a Bruxelas n\u00e3o se comportou bem ao tomar partido pelo governo de Madrid, muito embora dizendo que aquilo era um assunto interno de Espanha.<\/p>\n<p><strong>O centralismo facilita a governa\u00e7\u00e3o, mas tem que estar consciente que a sua for\u00e7a se d\u00e1 \u00e0 custa do empobrecimento dos mais fracos e das regi\u00f5es. Da\u00ed a necessidade de cautela para que as diferentes for\u00e7as n\u00e3o acordem para a viol\u00eancia.<\/strong><\/p>\n<p>Mariano Rajoy tem de renunciar \u00e0 pris\u00e3o dos pol\u00edticos catal\u00e3es e ter\u00e1 de se abrir no sentido de fortalecer a autonomia (exemplo Tirol) catal\u00e3 na mesa das conversa\u00e7\u00f5es. Agora trata-se de arranjar maneira como tirar as sardinhas das brasas.<\/p>\n<p><strong>O argumento do cumprimento da lei \u00e9 insuficiente porque a lei assemelha-se a uma cama que depende de quem a faz e de quem se deita nela! At\u00e9 2012 Barcelona estava contente e at\u00e9 l\u00e1 tamb\u00e9m se observava a lei; foi um erro do Tribunal Constitucional de ent\u00e3o ter reduzido os direitos de autonomia da Catalunha que se sente discriminada tamb\u00e9m em rela\u00e7\u00e3o ao pa\u00eds Basco. <\/strong><\/p>\n<p>Na guerra civil de Espanha (1936-1939) os catal\u00e3es combateram ao lado dos republicanos contra os nacionalistas, lutaram contra Franco porque receavam ent\u00e3o perder direitos aut\u00f3nomos. \u00a0Com a vict\u00f3ria de Franco foi estabelecido um Estado centralista.<\/p>\n<p>M\u00e3o dura s\u00f3 pode levar a extremismos e ao uso da viol\u00eancia. A Catalunha tem uma mem\u00f3ria de muitos s\u00e9culos que tamb\u00e9m deve ser respeitada enquanto o povo o desejar.<\/p>\n<p>&nbsp;<\/p>\n<p><strong>Ant\u00f3nio da Cunha Duarte Justo<\/strong><\/p>\n<p>&nbsp;<\/p>\n","protected":false},"excerpt":{"rendered":"<p>Estado de Direito faz Aprisionamentos por Raz\u00f5es pol\u00edticas Ant\u00f3nio Justo No contencioso entre Madrid e Barcelona n\u00e3o se est\u00e1 a fazer uso do Direito contra infrac\u00e7\u00f5es criminais, o que se est\u00e1 a dar \u00e9 pol\u00edtica contra pol\u00edtica! O Governo democraticamente eleito de Madrid, n\u00e3o quer resolver assuntos pol\u00edticos no foro pol\u00edtico; Mariano Rajoy prefere comprometer &hellip; <a href=\"https:\/\/antonio-justo.eu\/?p=4503\" class=\"more-link\">Continuar a ler <span class=\"screen-reader-text\">ESPANHA: DEMOCRACIA CONTRA Democracia<\/span><\/a><\/p>\n","protected":false},"author":1,"featured_media":0,"comment_status":"open","ping_status":"open","sticky":false,"template":"","format":"standard","meta":{"sfsi_plus_gutenberg_text_before_share":"","sfsi_plus_gutenberg_show_text_before_share":"","sfsi_plus_gutenberg_icon_type":"","sfsi_plus_gutenberg_icon_alignemt":"","sfsi_plus_gutenburg_max_per_row":"","footnotes":""},"categories":[15,14,4,7],"tags":[],"class_list":["post-4503","post","type-post","status-publish","format-standard","hentry","category-cultura","category-economia","category-educacao","category-politica"],"_links":{"self":[{"href":"https:\/\/antonio-justo.eu\/index.php?rest_route=\/wp\/v2\/posts\/4503","targetHints":{"allow":["GET"]}}],"collection":[{"href":"https:\/\/antonio-justo.eu\/index.php?rest_route=\/wp\/v2\/posts"}],"about":[{"href":"https:\/\/antonio-justo.eu\/index.php?rest_route=\/wp\/v2\/types\/post"}],"author":[{"embeddable":true,"href":"https:\/\/antonio-justo.eu\/index.php?rest_route=\/wp\/v2\/users\/1"}],"replies":[{"embeddable":true,"href":"https:\/\/antonio-justo.eu\/index.php?rest_route=%2Fwp%2Fv2%2Fcomments&post=4503"}],"version-history":[{"count":4,"href":"https:\/\/antonio-justo.eu\/index.php?rest_route=\/wp\/v2\/posts\/4503\/revisions"}],"predecessor-version":[{"id":4507,"href":"https:\/\/antonio-justo.eu\/index.php?rest_route=\/wp\/v2\/posts\/4503\/revisions\/4507"}],"wp:attachment":[{"href":"https:\/\/antonio-justo.eu\/index.php?rest_route=%2Fwp%2Fv2%2Fmedia&parent=4503"}],"wp:term":[{"taxonomy":"category","embeddable":true,"href":"https:\/\/antonio-justo.eu\/index.php?rest_route=%2Fwp%2Fv2%2Fcategories&post=4503"},{"taxonomy":"post_tag","embeddable":true,"href":"https:\/\/antonio-justo.eu\/index.php?rest_route=%2Fwp%2Fv2%2Ftags&post=4503"}],"curies":[{"name":"wp","href":"https:\/\/api.w.org\/{rel}","templated":true}]}}