{"id":4499,"date":"2017-11-04T22:49:40","date_gmt":"2017-11-04T21:49:40","guid":{"rendered":"https:\/\/antonio-justo.eu\/?p=4499"},"modified":"2017-11-05T11:32:35","modified_gmt":"2017-11-05T10:32:35","slug":"antissemitismo-um-carcinoma-fruto-do-preconceito-e-da-inveja","status":"publish","type":"post","link":"https:\/\/antonio-justo.eu\/?p=4499","title":{"rendered":"ANTISSEMITISMO \u2013 UM CARCINOMA ALIMENTADO PELO PRECONCEITO E PELA INVEJA"},"content":{"rendered":"<h2 style=\"text-align: center;\"><strong>Judeus preocupados com o crescente Antissemitismo na Europa<\/strong><\/h2>\n<p>&nbsp;<\/p>\n<p><strong>Ant\u00f3nio Justo<\/strong><\/p>\n<p><strong>O antissemitismo \u00e9 irm\u00e3o do racismo; ambos t\u00eam de comum o \u00f3dio e o desd\u00e9m pelo outro. <\/strong><\/p>\n<p>Segundo estudos feitos recentemente, o crescente antissemitismo estar\u00e1 em rela\u00e7\u00e3o com o aumento dos mu\u00e7ulmanos nas metr\u00f3poles da Europa. Antissemitismo, como racismo, \u00e9 um fen\u00f3meno muito complexo com muitas causas e explica\u00e7\u00f5es; ele surge, sobretudo em tempos de crise, quando se procura desesperadamente fazer um diagn\u00f3stico dela. O mal encontra-se na cabe\u00e7a e no cora\u00e7\u00e3o das pessoas; a solu\u00e7\u00e3o \u00e9 defrontarem-se os problemas e n\u00e3o as pessoas.<\/p>\n<p>No <a href=\"http:\/\/www.juedische-allgemeine.de\/article\/view\/id\/22645\">mundo<\/a> h\u00e1 14, 2 milh\u00f5es de Judeus. Em 1990 o n\u00famero de <a href=\"https:\/\/de.wikipedia.org\/wiki\/Judentum_in_Frankreich\">judeus na Fran\u00e7a<\/a> era de 518.000 e em 2016 era de 467.000. Em 2005 viviam 108.289 <a href=\"https:\/\/de.statista.com\/statistik\/daten\/studie\/1232\/umfrage\/anzahl-der-juden-in-deutschland-seit-dem-jahr-2003\/\">judeus na Alemanha<\/a> e em 2016 viviam 98.594.<\/p>\n<p>Em Portugal fala-se de &#8220;<a href=\"http:\/\/conhecerojudaismo.blogspot.com\/2010\/03\/20-dos-portugueses-descende-de-judeus.html?ext-ref=comm-sub-email\">30% dos Portugueses descende de Judeus<\/a>&#8220;,\u00a0 mas o n\u00famero de portugueses que se confessam praticantes da religi\u00e3o judaica, s\u00e3o cerca de \u201c2.500, havendo certamente os que vivem o seu juda\u00edsmo confinado ao lar; a maioria s\u00e3o os sefarditas que s\u00e3o maiorit\u00e1rios e os asquenazitas; quanto \u00e0s correntes a maioria \u00e9 <a href=\"https:\/\/antonio-justo.eu\/?p=2707\">ortodoxa<\/a>, havendo uma pequena comunidade progressista em Lisboa, e grupos de ora\u00e7\u00e3o da corrente conservadora (Masorti) em Sintra e Almada\u201d (como responde Filipe de Freitas Leal, \u00e0 pergunta que lhe fiz) . No Brasil h\u00e1 cerca de 100.000 judeus.<\/p>\n<h3><strong>Judeus a sair da Fran\u00e7a, da Alemanha e de alguns pa\u00edses europeus devido ao antissemitismo<\/strong><\/h3>\n<p>Muitos judeus temem pela sua seguran\u00e7a e ao sentirem-se amea\u00e7ados, optam por tornar-se invis\u00edveis (deixam de trazer a kip\u00e1 &#8211; gorra circular, com o significado de humildade perante Deus) e outros emigram para Israel, o que deixa muita pena nos pa\u00edses onde se encontram porque constituem uma comunidade integrada e que sobressai pelo seu trabalho em benef\u00edcio de toda a sociedade.<\/p>\n<p>Na Alemanha a revista \u201cBerlin Judeu\u201d passou a ser entregue em envelope neutro, para que os assinantes n\u00e3o sejam identificados e a probabilidade de inimizades n\u00e3o cres\u00e7a. Depois das demonstra\u00e7\u00f5es em Berlim 2014, contra a guerra de Gaza e do atentado de Paris, muitos judeus sentem-se amea\u00e7ados. O Conselho Central dos Judeus na Alemanha adverte que: esconder-se n\u00e3o \u00e9 o melhor caminho, mas que talvez n\u00e3o seja bom trazer a kip\u00e1 em bairros com elevada percentagem de mu\u00e7ulmanos. Observa-se um crescente antissemitismo nos jovens mu\u00e7ulmanos.<\/p>\n<p><strong>O historiador Michael Wolffsohn menciona os resultados de uma pesquisa de 2016 sobre preconceitos contra judeus onde se verifica que 18% dos alem\u00e3es e 56% dos mu\u00e7ulmanos, na Alemanha, t\u00eam preconceitos contra judeus e na Fran\u00e7a a quota \u00e9 de 20% de popula\u00e7\u00e3o geral e 63% dos mu\u00e7ulmanos.<\/strong><\/p>\n<p>O director do Conselho Central dos Judeus na Alemanha diz no S\u00fcddeutsche Zeitung:<strong> &#8220;O antissemitismo faz parte da educa\u00e7\u00e3o de algumas fam\u00edlias mu\u00e7ulmanas.<\/strong> Atrav\u00e9s de gera\u00e7\u00f5es \u00e9 transmitida \u00e0s crian\u00e7as, por todo o lado, a sensa\u00e7\u00e3o de que os mu\u00e7ulmanos s\u00e3o reprimidos em todo o mundo por culpa dos judeus &#8220;. Welt am Sontag, tamb\u00e9m cita:<strong> \u201cMuitas dessas pessoas que vieram para a Alemanha, v\u00eam de pa\u00edses onde o \u00f3dio aos judeus e a hostilidade a Israel s\u00e3o raz\u00f5es de Estado\u201d. <\/strong><\/p>\n<p>As teorias da conspira\u00e7\u00e3o de que os judeus governam o mundo \u00e9 outra forma indirecta de antijudaismo. De facto, cria-se a impress\u00e3o que se teria de aniquilar Israel para que n\u00e3o haja anti-judaismo.<\/p>\n<p><strong>O jornalista alem\u00e3o Jakob Augstein concretiza: \u201cAntissemitismo congrega \u00f3dio, racismo, teorias da conspira\u00e7\u00e3o e esoterismo\u201d.<\/strong><\/p>\n<p><strong>Re\u00fane-se tudo numa s\u00f3 coisa; o \u00f3dio que une, \u00e9 uma constante hist\u00f3rica intercontinental que se repete. Esconde-se no jogo de um \u201csim\u2026 mas\u201d (p.ex.: o que os extremistas fazem \u00e9 mau \u2026 mas os americanos est\u00e3o na base!&#8230;). \u00a0Tamb\u00e9m h\u00e1 outras argumenta\u00e7\u00f5es sem l\u00f3gica, mas que estabilizam a indiferen\u00e7a e o antissemitismo; identificar o Estado de Israel com o juda\u00edsmo. O acoplamento das ideias \u201cpol\u00edtica do governo\u201d de Israel com os Judeus \u00e9 inadmiss\u00edvel. Israel serve de pretexto para o antissemitismo ser globalizado.\u00a0 <\/strong><\/p>\n<p>\u00a0Uma pol\u00edtica do olhar desviado tem facilitado o aumento alarmante do antissemitismo e da xenofobia na Europa. O interesse das classes dirigentes em n\u00e3o se defrontarem com os problemas e a toler\u00e2ncia de espa\u00e7os livres \u00e0 direita e \u00e0 esquerda possibilitam viveiros de intoler\u00e2ncia e de viol\u00eancia. O tema antissemitismo e xenofobia dividem a sociedade e \u00e9 instrumentalizado para fins politiqueiros.<\/p>\n<p>Torna-se insuport\u00e1vel a hipocrisia com que se combatem gestos e frases dos Nazis e n\u00e3o se ligue ao \u00f3dio cultivado e justificado a partir de uma institui\u00e7\u00e3o religiosa que age do centro da sociedade com frases sagradas fomentadoras do racismo e da exclus\u00e3o e onde se equipara os judeus a \u201cmacacos e porcos\u201d (Sura 5:60 no Cor\u00e3o). O problema est\u00e1 no facto de as frases do Cor\u00e3o n\u00e3o estarem sujeitas \u00e0 an\u00e1lise hist\u00f3rico-cr\u00edtica, sendo por isso de tomar \u00e0 letra.<\/p>\n<p><strong>Mal da cultura que, em vez de deixar o amor<\/strong> <strong>e a compreens\u00e3o como heran\u00e7a, deixa o \u00f3dio<\/strong> <strong>para os vindouros.<\/strong><\/p>\n<p>O povo judeu \u00e9 dos mais pequenos do mundo, mas aquele que mais contribuiu e contribui para o desenvolvimento do mundo.<\/p>\n<p><strong>Ant\u00f3nio da Cunha Duarte Justo<\/strong><\/p>\n<p><strong>Pegadas do Tempo, <\/strong><\/p>\n","protected":false},"excerpt":{"rendered":"<p>Judeus preocupados com o crescente Antissemitismo na Europa &nbsp; Ant\u00f3nio Justo O antissemitismo \u00e9 irm\u00e3o do racismo; ambos t\u00eam de comum o \u00f3dio e o desd\u00e9m pelo outro. Segundo estudos feitos recentemente, o crescente antissemitismo estar\u00e1 em rela\u00e7\u00e3o com o aumento dos mu\u00e7ulmanos nas metr\u00f3poles da Europa. Antissemitismo, como racismo, \u00e9 um fen\u00f3meno muito complexo &hellip; <a href=\"https:\/\/antonio-justo.eu\/?p=4499\" class=\"more-link\">Continuar a ler <span class=\"screen-reader-text\">ANTISSEMITISMO \u2013 UM CARCINOMA ALIMENTADO PELO PRECONCEITO E PELA INVEJA<\/span><\/a><\/p>\n","protected":false},"author":1,"featured_media":0,"comment_status":"open","ping_status":"open","sticky":false,"template":"","format":"standard","meta":{"sfsi_plus_gutenberg_text_before_share":"","sfsi_plus_gutenberg_show_text_before_share":"","sfsi_plus_gutenberg_icon_type":"","sfsi_plus_gutenberg_icon_alignemt":"","sfsi_plus_gutenburg_max_per_row":"","footnotes":""},"categories":[15,14,4,5,6,7,1],"tags":[],"class_list":["post-4499","post","type-post","status-publish","format-standard","hentry","category-cultura","category-economia","category-educacao","category-escola","category-migracao","category-politica","category-sem-categoria"],"_links":{"self":[{"href":"https:\/\/antonio-justo.eu\/index.php?rest_route=\/wp\/v2\/posts\/4499","targetHints":{"allow":["GET"]}}],"collection":[{"href":"https:\/\/antonio-justo.eu\/index.php?rest_route=\/wp\/v2\/posts"}],"about":[{"href":"https:\/\/antonio-justo.eu\/index.php?rest_route=\/wp\/v2\/types\/post"}],"author":[{"embeddable":true,"href":"https:\/\/antonio-justo.eu\/index.php?rest_route=\/wp\/v2\/users\/1"}],"replies":[{"embeddable":true,"href":"https:\/\/antonio-justo.eu\/index.php?rest_route=%2Fwp%2Fv2%2Fcomments&post=4499"}],"version-history":[{"count":3,"href":"https:\/\/antonio-justo.eu\/index.php?rest_route=\/wp\/v2\/posts\/4499\/revisions"}],"predecessor-version":[{"id":4502,"href":"https:\/\/antonio-justo.eu\/index.php?rest_route=\/wp\/v2\/posts\/4499\/revisions\/4502"}],"wp:attachment":[{"href":"https:\/\/antonio-justo.eu\/index.php?rest_route=%2Fwp%2Fv2%2Fmedia&parent=4499"}],"wp:term":[{"taxonomy":"category","embeddable":true,"href":"https:\/\/antonio-justo.eu\/index.php?rest_route=%2Fwp%2Fv2%2Fcategories&post=4499"},{"taxonomy":"post_tag","embeddable":true,"href":"https:\/\/antonio-justo.eu\/index.php?rest_route=%2Fwp%2Fv2%2Ftags&post=4499"}],"curies":[{"name":"wp","href":"https:\/\/api.w.org\/{rel}","templated":true}]}}