{"id":4407,"date":"2017-07-21T15:41:04","date_gmt":"2017-07-21T14:41:04","guid":{"rendered":"https:\/\/antonio-justo.eu\/?p=4407"},"modified":"2017-07-21T16:20:19","modified_gmt":"2017-07-21T15:20:19","slug":"fundo-de-apoio-as-vitimas-dos-tumultos-de-hamburgo","status":"publish","type":"post","link":"https:\/\/antonio-justo.eu\/?p=4407","title":{"rendered":"FUNDO DE APOIO \u00c0S V\u00cdTIMAS DOS TUMULTOS DE HAMBURGO"},"content":{"rendered":"<p><strong>\u00a0<\/strong><\/p>\n<p style=\"text-align: center;\"><strong><span style=\"color: #3366ff;\">Hamburgo \u00e9 a cidade mais portuguesa da Alemanha<\/span><\/strong><\/p>\n<p>O Minist\u00e9rio das Finan\u00e7as declarou que o Estado alem\u00e3o e a cidade de Hamburgo disponibilizam 40 milh\u00f5es de euros para compensa\u00e7\u00e3o das v\u00edtimas da viol\u00eancia em torno da G20 em Hamburgo.<\/p>\n<p>O processamento da compensa\u00e7\u00e3o \u00e9 feito atrav\u00e9s de um fundo de apoio para onde vai o dinheiro do Estado.<\/p>\n<p>O Fundo de Indemnizacao destina-se a lesados em bens n\u00e3o cobertos por seguros. J\u00e1 h\u00e1 230 pedidos de indemniza\u00e7\u00e3o.<\/p>\n<p>A Alemanha tem leis de indemniza\u00e7\u00e3o que pode consultar <a href=\"http:\/\/www.hamburg.de\/entschaedigung\/\">aqui.<\/a> Formul\u00e1rios de inscri\u00e7\u00e3o para a indemniza\u00e7\u00e3o das v\u00edtimas encontram-se neste <a href=\"http:\/\/www.hamburg.de\/gewaltopfer\/103174\/antraege\/\">link<\/a> em alem\u00e3o.<\/p>\n<p>Hamburgo \u00e9 a cidade mais portuguesa da Alemanha, pela sua hist\u00f3ria, institui\u00e7\u00f5es, associa\u00e7\u00f5es, gastronomia e pelos 10.000 portugueses que nelavivem.<\/p>\n<p><strong>Ant\u00f3nio da Cunha Duarte Justo<\/strong><\/p>\n<p>Pegadas do Tempo<\/p>\n","protected":false},"excerpt":{"rendered":"<p>\u00a0 Hamburgo \u00e9 a cidade mais portuguesa da Alemanha O Minist\u00e9rio das Finan\u00e7as declarou que o Estado alem\u00e3o e a cidade de Hamburgo disponibilizam 40 milh\u00f5es de euros para compensa\u00e7\u00e3o das v\u00edtimas da viol\u00eancia em torno da G20 em Hamburgo. O processamento da compensa\u00e7\u00e3o \u00e9 feito atrav\u00e9s de um fundo de apoio para onde vai &hellip; <a href=\"https:\/\/antonio-justo.eu\/?p=4407\" class=\"more-link\">Continuar a ler <span class=\"screen-reader-text\">FUNDO DE APOIO \u00c0S V\u00cdTIMAS DOS TUMULTOS DE HAMBURGO<\/span><\/a><\/p>\n","protected":false},"author":1,"featured_media":0,"comment_status":"open","ping_status":"open","sticky":false,"template":"","format":"standard","meta":{"sfsi_plus_gutenberg_text_before_share":"","sfsi_plus_gutenberg_show_text_before_share":"","sfsi_plus_gutenberg_icon_type":"","sfsi_plus_gutenberg_icon_alignemt":"","sfsi_plus_gutenburg_max_per_row":"","footnotes":""},"categories":[14,7],"tags":[],"class_list":["post-4407","post","type-post","status-publish","format-standard","hentry","category-economia","category-politica"],"_links":{"self":[{"href":"https:\/\/antonio-justo.eu\/index.php?rest_route=\/wp\/v2\/posts\/4407","targetHints":{"allow":["GET"]}}],"collection":[{"href":"https:\/\/antonio-justo.eu\/index.php?rest_route=\/wp\/v2\/posts"}],"about":[{"href":"https:\/\/antonio-justo.eu\/index.php?rest_route=\/wp\/v2\/types\/post"}],"author":[{"embeddable":true,"href":"https:\/\/antonio-justo.eu\/index.php?rest_route=\/wp\/v2\/users\/1"}],"replies":[{"embeddable":true,"href":"https:\/\/antonio-justo.eu\/index.php?rest_route=%2Fwp%2Fv2%2Fcomments&post=4407"}],"version-history":[{"count":3,"href":"https:\/\/antonio-justo.eu\/index.php?rest_route=\/wp\/v2\/posts\/4407\/revisions"}],"predecessor-version":[{"id":4410,"href":"https:\/\/antonio-justo.eu\/index.php?rest_route=\/wp\/v2\/posts\/4407\/revisions\/4410"}],"wp:attachment":[{"href":"https:\/\/antonio-justo.eu\/index.php?rest_route=%2Fwp%2Fv2%2Fmedia&parent=4407"}],"wp:term":[{"taxonomy":"category","embeddable":true,"href":"https:\/\/antonio-justo.eu\/index.php?rest_route=%2Fwp%2Fv2%2Fcategories&post=4407"},{"taxonomy":"post_tag","embeddable":true,"href":"https:\/\/antonio-justo.eu\/index.php?rest_route=%2Fwp%2Fv2%2Ftags&post=4407"}],"curies":[{"name":"wp","href":"https:\/\/api.w.org\/{rel}","templated":true}]}}