{"id":4402,"date":"2017-07-14T14:00:50","date_gmt":"2017-07-14T13:00:50","guid":{"rendered":"https:\/\/antonio-justo.eu\/?p=4402"},"modified":"2017-07-14T16:01:34","modified_gmt":"2017-07-14T15:01:34","slug":"a-licao-da-g20-em-hamburgo-pre-anuncio-da-radicalizacao-de-toda-a-sociedade","status":"publish","type":"post","link":"https:\/\/antonio-justo.eu\/?p=4402","title":{"rendered":"A LI\u00c7\u00c3O DA G20 EM HAMBURGO &#8211; PR\u00c9-AN\u00daNCIO DA RADICALIZA\u00c7\u00c3O DE TODA A SOCIEDADE?"},"content":{"rendered":"<h1><\/h1>\n<h2><span style=\"color: #3366ff;\"><strong><span style=\"color: #3366ff;\">Poder de cima e Poder de baixo no Ajuntamento<\/span><\/strong><\/span><\/h2>\n<p>&nbsp;<\/p>\n<p><strong>Ant\u00f3nio Justo<\/strong><\/p>\n<p>A Cimeira G20 congregou em Hamburgo os chefes de Estado dos 20 pa\u00edses industriais mais importantes e de pa\u00edses emergentes para tratarem dos temas clima, com\u00e9rcio, migra\u00e7\u00e3o, luta contra o terrorismo; teve 10.000 participantes, dos quais cerca de 5.000 eram jornalistas. O custo da cimeira G20 foi de <a href=\"https:\/\/www.facebook.com\/fruehstuecksfernsehen\/videos\/1604536779618763\/?autoplay_reason=all_page_organic_allowed&amp;video_container_type=0&amp;video_creator_product_type=2&amp;app_id=2392950137&amp;live_video_guests=0\">130 milh\u00f5es de euros<\/a> .<\/p>\n<p>&nbsp;<\/p>\n<h2><span style=\"color: #3366ff;\">Poder contra poder<\/span><\/h2>\n<p>&nbsp;<\/p>\n<p>Hamburgo juntou <a href=\"http:\/\/www.abendblatt.de\/hamburg\/g20\/article211192103\/Hamburg-muss-ein-Weckruf-sein-fuer-die-gesamte-Linke.html\">70.000 manifestantes<\/a> , vindos de toda a Alemanha e do estrangeiro, para protestar contra a explora\u00e7\u00e3o do Homem e da natureza e contra os excessos do capitalismo financeiro.<\/p>\n<p><strong>Em ac\u00e7\u00e3o estiveram 19 helic\u00f3pteros, 3.000 ve\u00edculos, 20.000 pol\u00edcias e n\u00e3o conseguiram proteger a cidade. Resultado: 476 pol\u00edcias feridos, 144 militantes aprisionados e 51 detidos na pris\u00e3o (entretanto j\u00e1 13 em liberdade), carros incendiados, lojas devastadas e roubadas, corpos explosivos e pedras atiradas dos telhados, habitantes desorientados. Os manifestantes do G20 do campo do <a href=\"http:\/\/www.bild.de\/politik\/inland\/linksextremismus\/wie-linke-gewalt-verharmlost-wird-52493788.bild.html\">Bloco Negro e da Esquerda Aut\u00f3noma<\/a><\/strong><strong> castigaram os habitantes da cidade e estragaram a festa.<\/strong><\/p>\n<p>Uma das t\u00e1ticas dos aut\u00f3nomos foi o disfarce, \u00a0organizar-se em pequenos grupos e mudar de roupa para n\u00e3o serem identificados. O excesso de brutalidade de muitos demonstrantes (pelo menos, 1.500 radicais violentos) levou o ministro do interior a dizer:\u201d <strong>N\u00e3o eram manifestantes. Eram anarquistas criminosos\u201d.<\/strong> Apesar de tudo, o Prefeito da cidade j\u00e1 pediu desculpa \u00e0 popula\u00e7\u00e3o por a pol\u00edtica n\u00e3o ter estado \u00e0 altura de poder impedir tanta viol\u00eancia da rua.<\/p>\n<p>O minist\u00e9rio das finan\u00e7as avan\u00e7ou que as v\u00edtimas dos extremistas ser\u00e3o indemnizadas. A pol\u00edcia organizou centros de reclama\u00e7\u00e3o para os cidad\u00e3os; A pol\u00edcia criou uma comiss\u00e3o composta por 110 investigadores de Hamburgo e 60 de fora para avaliarem milhares de v\u00eddeos e fotos.\u00a0 Muitos danos ser\u00e3o suportados pelas companhias de seguro em consequ\u00eancia de vandalismo (possuidores de autos s\u00f3 com \u201cseguro de responsabilidade civil\u201d (Haftpflichtversicherung) n\u00e3o teriam direito a indemniza\u00e7\u00e3o porque este seguro s\u00f3 cobre danos causados pelo pr\u00f3prio; por outro lado em casos de for\u00e7a maior os seguros costumam cobrir os estragos.<\/p>\n<p>.<\/p>\n<h2><span style=\"color: #3366ff;\">Extremistas de esquerda e de direita na Alemanha<\/span><\/h2>\n<p>A G20 juntou em Hamburgo, os poderosos do mundo e a cena da esquerda militante: uma sociedade atrevida e uma agremia\u00e7\u00e3o de atrevidos.<\/p>\n<p><strong>Segundo afirma a Pol\u00edcia de Prote\u00e7\u00e3o Constitucional, na Alemanha <a href=\"https:\/\/de.statista.com\/statistik\/daten\/studie\/39534\/umfrage\/entwicklung-des-linksextremismuspotenzials-in-deutschland\/\">h\u00e1 28.500 extremistas de esquerda<\/a><\/strong><strong>, e destes 8.500 s\u00e3o dados \u00e0 viol\u00eancia, especialmente os Aut\u00f3nomos. A mesma reparti\u00e7\u00e3o calcula em <a href=\"https:\/\/www.verfassungsschutz.de\/de\/arbeitsfelder\/af-rechtsextremismus\/zahlen-und-fakten-rechtsextremismus\">22.600 extremistas da direita<\/a><\/strong><strong> e em 12.100 o n\u00famero de extremistas com semelhante potencial de viol\u00eancia.<\/strong><\/p>\n<p>A revista de tend\u00eancia esquerda DER SPIEGEL, n\u00b0 27\/1.7. 2017 j\u00e1 previa a viol\u00eancia e fornecia ao mesmo tempo o logo dos extremistas de Hamburgo apresentando na primeira p\u00e1gina, em letras garrafais, o seguinte: <strong>\u201cGlobaliza\u00e7\u00e3o fora de controle! \u00a0ATREVEI-VOS!\u00a0 \u00a0Pensar radical, agir com decis\u00e3o &#8211; s\u00f3 assim o mundo pode ser salvo\u201d.<\/strong> Embora a humanidade, a pol\u00edtica, a ci\u00eancia e a economia precisem de repensar e de mudar de atitude para resolver os problemas da humanidade nada justifica um t\u00edtulo que pode ser considerado um apelo indirecto ao radicalismo \u00e0 maneira do islamismo.<\/p>\n<h2><span style=\"color: #3366ff;\">Simpatia clandestina no que toca ao radicalismo de esquerda<\/span><\/h2>\n<p>Na opini\u00e3o p\u00fablica \u00e9 cultivada uma certa ingenuidade perante o extremismo de esquerda e por isso a estrat\u00e9gia de defesa n\u00e3o esteve \u00e0 altura da cena da esquerda que se sentia em casa.<\/p>\n<p>A viol\u00eancia de esquerda tem sido banalizada. O Estado e a sociedade ter\u00e3o de estar t\u00e3o atentos \u00e0 viol\u00eancia dos radicais de esquerda como \u00e0 dos radicais de direita. Na sociedade h\u00e1 uma \u201csimpatia clandestina\u201d, sup\u00f5e o pol\u00edtico Wolfgang Bosbach, e por isso os Estados europeus n\u00e3o t\u00eam os mesmos instrumentos e t\u00e1ticas contra as maquina\u00e7\u00f5es da esquerda radical como t\u00eam na luta contra as maquina\u00e7\u00f5es da extrema direita.<\/p>\n<h2><span style=\"color: #3366ff;\">\u00a0\u201cFlora Vermelha\u201d o epicentro do extremismo de esquerda<\/span><\/h2>\n<p>Hamburgo tem no seu centro h\u00e1 28 anos a Rote Flora &#8211; um centro cultural dos aut\u00f3nomos que funciona como catedral da oposi\u00e7\u00e3o da esquerda radical contra o poder do Estado; o mais curioso \u00e9 que desde 2014 a Rote Flora tem o estatuto de funda\u00e7\u00e3o da cidade.<\/p>\n<p>O advogado porta-voz de Rote Flora (Flora Vermelha) disse que n\u00e3o puderam ter m\u00e3o nos tumultuosos porque os \u201cos militantes estrangeiros\u201d n\u00e3o seguiriam ordens (uma desculpa barata porque \u00e9 pr\u00f3prio dos aut\u00f3nomos n\u00e3o aceitarem jerarquias!). &#8221; N\u00f3s, como aut\u00f3nomos e eu, como porta-voz dos aut\u00f3nomos temos certa simpatia por tais ac\u00e7\u00f5es, mas por favor, n\u00e3o no nosso pr\u00f3prio bairro onde vivemos. &#8221;<\/p>\n<p>&nbsp;<\/p>\n<h2><span style=\"color: #3366ff;\">Conclus\u00e3o<\/span><\/h2>\n<p><strong>A G20 dos chefes de Estado em Hamburgo teve sucesso em rela\u00e7\u00e3o \u00e0 abertura dos mercados, a mais dinheiro para \u00c1frica, ao encontro bilateral de Wladimir Putin e Donald Trump com o acordo de cessar-fogo no sudoeste da S\u00edria e \u00e0s altera\u00e7\u00f5es clim\u00e1ticas (os USA n\u00e3o aprovaram este ponto).<\/strong><\/p>\n<p>H\u00e1 quem considere eventos como os de Hamburgo desnecess\u00e1rios, quer para os chefes de Estado quer para os demonstrantes. Os encontros de chefes de Estado poderiam tornar-se mais eficientes se se reunissem em pequenos grupos do que num grupo de mamutes. Em tempo de internet e de videoconfer\u00eancias e com o movimento de protesto j\u00e1 expresso na internet, talvez j\u00e1 esteja atrasada esta maneira de se demonstrar o poder de cima e o poder de baixo.<\/p>\n<p>&nbsp;<\/p>\n<p>Em Hamburgo revelou-se um fen\u00f3meno explosivo que revela o estado doentio da pol\u00edtica e da sociedade; o Estado deixa de ter o monop\u00f3lio do poder: ao extremismo de fora vem juntar-se o extremismo de dentro. A Alemanha demonstrou que n\u00e3o consegue dominar o extremismo de esquerda como n\u00e3o consegue dominar o extremismo mu\u00e7ulmano: uma \u201ccortina de fumo\u201d impede a vis\u00e3o.<\/p>\n<p>Grande parte da popula\u00e7\u00e3o pensa baixinho que j\u00e1 vai sendo tempo de os Estados deixarem de educar para a esquerda, descuidando o centro, de que vive.<\/p>\n<p>Em Hamburgo a extrema esquerda mostrou que precisa das mesmas medidas do Estado como as que existem contra a extrema direita; doutro modo proporcione-se-lhe um est\u00e1gio na Coreia do Norte. No seu fulgor parecem confundir justi\u00e7a social com igualdade social. Para n\u00e3o se brincar com a inveja haver\u00e1 que ter em conta que as pessoas s\u00e3o desiguais face aos seus talentos, habilidades, compet\u00eancias e motiva\u00e7\u00e3o. Importante \u00e9 impedir as fontes de desigualdades estruturais e fomentar possibilidades aos mais d\u00e9beis; se o Estado n\u00e3o garantir isto dar-se-\u00e1 lugar a situa\u00e7\u00f5es de guerrilha nas cidades.<\/p>\n<p>Em Hamburgo tudo p\u00f4de e pode; podem os governantes da G 20, podem os radicais da extrema esquerda, pode a pol\u00edcia e, no meio de tanto poder, para o confirmar, s\u00f3 n\u00e3o podem os habitantes que querem paz. <strong>A viol\u00eancia passou nua; uma vergonha para a Alemanha e um aviso para outros pa\u00edses. <\/strong>Apesar das raz\u00f5es que haja para demonstrar contra cimeiras (viol\u00eancia sub-rept\u00edcia presente nas estruturas econ\u00f3micas e pol\u00edticas) nada justifica a viol\u00eancia brutal praticada nas ruas de Hamburgo.<\/p>\n<p><strong>\u00a9 Ant\u00f3nio da Cunha Duarte Justo<\/strong><\/p>\n<p>Pegadas do Tempo<\/p>\n","protected":false},"excerpt":{"rendered":"<p>Poder de cima e Poder de baixo no Ajuntamento &nbsp; Ant\u00f3nio Justo A Cimeira G20 congregou em Hamburgo os chefes de Estado dos 20 pa\u00edses industriais mais importantes e de pa\u00edses emergentes para tratarem dos temas clima, com\u00e9rcio, migra\u00e7\u00e3o, luta contra o terrorismo; teve 10.000 participantes, dos quais cerca de 5.000 eram jornalistas. O custo &hellip; <a href=\"https:\/\/antonio-justo.eu\/?p=4402\" class=\"more-link\">Continuar a ler <span class=\"screen-reader-text\">A LI\u00c7\u00c3O DA G20 EM HAMBURGO &#8211; PR\u00c9-AN\u00daNCIO DA RADICALIZA\u00c7\u00c3O DE TODA A SOCIEDADE?<\/span><\/a><\/p>\n","protected":false},"author":1,"featured_media":0,"comment_status":"open","ping_status":"open","sticky":false,"template":"","format":"standard","meta":{"sfsi_plus_gutenberg_text_before_share":"","sfsi_plus_gutenberg_show_text_before_share":"","sfsi_plus_gutenberg_icon_type":"","sfsi_plus_gutenberg_icon_alignemt":"","sfsi_plus_gutenburg_max_per_row":"","footnotes":""},"categories":[15,14,4,6,7],"tags":[],"class_list":["post-4402","post","type-post","status-publish","format-standard","hentry","category-cultura","category-economia","category-educacao","category-migracao","category-politica"],"_links":{"self":[{"href":"https:\/\/antonio-justo.eu\/index.php?rest_route=\/wp\/v2\/posts\/4402","targetHints":{"allow":["GET"]}}],"collection":[{"href":"https:\/\/antonio-justo.eu\/index.php?rest_route=\/wp\/v2\/posts"}],"about":[{"href":"https:\/\/antonio-justo.eu\/index.php?rest_route=\/wp\/v2\/types\/post"}],"author":[{"embeddable":true,"href":"https:\/\/antonio-justo.eu\/index.php?rest_route=\/wp\/v2\/users\/1"}],"replies":[{"embeddable":true,"href":"https:\/\/antonio-justo.eu\/index.php?rest_route=%2Fwp%2Fv2%2Fcomments&post=4402"}],"version-history":[{"count":3,"href":"https:\/\/antonio-justo.eu\/index.php?rest_route=\/wp\/v2\/posts\/4402\/revisions"}],"predecessor-version":[{"id":4405,"href":"https:\/\/antonio-justo.eu\/index.php?rest_route=\/wp\/v2\/posts\/4402\/revisions\/4405"}],"wp:attachment":[{"href":"https:\/\/antonio-justo.eu\/index.php?rest_route=%2Fwp%2Fv2%2Fmedia&parent=4402"}],"wp:term":[{"taxonomy":"category","embeddable":true,"href":"https:\/\/antonio-justo.eu\/index.php?rest_route=%2Fwp%2Fv2%2Fcategories&post=4402"},{"taxonomy":"post_tag","embeddable":true,"href":"https:\/\/antonio-justo.eu\/index.php?rest_route=%2Fwp%2Fv2%2Ftags&post=4402"}],"curies":[{"name":"wp","href":"https:\/\/api.w.org\/{rel}","templated":true}]}}