{"id":4391,"date":"2017-07-10T14:14:25","date_gmt":"2017-07-10T13:14:25","guid":{"rendered":"https:\/\/antonio-justo.eu\/?p=4391"},"modified":"2017-07-10T17:53:54","modified_gmt":"2017-07-10T16:53:54","slug":"aniversario-de-portugal-campeao-europeu-2016","status":"publish","type":"post","link":"https:\/\/antonio-justo.eu\/?p=4391","title":{"rendered":"ANIVERS\u00c1RIO DE PORTUGAL CAMPE\u00c3O EUROPEU 2016"},"content":{"rendered":"<h2><strong><span style=\"color: #0000ff;\">Ronaldo &#8211; O Anjo da Equipa Nacional<\/span><br \/>\n<\/strong><\/h2>\n<p>Por <strong>Ant\u00f3nio Justo<\/strong><\/p>\n<p>Hoje, 10 de Julho, faz um ano que a Sele\u00e7\u00e3o Nacional venceu o campeonato da Europa, na final contra a Fran\u00e7a (1-0).<\/p>\n<p>A selec\u00e7\u00e3o nacional come\u00e7ou o Europeu 2016 fraca, mostrou-se moderada no meio do torneio e revelou-se eficiente no fim.<\/p>\n<p>Apesar da coesa sele\u00e7\u00e3o ter Ronaldo, a imprensa internacional e as claques n\u00e3o acreditavam em Portugal. Como Portugal tinha perdido no Mundial 0-4 contra a Alemanha, os alem\u00e3es pensavam que Portugal n\u00e3o chegaria \u00e0s finais do Europeu.<\/p>\n<p>Durante o torneio, Portugal viu-se sozinho a acreditar nele mesmo: \u00e9 o caso para dizer <strong>Portugal porque, com a equipa, jogava Portugal inteiro.<\/strong><\/p>\n<p>O futebol portugu\u00eas j\u00e1 tinha chegado muitas vezes \u00e0s meias-finais e uma vez \u00e0 fat\u00eddica final em que perdeu em casa.<\/p>\n<p>Portugal que fazia parte do grupo F iniciou o jogo 1-1 contra a Isl\u00e2ndia, rec\u00e9m-chegada ao campeonato 2016.<\/p>\n<p>O 0-0 contra a \u00c1ustria e o 3-3 contra a Hungria<strong> mostrava que Portugal, tal como na pol\u00edtica, andava atr\u00e1s das suas possibilidades.<\/strong> Nestes jogos, tinha jogado sozinho, sempre contra a sorte. Demonstra que n\u00e3o chega o jogo para se chegar \u00e0 vict\u00f3ria. Sem vict\u00f3rias a selec\u00e7\u00e3o consegue o terceiro lugar de vencedor nas eliminat\u00f3rias das oitavas finais. A equipa de Ronaldo esfor\u00e7a-se mais que o tempo lhe permitia, conseguindo, no prolongamento, o 1-0 contra a Cro\u00e1cia.<\/p>\n<p>O jogo foi um exerc\u00edcio de paci\u00eancia para os portugueses que desesperadamente aplaudiam. O aplauso e a esperan\u00e7a conseguiram as quartas de final contra a Pol\u00f3nia onde, al\u00e9m das\u201d horas extraordin\u00e1rias\u201d teve de recorrer \u00e0 disputa dos pen\u00e1ltis, vendo a\u00ed premiadas a vontade e o esfor\u00e7o. Depois do 1-1, com os penaltis, chega-se ao resultado Portugal 5-Pol\u00f3nia 3.<\/p>\n<p>Segue-se depois o dia em que o Sol brilhou no gramado das meias-finais: dois para Portugal e zero para o Pa\u00eds de Gales.<\/p>\n<h2><strong><span style=\"color: #0000ff;\">Portugal sentado no banco\u00a0 com o seu anjo a sofrer<\/span><br \/>\n<\/strong><\/h2>\n<p>No Final contra a Fran\u00e7a, que jogava em casa, Ronaldo \u00e9 ferido logo no in\u00edcio do jogo; ent\u00e3o a equipa do treinador <a href=\"https:\/\/antonio-justo.eu\/?p=3760\">Fernando Santos<\/a>, passa a lutar por Ronaldo e por Portugal. O mestre Eder consegue a proeza da vict\u00f3ria metendo um golo no prolongamento: 1-0 para Portugal. Portugal, apesar de muitas voltas sentimentais, consegue com honra e com m\u00e9rito ganhar o campeonato.<\/p>\n<p>L\u00e1grimas correram nas faces de Cristiano Ronaldo: umas de amargura e outras de tristeza, durante a final.<\/p>\n<p>Neste longo dia, o Euro 16 tornou-se na coroa\u00e7\u00e3o das tr\u00eas vezes em que Cristiano Ronaldo foi o melhor jogador do mundo.<\/p>\n<p>O homem decisivo para os momentos decisivos foi ferido no 8\u00b0 minuto por Dimitri Payet e chora de dores e de desespero por ter de deixar a equipa no momento em que ela mais precisava dele. Teve de deixar o seu palco, levado numa maca.<\/p>\n<p>Todos fomos testemunhas das l\u00e1grimas a correrem-lhe na cara e as dores no rosto e como com Ronaldo no banco, todo o Portugal desespera.<\/p>\n<p>A equipa portuguesa, consciente de que em momentos decisivos n\u00e3o \u00e9 s\u00f3 boa a n\u00edvel individual, mas tamb\u00e9m como equipa, pega no jogo com a cabe\u00e7a e com os p\u00e9s consciente que s\u00f3 juntos por uma causa se conseguir\u00e1 vencer; ent\u00e3o um por todos e todos por um (Ronaldo) combatem como le\u00f5es numa arena de grandes.<\/p>\n<p>Ronaldo, agora na Zona de treino ao lado do treinador e na linha lateral encoraja os colegas em campo. No 109\u00b0 minuto Eder marca o Golo e no rosto de Ronaldo correm agora l\u00e1grimas de contentamento.<\/p>\n<p>Portugal consegue a meta gloriosa.<\/p>\n<p>Enquanto Portugal jubila, a equipa francesa, chorava incontidamente \u00a0com Blaise Matuidi e Antoine Griezmann.\u00a0 No rosto de Fran\u00e7a via-se a dor do &#8220;Cruel e terr\u00edvel&#8221; xeque-mate na pr\u00f3pria casa.<\/p>\n<p>Na Arena de Paris, Portugal deu o exemplo de Portugal unido, e de um Portugal n\u00e3o perdido nas divis\u00f5es de interesses corporativos e de partidos (Foi um momento da uni\u00e3o s\u00f3 tamb\u00e9m tido no passageiro 25 de Abril e no apoio ao povo de timor!).<\/p>\n<p>Precisamos de um Portugal verdadeiramente portugu\u00eas que se sinta ele e acredite nele; precisamos de pol\u00edticos nacionais \u00e0 altura dele!<\/p>\n<p>Portugal tem muit\u00edssimos \u201cRonaldos\u201d e muitos \u201cFernando Santos\u201d sentados no banco dos suplentes e da assist\u00eancia, impedidos e sem hip\u00f3tese, sofrendo, at\u00e9 ao desespero, com a falta de esp\u00edrito de servi\u00e7o e de equipa dos nossos Governos e Parlamentos.<\/p>\n<p><strong>\u00a9 Ant\u00f3nio da Cunha Duarte Justo<\/strong><\/p>\n<p>Pegadas do Tempo<\/p>\n","protected":false},"excerpt":{"rendered":"<p>Ronaldo &#8211; O Anjo da Equipa Nacional Por Ant\u00f3nio Justo Hoje, 10 de Julho, faz um ano que a Sele\u00e7\u00e3o Nacional venceu o campeonato da Europa, na final contra a Fran\u00e7a (1-0). A selec\u00e7\u00e3o nacional come\u00e7ou o Europeu 2016 fraca, mostrou-se moderada no meio do torneio e revelou-se eficiente no fim. Apesar da coesa sele\u00e7\u00e3o &hellip; <a href=\"https:\/\/antonio-justo.eu\/?p=4391\" class=\"more-link\">Continuar a ler <span class=\"screen-reader-text\">ANIVERS\u00c1RIO DE PORTUGAL CAMPE\u00c3O EUROPEU 2016<\/span><\/a><\/p>\n","protected":false},"author":1,"featured_media":0,"comment_status":"open","ping_status":"open","sticky":false,"template":"","format":"standard","meta":{"sfsi_plus_gutenberg_text_before_share":"","sfsi_plus_gutenberg_show_text_before_share":"","sfsi_plus_gutenberg_icon_type":"","sfsi_plus_gutenberg_icon_alignemt":"","sfsi_plus_gutenburg_max_per_row":"","footnotes":""},"categories":[3,15,14,4,7],"tags":[],"class_list":["post-4391","post","type-post","status-publish","format-standard","hentry","category-arte","category-cultura","category-economia","category-educacao","category-politica"],"_links":{"self":[{"href":"https:\/\/antonio-justo.eu\/index.php?rest_route=\/wp\/v2\/posts\/4391","targetHints":{"allow":["GET"]}}],"collection":[{"href":"https:\/\/antonio-justo.eu\/index.php?rest_route=\/wp\/v2\/posts"}],"about":[{"href":"https:\/\/antonio-justo.eu\/index.php?rest_route=\/wp\/v2\/types\/post"}],"author":[{"embeddable":true,"href":"https:\/\/antonio-justo.eu\/index.php?rest_route=\/wp\/v2\/users\/1"}],"replies":[{"embeddable":true,"href":"https:\/\/antonio-justo.eu\/index.php?rest_route=%2Fwp%2Fv2%2Fcomments&post=4391"}],"version-history":[{"count":4,"href":"https:\/\/antonio-justo.eu\/index.php?rest_route=\/wp\/v2\/posts\/4391\/revisions"}],"predecessor-version":[{"id":4397,"href":"https:\/\/antonio-justo.eu\/index.php?rest_route=\/wp\/v2\/posts\/4391\/revisions\/4397"}],"wp:attachment":[{"href":"https:\/\/antonio-justo.eu\/index.php?rest_route=%2Fwp%2Fv2%2Fmedia&parent=4391"}],"wp:term":[{"taxonomy":"category","embeddable":true,"href":"https:\/\/antonio-justo.eu\/index.php?rest_route=%2Fwp%2Fv2%2Fcategories&post=4391"},{"taxonomy":"post_tag","embeddable":true,"href":"https:\/\/antonio-justo.eu\/index.php?rest_route=%2Fwp%2Fv2%2Ftags&post=4391"}],"curies":[{"name":"wp","href":"https:\/\/api.w.org\/{rel}","templated":true}]}}