{"id":4345,"date":"2017-06-26T14:53:35","date_gmt":"2017-06-26T13:53:35","guid":{"rendered":"https:\/\/antonio-justo.eu\/?p=4345"},"modified":"2017-07-11T09:45:39","modified_gmt":"2017-07-11T08:45:39","slug":"documenta-14-d14-o-olimpo-da-arte-e-da-ideologia","status":"publish","type":"post","link":"https:\/\/antonio-justo.eu\/?p=4345","title":{"rendered":"DOCUMENTA 14 (d14) \u2013 O OLIMPO DA ARTE E DA IDEOLOGIA"},"content":{"rendered":"<h2><span style=\"color: #3366ff;\">Arte e Monumentos s\u00e3o a Express\u00e3o e Mem\u00f3ria vis\u00edvel da P\u00f3lis<\/span><\/h2>\n<p><strong>Por Ant\u00f3nio Justo<\/strong><\/p>\n<p>O cora\u00e7\u00e3o da arte contempor\u00e2nea mundial (documenta) pulsa pela d\u00e9cima quarta vez, durante 100 dias, em Kassel.<\/p>\n<p>Os Respons\u00e1veis da documenta 14 decidiram partilhar a d14 com Atenas de modo a realizar-se em Kassel e Atenas (<strong>d14 em Kassel de 10 de Junho a 17 de setembro<\/strong> e em Atenas d14 <a href=\"https:\/\/www.google.de\/search?q=documenta+14,+bilder&amp;client=firefox-b&amp;tbm=isch&amp;imgil=RlQWlnxNktK_XM%253A%253BZQkL-2Ez1mrYqM%253Bhttps%25253A%25252F%25252Fwww.tagesschau.de%25252Fmultimedia%25252Fbilder%25252Fdocumenta-athen-101.html&amp;source=iu&amp;pf=m&amp;fir=RlQWlnxNktK_XM%253A%252CZQkL-2Ez1mrYqM%252C_&amp;usg=__uMx0e5DJCdED_TuCb6pVWXlFCoI%3D&amp;biw=1600&amp;bih=736&amp;ved=0ahUKEwj999HV4rDUAhWCVBoKHU7qAQEQyjcIRw&amp;ei=b5U6Wb2EHoKpac7Uhwg#imgrc=lMhHku3q2iLlkM:\">Atenas<\/a> de 8. 4. &#8211; 16. 7.).<\/p>\n<p>A d14 congrega 160 artistas de todo o mundo (<a href=\"https:\/\/de.wikipedia.org\/wiki\/Documenta_14\"><strong>A<\/strong>qui<\/a>) tornando-se,\u00a0 centro de atracc\u00e3o para cerca de um milh\u00e3o de peregrinos da arte, durante nos 100 dias. <strong>Podem-se ver as <a href=\"https:\/\/www.google.de\/search?q=documenta+14,+bilder&amp;client=firefox-b&amp;source=lnms&amp;tbm=isch&amp;sa=X&amp;ved=0ahUKEwj999HV4rDUAhWCVBoKHU7qAQEQ_AUICigB&amp;biw=1600&amp;bih=736\">Imagens<\/a> da d14 em espa\u00e7os interiores (em 25 museus e espa\u00e7os de exposi\u00e7\u00e3o) e em espa\u00e7os exteriores (11 obras de <a href=\"http:\/\/www.kassel.de\/kultur\/documenta\/d14\/infos\/23748\/\">Arte ao ar livre<\/a>, estas: sem necessidade de comprar bilhete); a documenta 14 \u00e9 acompanhada por muitas representa\u00e7\u00f5es e performances em lugares p\u00fablicos<\/strong>. A documenta disp\u00f5e de um or\u00e7amento de 34 milh\u00f5es de euros (o Estado contribui com 17 milh\u00f5es de euros).<\/p>\n<p><strong>Na d14, expressa-se um g\u00e9nero de arte que se pode designar de arte do conceito. A d14 na sequ\u00eancia da <a href=\"https:\/\/antonio-justo.eu\/?p=2259\">d13<\/a> acentua a <a href=\"https:\/\/antonio-justo.eu\/?p=1214\">politiza\u00e7\u00e3o<\/a> da arte que parece querer tornar-se numa esp\u00e9cie de <a href=\"https:\/\/antonio-justo.eu\/?p=1213\">religi\u00e3o<\/a> da pol\u00edtica com um novo sacerd\u00f3cio altaneiro que a explica e interpreta.<\/strong> Tem a caracter\u00edstica vantajosa de colocar temas pol\u00edticos na rampa do p\u00fablico. A <a href=\"https:\/\/www.hna.de\/kultur\/documenta\/documenta-14-was-presse-zur-weltkunstausstellung-sagt-8394417.html\">d14<\/a> al\u00e9m de ser um altifalante de conceitos de emo\u00e7\u00f5es e excita\u00e7\u00f5es ideol\u00f3gicas apresenta tamb\u00e9m alguns o\u00e1sis muito interessantes onde a fantasia art\u00edstica figurativa \u00e9 fomentada. A d14 n\u00e3o tem um centro que a oriente e \u00e9 demasiado grande para poder ser reduzida a uma opini\u00e3o. Pelo que pude observar, penso que no seu conjunto se pode considerar como que um grito desesperado duma gera\u00e7\u00e3o passageira, por se tornar numa repeti\u00e7\u00e3o de apelos niilistas da esquerda dos anos 70\/80.<\/p>\n<p><strong>O \u201cSpiegel online\u201d comenta que a d14 ao contr\u00e1rio da Bienal de Veneza \u201cbusca o atrito n\u00e3o busca o equil\u00edbrio\u201d. \u201cDie Welt\u201d v\u00ea o perigo da arte ser metida numa \u201cpris\u00e3o de pensamentos de \u00e1cido moralista\u201d e onde, segundo o jornal \u201cFAZ\u201d, se encontram \u201cexemplos banais de arte conceptual com pretextos a ser pol\u00edtica\u201d com posi\u00e7\u00f5es autorit\u00e1rias, que provocam desconforto no cliente da arte<\/strong>. FAZ refere ainda que o Conselho de Curadores da d14 escolheu obras de segunda classe de long\u00ednquas paragens para demonstrar desinteresse pelo Staus quo da arte.<\/p>\n<p>A d14, mais que chocar quer provocar, numa sociedade j\u00e1 de pele dura habituada ao estilo hodierno de grupos guerrilheiros aut\u00f3nomos.<\/p>\n<p>No planeta atemorizado e assustador em que vivemos, a documenta 14 pinta o mundo a preto e branco. Quer sacudir as pessoas com os meios da pol\u00edtica, do sexo e de outros eventos gr\u00e1vidos de esc\u00e2ndalo, numa paisagem recheada de problemas. E isto numa Alemanha em que, segundo as estat\u00edsticas, 25% dos alem\u00e3es se interessam por pol\u00edtica e o resto quer paz.<\/p>\n<p><strong>A documenta 14 consegue superar os caixilhos dos Estados nacionais e das multinacionais, mas n\u00e3o consegue, por natureza, superar as fronteiras ideol\u00f3gicas. O seu regente art\u00edstico, o socialista Adam Szymczyk opta pela provoca\u00e7\u00e3o. Szymczyk preceitua \u201co desaprender\u201d no sentido da desorienta\u00e7\u00e3o.<\/strong> A d14 transmite a impress\u00e3o de documentar um caos em que se quer ficar, o fim da democracia racional porque de facto a democracia cada vez se transforma mais num risco porque \u00e9 esbanjada. FAZ AM SONTAG refere que a grande fraqueza da d14 \u00e9 o seu \u201cprofundo desejo de ser moralmente certa; j\u00e1 em Atenas se fez de obras de arte documentos da luta internacional pela liberta\u00e7\u00e3o\u201d; os \u201corganizadores da d14 trope\u00e7am no erro do ensino dogm\u00e1tico\u201d em que tamb\u00e9m trope\u00e7ou o movimento Gender com a sua ideologia do preceito transg\u00e9nico. A documenta encontra-se obcecada pelo esp\u00edrito cr\u00edtico contra a domin\u00e2ncia \u201cbranca, masculinidade heterossexual\u201d vendo por todo lado racismo e fascismo. Falta-lhe \u201co poder de negocia\u00e7\u00e3o cr\u00edtica\u201d numa sociedade considerada como \u201cp\u00fablico experimental\u201d.<\/p>\n<p>&nbsp;<\/p>\n<div>\n<p>A Dokumenta 14 em Kassel demonstra a marcha da ideologia na arte; a arte conceptual \u00e9 aqui o altar da ideologia esquerda que procura criar um pequeno grupo de iniciados para que o povo se pasme n\u00e3o perante a arte mas perante as explica\u00e7\u00f5es.<\/p>\n<p><strong>Uma posi\u00e7\u00e3o arrojada e nova ser\u00e1 o aspecto <a href=\"https:\/\/www.facebook.com\/2228199490652277\/videos\/2567616526710570\/?hc_ref=OTHER\">cr\u00edtico<\/a> a surgir contra a ideocracia em voga; este ser\u00e1 mais um passo que a sociedade ter\u00e1 de colocar na ordem do dia na mesa do seu desenvolvimento. O problema \u00e9 que pensar a s\u00e9rio faz doer e isto n\u00e3o faz parte de produtos de consumo. <\/strong><\/p>\n<\/div>\n<div><\/div>\n<p><strong>\u00c9 louv\u00e1vel o esp\u00edrito tolerante e democr\u00e1tico de uma sociedade aberta que vive da controv\u00e9rsia mas que permanece fiel \u00e0 procura da verdade e do essencial n\u00e3o se deixando distrair pelo cantar das sereias. <\/strong><\/p>\n<p>\u00a9 <strong>Ant\u00f3nio da Cunha Duarte Justo<\/strong><\/p>\n<p>Pegadas do tempo<\/p>\n","protected":false},"excerpt":{"rendered":"<p>Arte e Monumentos s\u00e3o a Express\u00e3o e Mem\u00f3ria vis\u00edvel da P\u00f3lis Por Ant\u00f3nio Justo O cora\u00e7\u00e3o da arte contempor\u00e2nea mundial (documenta) pulsa pela d\u00e9cima quarta vez, durante 100 dias, em Kassel. Os Respons\u00e1veis da documenta 14 decidiram partilhar a d14 com Atenas de modo a realizar-se em Kassel e Atenas (d14 em Kassel de 10 &hellip; <a href=\"https:\/\/antonio-justo.eu\/?p=4345\" class=\"more-link\">Continuar a ler <span class=\"screen-reader-text\">DOCUMENTA 14 (d14) \u2013 O OLIMPO DA ARTE E DA IDEOLOGIA<\/span><\/a><\/p>\n","protected":false},"author":1,"featured_media":0,"comment_status":"open","ping_status":"open","sticky":false,"template":"","format":"standard","meta":{"sfsi_plus_gutenberg_text_before_share":"","sfsi_plus_gutenberg_show_text_before_share":"","sfsi_plus_gutenberg_icon_type":"","sfsi_plus_gutenberg_icon_alignemt":"","sfsi_plus_gutenburg_max_per_row":"","footnotes":""},"categories":[3,15,4,5,7,8],"tags":[],"class_list":["post-4345","post","type-post","status-publish","format-standard","hentry","category-arte","category-cultura","category-educacao","category-escola","category-politica","category-religiao"],"_links":{"self":[{"href":"https:\/\/antonio-justo.eu\/index.php?rest_route=\/wp\/v2\/posts\/4345","targetHints":{"allow":["GET"]}}],"collection":[{"href":"https:\/\/antonio-justo.eu\/index.php?rest_route=\/wp\/v2\/posts"}],"about":[{"href":"https:\/\/antonio-justo.eu\/index.php?rest_route=\/wp\/v2\/types\/post"}],"author":[{"embeddable":true,"href":"https:\/\/antonio-justo.eu\/index.php?rest_route=\/wp\/v2\/users\/1"}],"replies":[{"embeddable":true,"href":"https:\/\/antonio-justo.eu\/index.php?rest_route=%2Fwp%2Fv2%2Fcomments&post=4345"}],"version-history":[{"count":5,"href":"https:\/\/antonio-justo.eu\/index.php?rest_route=\/wp\/v2\/posts\/4345\/revisions"}],"predecessor-version":[{"id":4400,"href":"https:\/\/antonio-justo.eu\/index.php?rest_route=\/wp\/v2\/posts\/4345\/revisions\/4400"}],"wp:attachment":[{"href":"https:\/\/antonio-justo.eu\/index.php?rest_route=%2Fwp%2Fv2%2Fmedia&parent=4345"}],"wp:term":[{"taxonomy":"category","embeddable":true,"href":"https:\/\/antonio-justo.eu\/index.php?rest_route=%2Fwp%2Fv2%2Fcategories&post=4345"},{"taxonomy":"post_tag","embeddable":true,"href":"https:\/\/antonio-justo.eu\/index.php?rest_route=%2Fwp%2Fv2%2Ftags&post=4345"}],"curies":[{"name":"wp","href":"https:\/\/api.w.org\/{rel}","templated":true}]}}