{"id":4332,"date":"2017-06-21T09:59:22","date_gmt":"2017-06-21T08:59:22","guid":{"rendered":"https:\/\/antonio-justo.eu\/?p=4332"},"modified":"2017-06-21T09:59:22","modified_gmt":"2017-06-21T08:59:22","slug":"vamos-plantar-uma-arvore-em-desagravo-da-natureza-ofendida-e-como-lembranca-das-vitimas-do-fogo","status":"publish","type":"post","link":"https:\/\/antonio-justo.eu\/?p=4332","title":{"rendered":"VAMOS PLANTAR UMA \u00c1RVORE EM DESAGRAVO DA NATUREZA OFENDIDA E COMO LEMBRAN\u00c7A DAS V\u00cdTIMAS DO FOGO"},"content":{"rendered":"<p>Esta \u00e9 a hora da tristeza, da reflex\u00e3o e do sil\u00eancio. A cat\u00e1strofe de Pedr\u00f3gr\u00e3o Grande\u00a0 poder\u00e1 unir-nos na solidariedade com a natureza e com os mortos; esta pode despertar energias refor\u00e7adas que nos levem a plantar \u00e1rvores por todo o pa\u00eds em desagravo pela natureza e como ora\u00e7\u00e3o pelas pessoas v\u00edtimas do inc\u00eandio. <\/p>\n<p>Num pa\u00eds unido depois de ardido, assiste-se tamb\u00e9m ao jogo da ca\u00e7a aos gambozinos; em vez de se discutirem causas e pol\u00edticas para impedir desastres futuros numa natureza abandonada e que tamb\u00e9m chora, desperdi\u00e7am-se muitas energias na ca\u00e7a de uma culpa que se quer sempre \u201csolteira\u201d!<\/p>\n<p>\u00c9 natural que o povo acuse motivado pelo desespero e pela tristeza, mas que, nesta hora, pol\u00edticos e pessoas do gover<span class=\"text_exposed_show\">no se d\u00eaem ao desporto desresponsabilizante da declara\u00e7\u00e3o de culpados \u00e9 cinismo profanante. <\/span><\/p>\n<div class=\"text_exposed_show\">\n<p>VAMOS PLANTAR UMA \u00c1RVORE!<\/p>\n<p>Todos n\u00f3s temos uma l\u00e1grima a derramar devido \u00e0 maneira como temos tratado a natureza! Choremos e enterremos os mortos! Como povo, para que as nossas l\u00e1grimas n\u00e3o caiam em terra seca, esta seria a hora de todos plantamos \u00e1rvores por todo o pa\u00eds! Esta seria uma forma concreta de repara\u00e7\u00e3o popular e uma maneira de acordar a responsabilidade pol\u00edtica para a natureza ofendida! Vamos plantar uma \u00e1rvore!<\/p>\n<p>Ant\u00f3nio da Cnha Duarte Justo<\/p>\n<p>Pegadas do Tempo<\/p>\n<\/div>\n","protected":false},"excerpt":{"rendered":"<p>Esta \u00e9 a hora da tristeza, da reflex\u00e3o e do sil\u00eancio. A cat\u00e1strofe de Pedr\u00f3gr\u00e3o Grande\u00a0 poder\u00e1 unir-nos na solidariedade com a natureza e com os mortos; esta pode despertar energias refor\u00e7adas que nos levem a plantar \u00e1rvores por todo o pa\u00eds em desagravo pela natureza e como ora\u00e7\u00e3o pelas pessoas v\u00edtimas do inc\u00eandio. Num &hellip; <a href=\"https:\/\/antonio-justo.eu\/?p=4332\" class=\"more-link\">Continuar a ler <span class=\"screen-reader-text\">VAMOS PLANTAR UMA \u00c1RVORE EM DESAGRAVO DA NATUREZA OFENDIDA E COMO LEMBRAN\u00c7A DAS V\u00cdTIMAS DO FOGO<\/span><\/a><\/p>\n","protected":false},"author":1,"featured_media":0,"comment_status":"open","ping_status":"open","sticky":false,"template":"","format":"standard","meta":{"sfsi_plus_gutenberg_text_before_share":"","sfsi_plus_gutenberg_show_text_before_share":"","sfsi_plus_gutenberg_icon_type":"","sfsi_plus_gutenberg_icon_alignemt":"","sfsi_plus_gutenburg_max_per_row":"","footnotes":""},"categories":[3,15,14,4,5,7,8],"tags":[],"class_list":["post-4332","post","type-post","status-publish","format-standard","hentry","category-arte","category-cultura","category-economia","category-educacao","category-escola","category-politica","category-religiao"],"_links":{"self":[{"href":"https:\/\/antonio-justo.eu\/index.php?rest_route=\/wp\/v2\/posts\/4332","targetHints":{"allow":["GET"]}}],"collection":[{"href":"https:\/\/antonio-justo.eu\/index.php?rest_route=\/wp\/v2\/posts"}],"about":[{"href":"https:\/\/antonio-justo.eu\/index.php?rest_route=\/wp\/v2\/types\/post"}],"author":[{"embeddable":true,"href":"https:\/\/antonio-justo.eu\/index.php?rest_route=\/wp\/v2\/users\/1"}],"replies":[{"embeddable":true,"href":"https:\/\/antonio-justo.eu\/index.php?rest_route=%2Fwp%2Fv2%2Fcomments&post=4332"}],"version-history":[{"count":1,"href":"https:\/\/antonio-justo.eu\/index.php?rest_route=\/wp\/v2\/posts\/4332\/revisions"}],"predecessor-version":[{"id":4333,"href":"https:\/\/antonio-justo.eu\/index.php?rest_route=\/wp\/v2\/posts\/4332\/revisions\/4333"}],"wp:attachment":[{"href":"https:\/\/antonio-justo.eu\/index.php?rest_route=%2Fwp%2Fv2%2Fmedia&parent=4332"}],"wp:term":[{"taxonomy":"category","embeddable":true,"href":"https:\/\/antonio-justo.eu\/index.php?rest_route=%2Fwp%2Fv2%2Fcategories&post=4332"},{"taxonomy":"post_tag","embeddable":true,"href":"https:\/\/antonio-justo.eu\/index.php?rest_route=%2Fwp%2Fv2%2Ftags&post=4332"}],"curies":[{"name":"wp","href":"https:\/\/api.w.org\/{rel}","templated":true}]}}