{"id":4304,"date":"2017-06-13T09:47:38","date_gmt":"2017-06-13T08:47:38","guid":{"rendered":"https:\/\/antonio-justo.eu\/?p=4304"},"modified":"2017-06-13T09:47:38","modified_gmt":"2017-06-13T08:47:38","slug":"parabens-aos-antonios-neste-dia-do-seu-onomastico-santo-antonio","status":"publish","type":"post","link":"https:\/\/antonio-justo.eu\/?p=4304","title":{"rendered":"PARAB\u00c9NS AOS ANT\u00d3NIOS NESTE DIA DO SEU ONOM\u00c1STICO (SANTO ANT\u00d3NIO)"},"content":{"rendered":"<p>Nasceu em Lisboa, 15 de agosto de (1191-1195) e morreu em P\u00e1dua, a 13 de junho de 1231. Por isso \u00e9 conhecido como Santo Ant\u00f3nio de Lisboa e como Santo Ant\u00f3nio de P\u00e1dua; jaz na Bas\u00edlica de Santo Ant\u00f3nio de P\u00e1dua.<\/p>\n<p>Te\u00f3logo, m\u00edstico, asceta, o Doutor da Igreja \u00e9 um santo popular e como tal mais conhecido como santo milagreiro, das coisas perdidas, dos responsos e casamenteiro, o patrono das festas populares.<\/p>\n<p><strong><span style=\"color: #3366ff;\">Coloco aqui algumas frases ditas pelo santo:<\/span><\/strong><\/p>\n<p>\u201cDeus \u00e9 Pai de todas as coisas. Suas criaturas s\u00e3o irm\u00e3os e irm\u00e3s.\u201d<\/p>\n<p>\u201cA paci\u00eancia \u00e9 melhor maneira de vencer.\u201d<\/p>\n<p>\u201cN\u00e3o poder\u00e1s levar os fardos de outrem, se n\u00e3o depuseres primeiro os teus. Alivia-te primeiro dos teus, e poder\u00e1s levar os fardos de outrem.\u201d<\/p>\n<p>\u201cAntes de entrar um raio de sol em casa, n\u00e3o aparece dentro, no ar, o p\u00f3; se, por\u00e9m, entrar um raio de sol, parece cheia de p\u00f3.\u201d<\/p>\n<p>\u201cA palavra \u00e9 viva quando falam as obras. Cessem, pois, as palavras e falem as obras. Estamos cheios de palavras, mas vazios de obras!\u201d<\/p>\n<p>\u201c\u00c9 raro o dano que n\u00e3o provenha da abund\u00e2ncia\u201d.<\/p>\n<p>\u201cO estrume reunido em casa exala mau cheiro; disperso, fecunda a terra. Assim acontece com as riquezas: devem ser dispersas, isto \u00e9, distribu\u00eddas e restitu\u00eddas aos pobres, que s\u00e3o seus donos, e assim h\u00e3o de fecundar a terra do esp\u00edrito e faz\u00ea-la frutificar\u201d.<\/p>\n<p>\u201cUsa mais vezes os ouvidos do que a l\u00edngua.\u201d<\/p>\n<p>&#8220;Quem ama n\u00e3o conhece nada que seja dif\u00edcil.&#8221;<\/p>\n<p>\u201cA f\u00e9 compara-se ao peixe. assim como o peixe \u00e9 batido pelas frequentes ondas do mar, sem que morra com isso, tamb\u00e9m a f\u00e9 n\u00e3o se quebra com as adversidades\u201d.<\/p>\n<p>\u201cO hip\u00f3crita assemelha-se ao pav\u00e3o: ao ser provocado pelas crian\u00e7as, mostra o esplendor das suas penas e, quando faz rodar a cauda, descobre torpemente o traseiro\u201d.<\/p>\n<p>Frases em \u201cObras completas de Santo Ant\u00f3nio de Lisboa\u201d.<\/p>\n<p>&nbsp;<\/p>\n<p><span style=\"color: #3366ff;\"><strong><span style=\"color: #3366ff;\">Junto aqui o respons\u00f3rio a Santo Ant\u00f3nio, muito conhecido nas devo\u00e7\u00f5es populares:<\/span><\/strong><\/span><\/p>\n<p><strong>Responso de Santo Ant\u00f3nio:<\/strong><\/p>\n<p><strong>Se milagres desejais,<br \/>\nRecorrei a Santo Ant\u00f3nio;<br \/>\nVereis fugir o dem\u00f3nio<br \/>\nE as tenta\u00e7\u00f5es infernais.<\/p>\n<p>Recupera-se o perdido.<br \/>\nRompe-se a dura pris\u00e3o<br \/>\nE no lugar do furac\u00e3o<br \/>\nCede o mar embravecido.<\/p>\n<p>Todos os males humanos<br \/>\nSe moderam se retiram,<br \/>\nDigam-no aqueles que o viram,<br \/>\nE digam-no os lusitanos.<\/p>\n<p>Recupera-se o perdido.<br \/>\nRompe-se a dura pris\u00e3o<br \/>\nE no auge do furac\u00e3o<br \/>\nCede o mar embravecido.<\/p>\n<p>Pela sua intercess\u00e3o<br \/>\nFoge a peste, o erro, a morte,<br \/>\nO fraco torna-se forte<br \/>\nE torna-se o enfermo s\u00e3o.<\/p>\n<p>Recupera-se o perdido.<br \/>\nRompe-se a dura pris\u00e3o<br \/>\nE no auge do furac\u00e3o<br \/>\nCede o mar embravecido.<\/p>\n<p>Gl\u00f3ria ao Pai, e ao Filho, e ao Esp\u00edrito Santo.<\/p>\n<p>Recupera-se o perdido.<br \/>\nRompe-se a dura pris\u00e3o<br \/>\nE no auge do furac\u00e3o<br \/>\nCede o mar embravecido.<\/p>\n<p>Rogai por n\u00f3s, bem-aventurado Ant\u00f3nio.<br \/>\nPara que sejamos dignos das Promessas de Cristo.<\/strong><\/p>\n<p><strong>\u00a0<\/strong><\/p>\n<p><strong>\u00a0\u00a0\u00a0\u00a0\u00a0\u00a0\u00a0\u00a0 Ora\u00e7\u00e3o a Santo Ant\u00f3nio, para achar objectos perdidos<\/strong><\/p>\n<p><strong>\u00a0<\/strong><\/p>\n<p><strong>Eu vos sa\u00fado, glorioso Santo Ant\u00f3nio,<\/strong><\/p>\n<p><strong>fiel protector dos que em v\u00f3s esperam.<\/strong><\/p>\n<p><strong>J\u00e1 que recebestes de Deus o poder especial<\/strong><\/p>\n<p><strong>de fazer achar os objectos perdidos,<\/strong><\/p>\n<p><strong>socorrei-me neste momento,<\/strong><\/p>\n<p><strong>a fim de que, mediante vosso aux\u00edlio,<\/strong><\/p>\n<p><strong>eu encontre o objecto que procuro&#8230;<\/strong><\/p>\n<p><strong>\u00a0<\/strong><\/p>\n<p><strong>Alcan\u00e7ai-me, sobretudo, uma f\u00e9 viva,<\/strong><\/p>\n<p><strong>uma esperan\u00e7a firme, uma caridade ardente<\/strong><\/p>\n<p><strong>e uma docilidade sempre pronta aos desejos de Deus.<\/strong><\/p>\n<p><strong>Que eu n\u00e3o me detenha apenas nas coisas deste mundo.<\/strong><\/p>\n<p><strong>Saiba valoriz\u00e1-las e utiliz\u00e1-las<\/strong><\/p>\n<p><strong>como algo que nos foi emprestado<\/strong><\/p>\n<p><strong>e lute sobretudo por aquelas coisas<\/strong><\/p>\n<p><strong>que ladr\u00e3o nenhum pode nos arrebatar<\/strong><\/p>\n<p><strong>e nem iremos perder jamais.<\/strong><\/p>\n<p><strong>Assim seja.<\/strong><\/p>\n","protected":false},"excerpt":{"rendered":"<p>Nasceu em Lisboa, 15 de agosto de (1191-1195) e morreu em P\u00e1dua, a 13 de junho de 1231. Por isso \u00e9 conhecido como Santo Ant\u00f3nio de Lisboa e como Santo Ant\u00f3nio de P\u00e1dua; jaz na Bas\u00edlica de Santo Ant\u00f3nio de P\u00e1dua. Te\u00f3logo, m\u00edstico, asceta, o Doutor da Igreja \u00e9 um santo popular e como tal &hellip; <a href=\"https:\/\/antonio-justo.eu\/?p=4304\" class=\"more-link\">Continuar a ler <span class=\"screen-reader-text\">PARAB\u00c9NS AOS ANT\u00d3NIOS NESTE DIA DO SEU ONOM\u00c1STICO (SANTO ANT\u00d3NIO)<\/span><\/a><\/p>\n","protected":false},"author":1,"featured_media":0,"comment_status":"open","ping_status":"open","sticky":false,"template":"","format":"standard","meta":{"sfsi_plus_gutenberg_text_before_share":"","sfsi_plus_gutenberg_show_text_before_share":"","sfsi_plus_gutenberg_icon_type":"","sfsi_plus_gutenberg_icon_alignemt":"","sfsi_plus_gutenburg_max_per_row":"","footnotes":""},"categories":[15,8],"tags":[],"class_list":["post-4304","post","type-post","status-publish","format-standard","hentry","category-cultura","category-religiao"],"_links":{"self":[{"href":"https:\/\/antonio-justo.eu\/index.php?rest_route=\/wp\/v2\/posts\/4304","targetHints":{"allow":["GET"]}}],"collection":[{"href":"https:\/\/antonio-justo.eu\/index.php?rest_route=\/wp\/v2\/posts"}],"about":[{"href":"https:\/\/antonio-justo.eu\/index.php?rest_route=\/wp\/v2\/types\/post"}],"author":[{"embeddable":true,"href":"https:\/\/antonio-justo.eu\/index.php?rest_route=\/wp\/v2\/users\/1"}],"replies":[{"embeddable":true,"href":"https:\/\/antonio-justo.eu\/index.php?rest_route=%2Fwp%2Fv2%2Fcomments&post=4304"}],"version-history":[{"count":1,"href":"https:\/\/antonio-justo.eu\/index.php?rest_route=\/wp\/v2\/posts\/4304\/revisions"}],"predecessor-version":[{"id":4305,"href":"https:\/\/antonio-justo.eu\/index.php?rest_route=\/wp\/v2\/posts\/4304\/revisions\/4305"}],"wp:attachment":[{"href":"https:\/\/antonio-justo.eu\/index.php?rest_route=%2Fwp%2Fv2%2Fmedia&parent=4304"}],"wp:term":[{"taxonomy":"category","embeddable":true,"href":"https:\/\/antonio-justo.eu\/index.php?rest_route=%2Fwp%2Fv2%2Fcategories&post=4304"},{"taxonomy":"post_tag","embeddable":true,"href":"https:\/\/antonio-justo.eu\/index.php?rest_route=%2Fwp%2Fv2%2Ftags&post=4304"}],"curies":[{"name":"wp","href":"https:\/\/api.w.org\/{rel}","templated":true}]}}