{"id":4297,"date":"2017-06-10T15:08:38","date_gmt":"2017-06-10T14:08:38","guid":{"rendered":"https:\/\/antonio-justo.eu\/?p=4297"},"modified":"2017-06-10T15:30:02","modified_gmt":"2017-06-10T14:30:02","slug":"4297","status":"publish","type":"post","link":"https:\/\/antonio-justo.eu\/?p=4297","title":{"rendered":"DIA DE CAM\u00d5ES E DAS COMUNIDADES PORTUGUESAS 2017"},"content":{"rendered":"<h2 style=\"text-align: center;\"><strong><span style=\"color: #3366ff;\">Obrigado, pela Visita, Senhor Presidente Rebelo de Sousa<\/span><\/strong><\/h2>\n<p><strong>Ant\u00f3nio Justo<\/strong><\/p>\n<p>O Presidente Rebelo de Sousa no dia das comunidades, visita os portugueses emigrados na tentativa de criar pontes entre as comunidades portuguesas e Portugal.<\/p>\n<p>Com a visita a Paris e agora ao Rio de Janeiro (S\u00e3o Paulo e Recife), o Presidente procura simbolicamente compensar, a n\u00edvel afectivo, a liga\u00e7\u00e3o de Portugal aos portugueses emigrantes, numa iniciativa para remediar uma car\u00eancia emocional positiva da sociedade portuguesa para com os seus compatriotas fora do pa\u00eds.<\/p>\n<p>De facto, na opini\u00e3o p\u00fablica portuguesa nunca se deu relev\u00e2ncia aos emigrantes nem ao seu relevante significado para o desenvolvimento econ\u00f3mico do pa\u00eds.<\/p>\n<p>Mais vale tarde que nunca! A m\u00e1 consci\u00eancia das elites portuguesas perante o fen\u00f3meno da emigra\u00e7\u00e3o e uma certa inveja depreciativa de grande parte da camada popular, por vezes, tamb\u00e9m fomentada por algum emigrante turista, parece come\u00e7ar a mudar-se para melhor.<\/p>\n<p>Obrigado senhor presidente Rebelo de Sousa! A sua visita talvez d\u00ea aos M\u00eddias portugueses a oportunidade de focarem os aspectos positivos que os Emigrantes trouxeram para Portugal, apesar do desconsolo e do desperd\u00edcio que significa para uma na\u00e7\u00e3o o facto de muitos dos seus cidad\u00e3os terem de emigrar.<\/p>\n<p>Ainda sobre o 10 de Junho de uma outra perspectiva: 10 de Junho https:\/\/antonio-justo.eu\/?p=3163<\/p>\n<p><strong>Ant\u00f3nio da Cunha Duarte Justo<\/strong><\/p>\n<p>Pegadas do Tempo<\/p>\n","protected":false},"excerpt":{"rendered":"<p>Obrigado, pela Visita, Senhor Presidente Rebelo de Sousa Ant\u00f3nio Justo O Presidente Rebelo de Sousa no dia das comunidades, visita os portugueses emigrados na tentativa de criar pontes entre as comunidades portuguesas e Portugal. Com a visita a Paris e agora ao Rio de Janeiro (S\u00e3o Paulo e Recife), o Presidente procura simbolicamente compensar, a &hellip; <a href=\"https:\/\/antonio-justo.eu\/?p=4297\" class=\"more-link\">Continuar a ler <span class=\"screen-reader-text\">DIA DE CAM\u00d5ES E DAS COMUNIDADES PORTUGUESAS 2017<\/span><\/a><\/p>\n","protected":false},"author":1,"featured_media":0,"comment_status":"open","ping_status":"open","sticky":false,"template":"","format":"standard","meta":{"sfsi_plus_gutenberg_text_before_share":"","sfsi_plus_gutenberg_show_text_before_share":"","sfsi_plus_gutenberg_icon_type":"","sfsi_plus_gutenberg_icon_alignemt":"","sfsi_plus_gutenburg_max_per_row":"","footnotes":""},"categories":[6,7],"tags":[],"class_list":["post-4297","post","type-post","status-publish","format-standard","hentry","category-migracao","category-politica"],"_links":{"self":[{"href":"https:\/\/antonio-justo.eu\/index.php?rest_route=\/wp\/v2\/posts\/4297","targetHints":{"allow":["GET"]}}],"collection":[{"href":"https:\/\/antonio-justo.eu\/index.php?rest_route=\/wp\/v2\/posts"}],"about":[{"href":"https:\/\/antonio-justo.eu\/index.php?rest_route=\/wp\/v2\/types\/post"}],"author":[{"embeddable":true,"href":"https:\/\/antonio-justo.eu\/index.php?rest_route=\/wp\/v2\/users\/1"}],"replies":[{"embeddable":true,"href":"https:\/\/antonio-justo.eu\/index.php?rest_route=%2Fwp%2Fv2%2Fcomments&post=4297"}],"version-history":[{"count":4,"href":"https:\/\/antonio-justo.eu\/index.php?rest_route=\/wp\/v2\/posts\/4297\/revisions"}],"predecessor-version":[{"id":4301,"href":"https:\/\/antonio-justo.eu\/index.php?rest_route=\/wp\/v2\/posts\/4297\/revisions\/4301"}],"wp:attachment":[{"href":"https:\/\/antonio-justo.eu\/index.php?rest_route=%2Fwp%2Fv2%2Fmedia&parent=4297"}],"wp:term":[{"taxonomy":"category","embeddable":true,"href":"https:\/\/antonio-justo.eu\/index.php?rest_route=%2Fwp%2Fv2%2Fcategories&post=4297"},{"taxonomy":"post_tag","embeddable":true,"href":"https:\/\/antonio-justo.eu\/index.php?rest_route=%2Fwp%2Fv2%2Ftags&post=4297"}],"curies":[{"name":"wp","href":"https:\/\/api.w.org\/{rel}","templated":true}]}}