{"id":4286,"date":"2017-06-06T14:58:13","date_gmt":"2017-06-06T13:58:13","guid":{"rendered":"https:\/\/antonio-justo.eu\/?p=4286"},"modified":"2017-06-08T18:16:12","modified_gmt":"2017-06-08T17:16:12","slug":"nas-sombras-de-trump-qatar-bloqeado-e-o-irao-no-alvo","status":"publish","type":"post","link":"https:\/\/antonio-justo.eu\/?p=4286","title":{"rendered":"NAS SOMBRAS DE TRUMP \u2013 QATAR BLOQEADO E O IR\u00c3O  NO ALVO"},"content":{"rendered":"<h2><span style=\"color: #3366ff;\"><strong><span style=\"color: #3366ff;\">Mais um problema que Trump cria \u00e0 Alemanha!<\/span><\/strong><\/span><\/h2>\n<p><strong>Ant\u00f3nio Justo<\/strong><\/p>\n<p>Qatar est\u00e1 a ser isolado (desmascarado?) pelos pa\u00edses irm\u00e3os Ar\u00e1bia Saudita, Egito, Bahrain, Emirados \u00c1rabes Unidos, L\u00edbia, Maldivas e I\u00e9men.<\/p>\n<p>Estes pa\u00edses cortaram rela\u00e7\u00f5es com o Qatar (a 05.06) pelo facto de este apoiar o terrorismo e de dar acolhimento aos grupos terroristas: mil\u00edcia Jihadista, Estado Isl\u00e2mico, Al Qaeda e Irmandade Mu\u00e7ulmana.<\/p>\n<p>Com o encerramento das fronteiras sauditas para o Katar e o embargo dos voos de avi\u00f5es catarianos torna-se imposs\u00edvel o acesso terrestre a Qatar. Os Saudis argumentam que tomaram a iniciativa do bloqueio para obstarem ao \u201cperigo do terrorismo e extremismo\u201d, o que Qatar desmente oficialmente contrapondo que a Ar\u00e1bia Saudita quer colocar Qatar sob \u201ca tutela saudita\u201d.<\/p>\n<p>\u00c9 verdade que o Ir\u00e3o apoia terroristas, mas a Ar\u00e1bia Saudita fomenta o extremismo religioso na vertente do neofundamentalismo salafista (continua\u00e7\u00e3o no exterior do wahhabismo da Ar\u00e1bia Saudita que defende a aplica\u00e7\u00e3o da sharia); apoia-o na a constru\u00e7\u00e3o de Mesquitas em todo o mundo, o que \u00e9 visto como bom em muitos pa\u00edses pelo investimento econ\u00f3mico que isso significa. Os salafistas procura fomentar a expans\u00e3o mu\u00e7ulmana, especialmente, na Europa. O seu programa de distribui\u00e7\u00e3o p\u00fablica e gratuita do Cor\u00e3o em muitas cidades europeias revelou-se como estrat\u00e9gia de angariar elementos muitas vezes posteriormente radicalizados.<\/p>\n<p>Quase todos as redes terroristas at\u00e9 agora identificadas na Alemanha se encontram no meio salafista ou sob a sua influ\u00eancia.<\/p>\n<p>Trump levou \u00e0 Ar\u00e1bia Saudita um neg\u00f3cio de 310 mil milh\u00f5es de D\u00f3lares em armas e declarou o terrorismo xiita como muito perigoso. A situa\u00e7\u00e3o revela-se num bom neg\u00f3cio para a Am\u00e9rica, mas numa cat\u00e1strofe para a regi\u00e3o que n\u00e3o sair\u00e1 das contendas entre sunitas e xiitas na luta pela supremacia na regi\u00e3o e de que outros se aproveitam.<\/p>\n<p>Qatar tem grandes investimentos na Alemanha, possuindo ac\u00e7\u00f5es no Grupo VW, Deutsche Bank e na empresa de constru\u00e7\u00e3o Hochtief. Mais um problema que Trump cria \u00e0 Alemanha!<\/p>\n<p>Trump deixou, na Ar\u00e1bia Saudita, o aviso ao Ir\u00e3o xiita e agora, nas suas sombras, os irm\u00e3os sunitas parecem dispostos a concretizar a mensagem de Trump.<\/p>\n<p>A regi\u00e3o manter-se-\u00e1 um paiol de p\u00f3lvora enquanto os tr\u00eas galos num poleiro (Ir\u00e3o, Ar\u00e1bia Saudita e Turquia) disputarem o direito \u00e0 supremacia regional do xiismo ou do sunismo mu\u00e7ulmanos. A n\u00edvel de estrat\u00e9gia, todos est\u00e3o interessados na desestabiliza\u00e7\u00e3o do Egipto, Iraque, S\u00edria, etc,). No meio de tudo isto, o Ocidente, a R\u00fassia e a China v\u00e3o fazendo o seu neg\u00f3cio.<\/p>\n<p>Em quest\u00f5es de muito neg\u00f3cio os interesses cautelares recomendam a express\u00e3o moderada! O neg\u00f3cio move tudo, o resto \u00e9 infelizmente m\u00fasica de acompanhamento.<\/p>\n<p>&nbsp;<\/p>\n<p><strong>Ant\u00f3nio da Cunha Duarte Justo<\/strong><\/p>\n<p>Pegadas do Tempo<\/p>\n","protected":false},"excerpt":{"rendered":"<p>Mais um problema que Trump cria \u00e0 Alemanha! Ant\u00f3nio Justo Qatar est\u00e1 a ser isolado (desmascarado?) pelos pa\u00edses irm\u00e3os Ar\u00e1bia Saudita, Egito, Bahrain, Emirados \u00c1rabes Unidos, L\u00edbia, Maldivas e I\u00e9men. Estes pa\u00edses cortaram rela\u00e7\u00f5es com o Qatar (a 05.06) pelo facto de este apoiar o terrorismo e de dar acolhimento aos grupos terroristas: mil\u00edcia Jihadista, &hellip; <a href=\"https:\/\/antonio-justo.eu\/?p=4286\" class=\"more-link\">Continuar a ler <span class=\"screen-reader-text\">NAS SOMBRAS DE TRUMP \u2013 QATAR BLOQEADO E O IR\u00c3O  NO ALVO<\/span><\/a><\/p>\n","protected":false},"author":1,"featured_media":0,"comment_status":"open","ping_status":"open","sticky":false,"template":"","format":"standard","meta":{"sfsi_plus_gutenberg_text_before_share":"","sfsi_plus_gutenberg_show_text_before_share":"","sfsi_plus_gutenberg_icon_type":"","sfsi_plus_gutenberg_icon_alignemt":"","sfsi_plus_gutenburg_max_per_row":"","footnotes":""},"categories":[14,7,8],"tags":[],"class_list":["post-4286","post","type-post","status-publish","format-standard","hentry","category-economia","category-politica","category-religiao"],"_links":{"self":[{"href":"https:\/\/antonio-justo.eu\/index.php?rest_route=\/wp\/v2\/posts\/4286","targetHints":{"allow":["GET"]}}],"collection":[{"href":"https:\/\/antonio-justo.eu\/index.php?rest_route=\/wp\/v2\/posts"}],"about":[{"href":"https:\/\/antonio-justo.eu\/index.php?rest_route=\/wp\/v2\/types\/post"}],"author":[{"embeddable":true,"href":"https:\/\/antonio-justo.eu\/index.php?rest_route=\/wp\/v2\/users\/1"}],"replies":[{"embeddable":true,"href":"https:\/\/antonio-justo.eu\/index.php?rest_route=%2Fwp%2Fv2%2Fcomments&post=4286"}],"version-history":[{"count":2,"href":"https:\/\/antonio-justo.eu\/index.php?rest_route=\/wp\/v2\/posts\/4286\/revisions"}],"predecessor-version":[{"id":4288,"href":"https:\/\/antonio-justo.eu\/index.php?rest_route=\/wp\/v2\/posts\/4286\/revisions\/4288"}],"wp:attachment":[{"href":"https:\/\/antonio-justo.eu\/index.php?rest_route=%2Fwp%2Fv2%2Fmedia&parent=4286"}],"wp:term":[{"taxonomy":"category","embeddable":true,"href":"https:\/\/antonio-justo.eu\/index.php?rest_route=%2Fwp%2Fv2%2Fcategories&post=4286"},{"taxonomy":"post_tag","embeddable":true,"href":"https:\/\/antonio-justo.eu\/index.php?rest_route=%2Fwp%2Fv2%2Ftags&post=4286"}],"curies":[{"name":"wp","href":"https:\/\/api.w.org\/{rel}","templated":true}]}}