{"id":4278,"date":"2017-06-04T11:57:50","date_gmt":"2017-06-04T10:57:50","guid":{"rendered":"https:\/\/antonio-justo.eu\/?p=4278"},"modified":"2017-06-04T11:59:11","modified_gmt":"2017-06-04T10:59:11","slug":"portugal-em-3-lugar-no-indice-global-da-paz","status":"publish","type":"post","link":"https:\/\/antonio-justo.eu\/?p=4278","title":{"rendered":"PORTUGAL EM 3\u00b0 LUGAR NO \u00cdNDICE GLOBAL DA PAZ"},"content":{"rendered":"<h2 style=\"text-align: center;\"><span style=\"color: #00ccff;\">Pa\u00edses Lus\u00f3fonos a Caminho \u2013 Europa: a Regi\u00e3o mais pac\u00edfica do Globo<\/span><\/h2>\n<p><strong>Ant\u00f3nio Justo<\/strong><\/p>\n<p><strong>O <\/strong>Instituto para Economia e Paz (<a href=\"http:\/\/economicsandpeace.org\/reports\/\">IEP<\/a>) apresentou o \u00cdndice Global de Paz (<a href=\"http:\/\/economicsandpeace.org\/\">IGP 2017<\/a>), baseado na an\u00e1lise<strong> de 163 pa\u00edses e coloca Portugal em terceiro lugar no Ranking das na\u00e7\u00f5es mais tranquilas<\/strong>.<\/p>\n<h2><span style=\"color: #00ccff;\">Pa\u00edses Lus\u00f3fonos<\/span><\/h2>\n<p>A classifica\u00e7\u00e3o da Comunidade dos Pa\u00edses de L\u00edngua Portuguesa (CPLP) \u00e9 encabe\u00e7ada com o 3\u00b0. lugar para Portugal, seguida do 53\u00b0. para Timor Leste; 61\u00b0. para Guin\u00e9 Equatorial; 78\u00b0. para Mo\u00e7ambique; 100\u00b0. para Angola; 108\u00b0. para o Brasil; 122\u00b0. para Guin\u00e9 Bissau.<\/p>\n<p>Cabo Verde e S. Tom\u00e9 e Pr\u00edncipe n\u00e3o entraram na an\u00e1lise.<\/p>\n<p><strong>Segundo IEP Portugal passou do quinto para o terceiro lugar, ultrapassando a \u00c1ustria na classifica\u00e7\u00e3o da posi\u00e7\u00e3o mundial, devido, sobretudo, a uma recupera\u00e7\u00e3o constante na sua crise financeira, o que levou a uma maior estabilidade interna para o pa\u00eds. <\/strong><\/p>\n<h2><span style=\"color: #00ccff;\">Crit\u00e9rios para a classifica\u00e7\u00e3o dos pa\u00edses<\/span><\/h2>\n<p><strong>Como factores para a classifica\u00e7\u00e3o dos pa\u00edses,<\/strong> os cientistas servem-se dos seguintes grupos de indicadores: 1. <strong>Os conflitos no pa\u00eds e no exterior<\/strong>: n\u00famero e dura\u00e7\u00e3o de conflitos com outros pa\u00edses, e o n\u00famero de mortes por viol\u00eancia organizada; <strong>2. Seguran\u00e7a Social<\/strong>: instabilidade pol\u00edtica e probabilidade de manifesta\u00e7\u00f5es violentas e do n\u00famero de detidos nas pris\u00f5es; <strong>3. Militariza\u00e7\u00e3o<\/strong>: quanto dinheiro disponibiliza o pa\u00eds para as suas for\u00e7as armadas, n\u00famero de soldados dispon\u00edveis e se tem armas nucleares.<\/p>\n<h2><span style=\"color: #00ccff;\">Os 10 pa\u00edses com mais paz e menos viol\u00eancia<\/span><\/h2>\n<p>1.Isl\u00e2ndia, 2. Nova Zel\u00e2ndia, 3. Portugal, 4. \u00c1ustria, 5. Dinamarca, 6. Rep\u00fablica Checa, 7. Su\u00ed\u00e7a, 8. Canad\u00e1, 9. Jap\u00e3o, 10. Irlanda.<\/p>\n<p><strong>Entre outros<\/strong>: 16. Alemanha, 23. Espanha, 38. It\u00e1lia, 41. Reino Unido (ainda sem o recente ataque terrorista), 51. Fran\u00e7a, 137. \u00cdndia, 151. R\u00fassia, 161. Iraque, 162. Afeganist\u00e3o,163. S\u00edria.<\/p>\n<p>Na carta apresentada pelo IEP a R\u00fassia encontra-se com a cor vermelha tal como a S\u00edria; at\u00e9 o Egipto tem um melhor \u00edndice de paz que a R\u00fassia, o que parece question\u00e1vel.<\/p>\n<p>O relat\u00f3rio coloca a Europa como a regi\u00e3o mais pac\u00edfica do mundo. O projecto Uni\u00e3o Europeia tem sido, certamente, um factor de garantia de paz. Apesar da guerra na Jugosl\u00e1via e do bombardeamento da S\u00e9rvia, nos anos 1990, a paz tem-se estabilizado, apesar de certos ind\u00edcios de inseguran\u00e7a e medos a aumentar.<\/p>\n<p>Apesar do cancro da guerra em muitos pa\u00edses e do terrorismo islamista a esperan\u00e7a \u00e9 maior que o medo!<\/p>\n<p>O facto de alguns se afogarem na praia n\u00e3o justifica que se traga colete salva-vidas na banheira.<\/p>\n<p>O importante \u00e9 assegurar a paz sem que isso aconte\u00e7a \u00e0 custa da explora\u00e7\u00e3o de outros. O Estado, as institui\u00e7\u00f5es e os indiv\u00edduos ter\u00e3o de se empenhar no grande projeto de criar uma cultura de afirma\u00e7\u00e3o pela paz.<\/p>\n<p><strong>Ant\u00f3nio da Cunha Duarte Justo<\/strong><\/p>\n<p>Pegadas do Tempo<\/p>\n","protected":false},"excerpt":{"rendered":"<p>Pa\u00edses Lus\u00f3fonos a Caminho \u2013 Europa: a Regi\u00e3o mais pac\u00edfica do Globo Ant\u00f3nio Justo O Instituto para Economia e Paz (IEP) apresentou o \u00cdndice Global de Paz (IGP 2017), baseado na an\u00e1lise de 163 pa\u00edses e coloca Portugal em terceiro lugar no Ranking das na\u00e7\u00f5es mais tranquilas. Pa\u00edses Lus\u00f3fonos A classifica\u00e7\u00e3o da Comunidade dos Pa\u00edses &hellip; <a href=\"https:\/\/antonio-justo.eu\/?p=4278\" class=\"more-link\">Continuar a ler <span class=\"screen-reader-text\">PORTUGAL EM 3\u00b0 LUGAR NO \u00cdNDICE GLOBAL DA PAZ<\/span><\/a><\/p>\n","protected":false},"author":1,"featured_media":0,"comment_status":"open","ping_status":"open","sticky":false,"template":"","format":"standard","meta":{"sfsi_plus_gutenberg_text_before_share":"","sfsi_plus_gutenberg_show_text_before_share":"","sfsi_plus_gutenberg_icon_type":"","sfsi_plus_gutenberg_icon_alignemt":"","sfsi_plus_gutenburg_max_per_row":"","footnotes":""},"categories":[3,15,14,4,5,6,7,8],"tags":[],"class_list":["post-4278","post","type-post","status-publish","format-standard","hentry","category-arte","category-cultura","category-economia","category-educacao","category-escola","category-migracao","category-politica","category-religiao"],"_links":{"self":[{"href":"https:\/\/antonio-justo.eu\/index.php?rest_route=\/wp\/v2\/posts\/4278","targetHints":{"allow":["GET"]}}],"collection":[{"href":"https:\/\/antonio-justo.eu\/index.php?rest_route=\/wp\/v2\/posts"}],"about":[{"href":"https:\/\/antonio-justo.eu\/index.php?rest_route=\/wp\/v2\/types\/post"}],"author":[{"embeddable":true,"href":"https:\/\/antonio-justo.eu\/index.php?rest_route=\/wp\/v2\/users\/1"}],"replies":[{"embeddable":true,"href":"https:\/\/antonio-justo.eu\/index.php?rest_route=%2Fwp%2Fv2%2Fcomments&post=4278"}],"version-history":[{"count":3,"href":"https:\/\/antonio-justo.eu\/index.php?rest_route=\/wp\/v2\/posts\/4278\/revisions"}],"predecessor-version":[{"id":4281,"href":"https:\/\/antonio-justo.eu\/index.php?rest_route=\/wp\/v2\/posts\/4278\/revisions\/4281"}],"wp:attachment":[{"href":"https:\/\/antonio-justo.eu\/index.php?rest_route=%2Fwp%2Fv2%2Fmedia&parent=4278"}],"wp:term":[{"taxonomy":"category","embeddable":true,"href":"https:\/\/antonio-justo.eu\/index.php?rest_route=%2Fwp%2Fv2%2Fcategories&post=4278"},{"taxonomy":"post_tag","embeddable":true,"href":"https:\/\/antonio-justo.eu\/index.php?rest_route=%2Fwp%2Fv2%2Ftags&post=4278"}],"curies":[{"name":"wp","href":"https:\/\/api.w.org\/{rel}","templated":true}]}}