{"id":4205,"date":"2017-03-23T17:18:12","date_gmt":"2017-03-23T16:18:12","guid":{"rendered":"https:\/\/antonio-justo.eu\/?p=4205"},"modified":"2017-03-23T17:21:32","modified_gmt":"2017-03-23T16:21:32","slug":"do-tempo-pos-facto-passa-se-ao-tempo-pos-politico-o-tempo-da-pos-razao","status":"publish","type":"post","link":"https:\/\/antonio-justo.eu\/?p=4205","title":{"rendered":"DO TEMPO P\u00d3S-FACTO PASSA-SE AO TEMPO P\u00d3S-POL\u00cdTICO &#8211; O TEMPO DA P\u00d3S-RAZ\u00c3O"},"content":{"rendered":"<h2 style=\"text-align: center;\"><strong><span style=\"color: #ff6600;\">A Uni\u00e3o Europeia desorientada deita os C\u00e3es \u00e0 solta<\/span> <\/strong><\/h2>\n<p>&nbsp;<\/p>\n<p><strong>Ant\u00f3nio Justo<\/strong><\/p>\n<p><strong>\u00a0<\/strong><\/p>\n<h3><span style=\"color: #ff6600;\"><strong><span style=\"color: #ff6600;\">Os factos<\/span><\/strong><\/span><\/h3>\n<p>Sem o mencionar, nos bastidores da EU, <strong>os pa\u00edses de tradi\u00e7\u00e3o protestante do Norte e os pa\u00edses de tradi\u00e7\u00e3o cat\u00f3lica do Sul encontram-se em guerra surdina<\/strong> (A Fran\u00e7a como pot\u00eancia do Sul joga dos dois lados). O que acontece \u00e9 a continua\u00e7\u00e3o sub-rept\u00edcia de batalha cultural iniciada no s\u00e9culo XVI: <strong>uma luta de mentalidades: o Norte mais empenhado em cuidar da vida e o Sul mais interessado no viver.<\/strong><\/p>\n<p>&nbsp;<\/p>\n<p>O povo do Norte v\u00ea os resultados do seu amealhado destru\u00eddo pelo BCE e o do Sul sente-se sup\u00e9rfluo ao trabalhar para pagar os juros das d\u00edvidas. O descontentamento vai-se tornando no denominador comum. \u00a0Ent\u00e3o fala-se da forma\u00e7\u00e3o de uma EU a v\u00e1rias velocidades, que se concretizaria na forma\u00e7\u00e3o do grupo n\u00facleo dos pa\u00edses que apostam num euro forte e do grupo dos pa\u00edses de euro mole. O grupo do n\u00facleo forte determinaria as regras do jogo e o outro, com um novo estatuto, ficaria a jogar, mas em \u201cfora de jogo\u201d.<\/p>\n<p>&nbsp;<\/p>\n<p>A Europa do Norte foi quem se aproveitou mais da Uni\u00e3o Europeia, mas, actualmente, encontra-se num empasse. A Europa do Sul foi a que mais se endividou. <strong>As d\u00edvidas e o problema dos juros a pagar incendeiam os \u00e2nimos dos concidad\u00e3os de hoje tal com incendiava em s\u00e9culos passados os \u00e2nimos do povo contra os judeus.<\/strong> Chegamos ao fen\u00f3meno de os aguerridos de hoje nas suas cr\u00edticas contra o Norte e contra a EU se encontrarem na mesma atitude dos anti-judeus de ontem. Como j\u00e1 n\u00e3o h\u00e1 raz\u00f5es comummente sustent\u00e1veis, as elites deitam os c\u00e3es \u00e0 solta, para assim o povo se ir entretendo em atitudes de gatos \u00a0encrespados perante o perigo.<\/p>\n<p>&nbsp;<\/p>\n<h3><span style=\"color: #ff6600;\"><strong><span style=\"color: #ff6600;\">O fen\u00f3meno actual<\/span><\/strong><\/span><\/h3>\n<p>Com a explos\u00e3o dos refugiados na Europa <strong>inicia-se a era do tempo p\u00f3s-facto, o tempo em que no Estado reina a confus\u00e3o e na sociedade a emo\u00e7\u00e3o. Simultaneamente surge o tempo da p\u00f3s-politica em que a emo\u00e7\u00e3o reina em baixo e em cima. O presidente turco Erdogan tornou-se no acabado exemplo deste tempo da p\u00f3s-raz\u00e3o. <\/strong>Neste per\u00edodo a discuss\u00e3o tornou-se popular, tanto em cima como em baixo. Vivemos em tempos axiais de mudan\u00e7as radicais, percecionadas como tempo do p\u00f3s-facto, da p\u00f3s-pol\u00edtica e que em filosofia se poderia designar de tempo do p\u00f3s-raz\u00e3o.<\/p>\n<p>&nbsp;<\/p>\n<p>O socialista Dijsselbloem presidente do Eurogrupo acirrou os \u00e2nimos da Europa do Sul numa entrevista ao FAZ de 20.03 onde, com inveja do viver dos do Sul, diz inoocentemente:<\/p>\n<p>&nbsp;<\/p>\n<p>\u201cNa crise do euro os pa\u00edses do Norte mostraram solidariedade para com os pa\u00edses do Sul. Como social-democrata (socialista), a solidariedade \u00e9 para mim extremamente importante. Mas quem a pede, tem tamb\u00e9m deveres. N\u00e3o posso gastar todo o meu dinheiro em bebida e mulheres e depois disso ir pedir a sua ajuda. Este princ\u00edpio vale para o n\u00edvel pessoal, local, nacional e tamb\u00e9m europeu\u201d.<\/p>\n<p>&nbsp;<\/p>\n<p><strong>A ideologia funcional instalada aproveita-se do lapso de Dijsselbloem para desviar as aten\u00e7\u00f5es do texto para a poesia. Assim n\u00e3o se olha ao conte\u00fado do que disse, mas fica-se apenas pela poesia do como disse. \u00a0\u00c9 pena, porque a sanha satisfeita agora no ladrar e no latir \u00e9 energia que depois falta para o agir. Nela se consola a pol\u00edtica ao ver que o tubo de escape funcionou e que o povo at\u00e9 levanta a cauda do contentamento na agress\u00e3o<\/strong>. Esta \u00e9 uma atitude pr\u00f3pria da pol\u00edtica da era p\u00f3s-pol\u00edtica. A pol\u00edtica e interesses de grupos pol\u00edticos conseguem manter-se e afirmar-se nos acess\u00f3rios do sentimento sem terem de recorrer a solu\u00e7\u00f5es objectivas e racionais.<\/p>\n<p><strong>\u00a0<\/strong><\/p>\n<p>O que conta \u00e9 a conversa, n\u00e3o os factos\u2026 O discurso da mentira e das meias-verdades \u00e9 cultivado por todo o lado. O povo j\u00e1 est\u00e1 de tal maneira habitado a elas que acharia inc\u00f3moda a verdade.<\/p>\n<p>&nbsp;<\/p>\n<p>Um descuido, para alguns, do tamanho da Europa, consegui transformar-se em causa de Estado. A pol\u00edtica reagiu como as galinhas quando, de repente, deitadas \u00e0 solta.<\/p>\n<p>&nbsp;<\/p>\n<p><strong>Jeroen Dijsselbloem ao perder as elei\u00e7\u00f5es na holanda perder\u00e1 tamb\u00e9m a ger\u00eancia do Eurogrupo que tem at\u00e9 janeiro de 2018. <\/strong><\/p>\n<p><strong>\u00a0<\/strong><\/p>\n<p>Numa palavra, o problema n\u00e3o est\u00e1 no que disse, mas em ter ofendido a f\u00e9 socialista que prefere a compet\u00eancia em ideologia \u00e0 compet\u00eancia em economia. Assim, o Ministro dos Neg\u00f3cios Estrangeiros portugu\u00eas Augusto Santos Silva juntou-se \u00e0 cr\u00edtica do l\u00edder do grupo socialista MEP Gianni Pittella que criticou Dijsselbloem arguindo que fez \u201ccoment\u00e1rios discriminat\u00f3rios que est\u00e3o abertamente em contradi\u00e7\u00e3o com a linha da fam\u00edlia progressiva Europeia.&#8221; O Bloco de Esquerda, como de costume, colocou os \u00f3culos \u201cde racismo, xenofobia e de sexismo\u201d. Como se v\u00ea a Europa continua na guerra de f\u00e9!<\/p>\n<p>&nbsp;<\/p>\n<p>Na era da p\u00f3s-pol\u00edtica, iniciam-se espirais de reac\u00e7\u00f5es sentimentais que substituem a pol\u00edtica baseada na an\u00e1lise objetiva e racional de pondera\u00e7\u00e3o de interesses. Os partidos pegam na isca do sentimento para seu melhor profilamento bastando-lhe, para terem sucesso, ati\u00e7arem as emo\u00e7\u00f5es dos que se encontram debaixo de suas mesas.<\/p>\n<p>&nbsp;<\/p>\n<p>De facto, \u201c<strong>pela boca se apanha o peixe\u201d e pelo sentimento se apanha o povo!<\/strong><\/p>\n<p><strong>\u00a9 Ant\u00f3nio da Cunha Duarte Justo <\/strong><\/p>\n<p>Pegadas do Esp\u00edrito no Tempo<\/p>\n","protected":false},"excerpt":{"rendered":"<p>A Uni\u00e3o Europeia desorientada deita os C\u00e3es \u00e0 solta &nbsp; Ant\u00f3nio Justo \u00a0 Os factos Sem o mencionar, nos bastidores da EU, os pa\u00edses de tradi\u00e7\u00e3o protestante do Norte e os pa\u00edses de tradi\u00e7\u00e3o cat\u00f3lica do Sul encontram-se em guerra surdina (A Fran\u00e7a como pot\u00eancia do Sul joga dos dois lados). O que acontece \u00e9 &hellip; <a href=\"https:\/\/antonio-justo.eu\/?p=4205\" class=\"more-link\">Continuar a ler <span class=\"screen-reader-text\">DO TEMPO P\u00d3S-FACTO PASSA-SE AO TEMPO P\u00d3S-POL\u00cdTICO &#8211; O TEMPO DA P\u00d3S-RAZ\u00c3O<\/span><\/a><\/p>\n","protected":false},"author":1,"featured_media":0,"comment_status":"open","ping_status":"open","sticky":false,"template":"","format":"standard","meta":{"sfsi_plus_gutenberg_text_before_share":"","sfsi_plus_gutenberg_show_text_before_share":"","sfsi_plus_gutenberg_icon_type":"","sfsi_plus_gutenberg_icon_alignemt":"","sfsi_plus_gutenburg_max_per_row":"","footnotes":""},"categories":[15,14,6,7],"tags":[],"class_list":["post-4205","post","type-post","status-publish","format-standard","hentry","category-cultura","category-economia","category-migracao","category-politica"],"_links":{"self":[{"href":"https:\/\/antonio-justo.eu\/index.php?rest_route=\/wp\/v2\/posts\/4205","targetHints":{"allow":["GET"]}}],"collection":[{"href":"https:\/\/antonio-justo.eu\/index.php?rest_route=\/wp\/v2\/posts"}],"about":[{"href":"https:\/\/antonio-justo.eu\/index.php?rest_route=\/wp\/v2\/types\/post"}],"author":[{"embeddable":true,"href":"https:\/\/antonio-justo.eu\/index.php?rest_route=\/wp\/v2\/users\/1"}],"replies":[{"embeddable":true,"href":"https:\/\/antonio-justo.eu\/index.php?rest_route=%2Fwp%2Fv2%2Fcomments&post=4205"}],"version-history":[{"count":3,"href":"https:\/\/antonio-justo.eu\/index.php?rest_route=\/wp\/v2\/posts\/4205\/revisions"}],"predecessor-version":[{"id":4208,"href":"https:\/\/antonio-justo.eu\/index.php?rest_route=\/wp\/v2\/posts\/4205\/revisions\/4208"}],"wp:attachment":[{"href":"https:\/\/antonio-justo.eu\/index.php?rest_route=%2Fwp%2Fv2%2Fmedia&parent=4205"}],"wp:term":[{"taxonomy":"category","embeddable":true,"href":"https:\/\/antonio-justo.eu\/index.php?rest_route=%2Fwp%2Fv2%2Fcategories&post=4205"},{"taxonomy":"post_tag","embeddable":true,"href":"https:\/\/antonio-justo.eu\/index.php?rest_route=%2Fwp%2Fv2%2Ftags&post=4205"}],"curies":[{"name":"wp","href":"https:\/\/api.w.org\/{rel}","templated":true}]}}