{"id":4166,"date":"2017-03-04T20:00:20","date_gmt":"2017-03-04T19:00:20","guid":{"rendered":"https:\/\/antonio-justo.eu\/?p=4166"},"modified":"2017-03-04T20:58:49","modified_gmt":"2017-03-04T19:58:49","slug":"alemanha-a-acordar-para-o-perigo-do-fascismo-turco","status":"publish","type":"post","link":"https:\/\/antonio-justo.eu\/?p=4166","title":{"rendered":"ALEMANHA A ACORDAR PARA O PERIGO DO FASCISMO TURCO"},"content":{"rendered":"<p style=\"text-align: center;\"><span style=\"color: #ff0000;\"><strong><span style=\"color: #ff0000;\">Importa\u00e7\u00e3o de conflitos pol\u00edticos religiosos e sociais<\/span><\/strong><\/span><\/p>\n<p><strong>Ant\u00f3nio Justo<\/strong><\/p>\n<p>No dia 16 de Abril 58,2 milh\u00f5es de turcos v\u00e3o deliberar por referendo a favor ou contra a constitucionaliza\u00e7\u00e3o de uma ditadura presidencial na Turquia. 2,9 milh\u00f5es de eleitores encontram-se no estrangeiro; na Alemanha vivem 1,4 milh\u00f5es.<\/p>\n<p>O presidente turco Erdogan e seus ministros pretendem continuar a fazer sess\u00f5es de propaganda a favor da introdu\u00e7\u00e3o de um sistema presidencial. Como os turcos da di\u00e1spora s\u00e3o muito nacionalistas e nas \u00faltimas elei\u00e7\u00f5es o partido de Erdogan conseguiu na Alemanha um apoio superior a 60%, Erdogan espera destes que votem pelo seu programa de marginalizar institui\u00e7\u00f5es democr\u00e1ticas e obter para o presidente poderes que pertenceriam ao parlamento.<\/p>\n<p>Ministros turcos viram impedidos os seus intuitos de fazerem propaganda pela ditadura ao ser-lhes proibidos os com\u00edcios de Gaggenau, Col\u00f3nia e Frechen. O presidente da cidade de Gaggenau n\u00e3o permitiu o evento nas instala\u00e7\u00f5es, onde o ministro turco da justi\u00e7a (Bozdat) ia fazer propaganda pela reforma antidemocr\u00e1tica; o autarca argumentou com a falta de lugares de estacionamento e de seguran\u00e7a para os visitantes que tadicionalmente assumem em grande n\u00famero nos seus eventos pol\u00edticos.<\/p>\n<p>O regime de Erdogan persegue a liberdade de imprensa e de opini\u00e3o e o seu ministro da Justi\u00e7a tem a lata de declarar a proibi\u00e7\u00e3o do seu com\u00edcio de propaganda como \u201cmaneira de agir fascista\u201d.<\/p>\n<p>O tom entre a Turquia e a Alemanha \u00e9 \u00e1spero e a agressividade dos representantes do governo turco tornou-se insuport\u00e1vel. <strong>Os inimigos da liberdade e da liberdade de express\u00e3o na Turquia usam-se e abusam da liberdade de express\u00e3o na Alemanha. O governo alem\u00e3o deveria ter mais considera\u00e7\u00e3o pelos inocentes perseguidos na Turquia.<\/strong> A EU torna-se c\u00famplice ao fechar os olhos ao que tem acontecido e acontece na Turquia. Na EU e seus membros governa o medo em geral e o medo de governos\u00a0 imprevis\u00edveis. <span id=\"result_box\" class=\"short_text\" lang=\"pt\"><span class=\"\">A Turquia permite-se ser arrogante n\u00e3o s\u00f3 por natureza mas como\u00a0 estrat\u00e9gia (ad intra) porque sabe que dela depende em grande\u00a0 parte a entrada de mais refugiados na EU e isso \u00e9 o que mais assusta os pol\u00edtcos da EU especialmente em ano de elei\u00e7\u00f5es importantes.<\/span><\/span><\/p>\n<p><strong>A sociedade alem\u00e3 admira-se de tanta arrog\u00e2ncia e atrevimento da parte turca que quer servir-se e abusar da liberdade de express\u00e3o na Alemanha para defender posi\u00e7\u00f5es fascistas e ditatoriais em com\u00edcios organizados nos guetos turcos; por outro lado a sociedade pensante admira-se pelo facto do Governo Federal se manter bastante mudo em rela\u00e7\u00e3o ao agir escandalosamente antidemocr\u00e1tico do Governo de Erdogan e \u00e0 maneira arrogante como se manifestam os representantes do governo turco na Alemanha. <\/strong><\/p>\n<p>O partido \u201cUni\u00e3o de Democratas Turco-Europeus\u201d (UETD) \u00e9 considerado o escudeiro do AKP de Erdogan, tal como muitas das mesquitas turcas na Alemanha.<\/p>\n<p><strong><span style=\"color: #ff0000;\">Importa\u00e7\u00e3o de conflitos pol\u00edticos religiosos e sociais<\/span><\/strong><\/p>\n<p><strong>Na Alemanha, a Turquia e muitos turcos exigem, al\u00e9m de toler\u00e2ncia para a sua intoler\u00e2ncia, tamb\u00e9m o direito a propagarem a intoler\u00e2ncia.<\/strong><\/p>\n<p>Na Alemanha em 1961 havia 6.800 cidad\u00e3os de nacionalidade turca. Actualmente os<\/p>\n<p><a href=\"https:\/\/de.wikipedia.org\/wiki\/Liste_t%C3%BCrkischer_Bev%C3%B6lkerungsanteile_nach_Staat\">Turcos na alemanha<\/a> s\u00e3o cerca de 3,5 milh\u00f5es; na Fran\u00e7a s\u00e3o cerca de 1 milh\u00e3o.<\/p>\n<p>Na Alemanha avalia-se o n\u00famero de curdos turcos em 800.000 e com os curdos do Iraque, Ir\u00e3o, S\u00edria, Arm\u00e9nia e L\u00edbano chegar\u00e3o a 1,7 milh\u00f5es. Nos \u00faltimos dois anos ter\u00e1 havido cerca de <a href=\"https:\/\/kurdische-gemeinde.de\/zahl-der-kurden-in-deutschland-sprunghaft-angestiegen\/\">150.000<\/a> curdos que pediram asilo na Alemanha. Curdos na Turquia n\u00e3o podem usar o seu nome curdo.<\/p>\n<p><strong>Curdos e turcos encontram-se em conflito na Turquia e importam o conflito para a Alemanha, especialmente atrav\u00e9s de governo turco que se comporta em casa alheia como se estivesses em sua casa.<\/strong><\/p>\n<p><span style=\"color: #ff0000;\"><strong><span style=\"color: #ff0000;\">Conflito Alemanha-Turquia de m\u00e3os atadas<\/span><\/strong><\/span><\/p>\n<p>A 20.03.2015 \u00e9 celebrado o acordo da EU com a Turquia sobre refugiados, recebendo a Turquia milhares de milh\u00f5es de Euros para travar o fluxo de refugiados para a Europa, como refere o HNA. Deste modo a EU torna-se dependente da Turquia. A 31.03 o sat\u00edrico Jan B\u00f6hmermann faz uma poesia contra Erdogan; este mete o sat\u00edrico em tribunal na Alemanha mas perde a quest\u00e3o. No dia 2.06 o Parlamento alem\u00e3o decide uma resolu\u00e7\u00e3o condenando e qualificando de \u201cgenoc\u00eddio\u201d\u00a0 as barbaridades dos turcos contra os arm\u00e9nios h\u00e1 100 anos. A 22.06, a Turquia proibiu a visita de parlamentares alem\u00e3es \u00e0 Base A\u00e9rea de Incirlik e, como reac\u00e7\u00e3o, a ministra das For\u00e7as Armadas Alem\u00e3s visita demonstrativamente os soldados alem\u00e3es estacionados na Turquia. A 15.07 d\u00e1-se o golpe de estado falhado; o presidente Erdogan declara o estado de emerg\u00eancia e organiza um golpe \u00e0s institui\u00e7\u00f5es de Estado aprisionando muitas dezenas de milhares de funcion\u00e1rios do Estado. A 2.09 a chanceler alem\u00e3 declarou a resolu\u00e7\u00e3o do Parlamento alem\u00e3o sobre a Arm\u00e9nia como legalmente n\u00e3o vinculativa. A 15.02.2016 as instala\u00e7\u00f5es do Instituto religioso Turco-Isl\u00e2mica (DITIB) s\u00e3o investigadas pelas autoridades alem\u00e3s (Im\u00e3s espionaram apoiantes de Fethullah G\u00fclen e mandaram informa\u00e7\u00f5es para o governo em Ankara. Na onda de atemoriza\u00e7\u00e3o e aprisionamentos de jornalistas, a 17.02 o correspondente turco-alem\u00e3o Yuecel, \u00a0do jornal Die Welt \u00e9 capturado em Istambul com o argumento de fazer\u00a0 propaganda pelos curdos na resist\u00eancia, sendo apelidado por Erdogan como um \u201cagente alem\u00e3o\u201d.<\/p>\n<p>&nbsp;<\/p>\n<p><strong>Ant\u00f3nio da Cunha Duarte Justo<\/strong><\/p>\n<p>Pegadas do Esp\u00edrito no Tempo<\/p>\n","protected":false},"excerpt":{"rendered":"<p>Importa\u00e7\u00e3o de conflitos pol\u00edticos religiosos e sociais Ant\u00f3nio Justo No dia 16 de Abril 58,2 milh\u00f5es de turcos v\u00e3o deliberar por referendo a favor ou contra a constitucionaliza\u00e7\u00e3o de uma ditadura presidencial na Turquia. 2,9 milh\u00f5es de eleitores encontram-se no estrangeiro; na Alemanha vivem 1,4 milh\u00f5es. O presidente turco Erdogan e seus ministros pretendem continuar &hellip; <a href=\"https:\/\/antonio-justo.eu\/?p=4166\" class=\"more-link\">Continuar a ler <span class=\"screen-reader-text\">ALEMANHA A ACORDAR PARA O PERIGO DO FASCISMO TURCO<\/span><\/a><\/p>\n","protected":false},"author":1,"featured_media":0,"comment_status":"open","ping_status":"open","sticky":false,"template":"","format":"standard","meta":{"sfsi_plus_gutenberg_text_before_share":"","sfsi_plus_gutenberg_show_text_before_share":"","sfsi_plus_gutenberg_icon_type":"","sfsi_plus_gutenberg_icon_alignemt":"","sfsi_plus_gutenburg_max_per_row":"","footnotes":""},"categories":[6,7],"tags":[],"class_list":["post-4166","post","type-post","status-publish","format-standard","hentry","category-migracao","category-politica"],"_links":{"self":[{"href":"https:\/\/antonio-justo.eu\/index.php?rest_route=\/wp\/v2\/posts\/4166","targetHints":{"allow":["GET"]}}],"collection":[{"href":"https:\/\/antonio-justo.eu\/index.php?rest_route=\/wp\/v2\/posts"}],"about":[{"href":"https:\/\/antonio-justo.eu\/index.php?rest_route=\/wp\/v2\/types\/post"}],"author":[{"embeddable":true,"href":"https:\/\/antonio-justo.eu\/index.php?rest_route=\/wp\/v2\/users\/1"}],"replies":[{"embeddable":true,"href":"https:\/\/antonio-justo.eu\/index.php?rest_route=%2Fwp%2Fv2%2Fcomments&post=4166"}],"version-history":[{"count":3,"href":"https:\/\/antonio-justo.eu\/index.php?rest_route=\/wp\/v2\/posts\/4166\/revisions"}],"predecessor-version":[{"id":4169,"href":"https:\/\/antonio-justo.eu\/index.php?rest_route=\/wp\/v2\/posts\/4166\/revisions\/4169"}],"wp:attachment":[{"href":"https:\/\/antonio-justo.eu\/index.php?rest_route=%2Fwp%2Fv2%2Fmedia&parent=4166"}],"wp:term":[{"taxonomy":"category","embeddable":true,"href":"https:\/\/antonio-justo.eu\/index.php?rest_route=%2Fwp%2Fv2%2Fcategories&post=4166"},{"taxonomy":"post_tag","embeddable":true,"href":"https:\/\/antonio-justo.eu\/index.php?rest_route=%2Fwp%2Fv2%2Ftags&post=4166"}],"curies":[{"name":"wp","href":"https:\/\/api.w.org\/{rel}","templated":true}]}}