{"id":4056,"date":"2017-01-20T16:31:11","date_gmt":"2017-01-20T15:31:11","guid":{"rendered":"https:\/\/antonio-justo.eu\/?p=4056"},"modified":"2017-01-21T17:37:44","modified_gmt":"2017-01-21T16:37:44","slug":"federacao-turca-sob-investigacao-de-espionagem-na-alemanha","status":"publish","type":"post","link":"https:\/\/antonio-justo.eu\/?p=4056","title":{"rendered":"FEDERA\u00c7\u00c3O TURCA SOB INVESTIGA\u00c7\u00c3O DE ESPIONAGEM NA ALEMANHA"},"content":{"rendered":"<p>O Minist\u00e9rio P\u00fablico alem\u00e3o investiga a Federa\u00e7\u00e3o das Associa\u00e7\u00f5es Turcas na Alemanha (Ditib) por raz\u00f5es de espionagem efectuada por chefes religiosos de v\u00e1rias mesquitas. Como relata a imprensa alem\u00e3, Ditib confirmou que Imame enviaram informa\u00e7\u00f5es para o governo do d\u00e9spota Erdogan sobre apoiantes do Pregador G\u00fclen, rival de Erdogan a viver nos EUA, que Ankara considera inimigo p\u00fablico. Na Alemanha, 60% dos votantes turcos apoiaram Erdogan que pretende instalar o fascismo na Turquia. Ditib, que apresenta um rosto democr\u00e1tico para o exterior, \u00e9, na realidade, uma organiza\u00e7\u00e3o nacionalista. A Federa\u00e7\u00e3o tem uma palavra a dizer no ensino religioso nas escolas de alguns estados alem\u00e3es. O Minist\u00e9rio do culto turco de Ancara envia anualmente para a Alemanha 600 imames para as mesquitas. Esta \u00e9 a melhor estrat\u00e9gia turca (aliada ao Gueto) para o impedimento da integra\u00e7\u00e3o dos turcos na Alemanha e uma maneira de manter a lealdade pol\u00edtica aos partidos da turquia. <\/p>\n<p>A t\u00e1tica turca na Alemanha sempre se revelou muito inteligente e prof\u00edcua no seu sentido. De facto, atrav\u00e9s das mesquitas controla o cidad\u00e3o simples e com a conex\u00e3o de interesses pol\u00edticos atrav\u00e9s dos Conselhos de Estrangeiros nas comunas consegue uma boa rampa de lan\u00e7amento para o seu pessoal politicamente mais consciente; muito dele serve-se do Conselho de Estrangeiros para apoiar financeiramente mesquitas atrav\u00e9s de associa\u00e7\u00f5es de utilidade p\u00fablica e para entrar tamb\u00e9m nas estruturas dos partidos alem\u00e3es, especialmente Verdes, SPD e Die Linke e para gratuitamente estabelecer contactos e estrat\u00e9gias. Esta estrat\u00e9gia pude observ\u00e1-la j\u00e1 nos anos 80 quando era porta-voz de um Conselho de Estrangeiros.<\/p>\n<p>O Estado da Baixa Sax\u00f3nia sai das negocia\u00e7\u00f5es para estabelecimento de um contrato com as associa\u00e7\u00f5es mu\u00e7ulmanas DITIB que regule o ensino da religi\u00e3o mu\u00e7ulmana e a pastoral nas institui\u00e7\u00f5es hospitalares, prisionais e servi\u00e7os funer\u00e1rios. Fazem isto para fugirem \u00e0 cr\u00edtica p\u00fablica em ano importante de elei\u00e7\u00f5es. Hamburgo e Bremen tem j\u00e1 contrato com Ditib que \u00e9 uma federa\u00e7\u00e3o dependente do governo turco. O problema nos imigrantes de cultura \u00e1rabe vem principalmente das organiza\u00e7\u00f5es mu\u00e7ulmanas (mesquitas) que no esp\u00edrito do Cor\u00e3o fomentam o gueto e uma atitude anti-Ocidente. .<br \/>\n<strong>Ant\u00f3nio da Cunha Duarte Justo<\/strong><br \/>\nPegadas do Tempo<\/p>\n","protected":false},"excerpt":{"rendered":"<p>O Minist\u00e9rio P\u00fablico alem\u00e3o investiga a Federa\u00e7\u00e3o das Associa\u00e7\u00f5es Turcas na Alemanha (Ditib) por raz\u00f5es de espionagem efectuada por chefes religiosos de v\u00e1rias mesquitas. Como relata a imprensa alem\u00e3, Ditib confirmou que Imame enviaram informa\u00e7\u00f5es para o governo do d\u00e9spota Erdogan sobre apoiantes do Pregador G\u00fclen, rival de Erdogan a viver nos EUA, que Ankara &hellip; <a href=\"https:\/\/antonio-justo.eu\/?p=4056\" class=\"more-link\">Continuar a ler <span class=\"screen-reader-text\">FEDERA\u00c7\u00c3O TURCA SOB INVESTIGA\u00c7\u00c3O DE ESPIONAGEM NA ALEMANHA<\/span><\/a><\/p>\n","protected":false},"author":1,"featured_media":0,"comment_status":"open","ping_status":"open","sticky":false,"template":"","format":"standard","meta":{"sfsi_plus_gutenberg_text_before_share":"","sfsi_plus_gutenberg_show_text_before_share":"","sfsi_plus_gutenberg_icon_type":"","sfsi_plus_gutenberg_icon_alignemt":"","sfsi_plus_gutenburg_max_per_row":"","footnotes":""},"categories":[15,6,7,8],"tags":[],"class_list":["post-4056","post","type-post","status-publish","format-standard","hentry","category-cultura","category-migracao","category-politica","category-religiao"],"_links":{"self":[{"href":"https:\/\/antonio-justo.eu\/index.php?rest_route=\/wp\/v2\/posts\/4056","targetHints":{"allow":["GET"]}}],"collection":[{"href":"https:\/\/antonio-justo.eu\/index.php?rest_route=\/wp\/v2\/posts"}],"about":[{"href":"https:\/\/antonio-justo.eu\/index.php?rest_route=\/wp\/v2\/types\/post"}],"author":[{"embeddable":true,"href":"https:\/\/antonio-justo.eu\/index.php?rest_route=\/wp\/v2\/users\/1"}],"replies":[{"embeddable":true,"href":"https:\/\/antonio-justo.eu\/index.php?rest_route=%2Fwp%2Fv2%2Fcomments&post=4056"}],"version-history":[{"count":2,"href":"https:\/\/antonio-justo.eu\/index.php?rest_route=\/wp\/v2\/posts\/4056\/revisions"}],"predecessor-version":[{"id":4058,"href":"https:\/\/antonio-justo.eu\/index.php?rest_route=\/wp\/v2\/posts\/4056\/revisions\/4058"}],"wp:attachment":[{"href":"https:\/\/antonio-justo.eu\/index.php?rest_route=%2Fwp%2Fv2%2Fmedia&parent=4056"}],"wp:term":[{"taxonomy":"category","embeddable":true,"href":"https:\/\/antonio-justo.eu\/index.php?rest_route=%2Fwp%2Fv2%2Fcategories&post=4056"},{"taxonomy":"post_tag","embeddable":true,"href":"https:\/\/antonio-justo.eu\/index.php?rest_route=%2Fwp%2Fv2%2Ftags&post=4056"}],"curies":[{"name":"wp","href":"https:\/\/api.w.org\/{rel}","templated":true}]}}