{"id":4052,"date":"2017-01-19T20:47:33","date_gmt":"2017-01-19T19:47:33","guid":{"rendered":"https:\/\/antonio-justo.eu\/?p=4052"},"modified":"2017-01-19T21:05:18","modified_gmt":"2017-01-19T20:05:18","slug":"para-melhor-se-compreender-o-periodo-negro-da-vida-nacional","status":"publish","type":"post","link":"https:\/\/antonio-justo.eu\/?p=4052","title":{"rendered":"PARA MELHOR SE COMPREENDER O PER\u00cdODO NEGRO DA VIDA NACIONAL"},"content":{"rendered":"<p>Uma opini\u00e3o p\u00fablica a\u00e7amada e condicionada aos interesses subterr\u00e2neos de certos interesses pol\u00edticos e econ\u00f3micos acoitados desde as caves do Estado at\u00e9 ao seu tecto, continua a confundir a sociedade portuguesa de tal modo que esta, para se sentir imune prefere continuar a n\u00e3o acreditar na gravidade da situa\u00e7\u00e3o em que nos encontramos pol\u00edtica, econ\u00f3mica e socialmente nem na maldade que os governa.<br \/>\nA situa\u00e7\u00e3o \u00e9 tal que para branquear a pr\u00f3pria posi\u00e7\u00e3o basta afirmar-se contra a posi\u00e7\u00e3o do outro (Para se ser e ter raz\u00e3o parece bastar pertencer a uma fac\u00e7\u00e3o). Esquece-se por\u00e9m que a situa\u00e7\u00e3o \u00e9 t\u00e3o bicuda que implicaria de cada fac\u00e7\u00e3o o abandono das pr\u00f3prias certezas &#8211; uma nova maneira de pensar- para se mudar de vida e poder eleger uma gera\u00e7\u00e3o nova de pol\u00edticos e especialistas n\u00e3o gerados nos alfobres da corrup\u00e7\u00e3o estatal. \u00c9 bom ler o seguinte artigo de Paulo Morais sem colocar os \u00f3culos da esquerda nem da direita!:<\/p>\n<p>\u201cRicardo Salgado e Jos\u00e9 S\u00f3crates s\u00e3o g\u00e9meos no mal. Salgado \u00e9 filho do capital e usou sempre o poder para ganhar mais dinheiro. Por outro lado, S\u00f3crates \u00e9 filho da pol\u00edtica e usou o dinheiro para ganhar mais poder. No final, ambos ganhavam mais poder; e mais dinheiro. Pelo que a investiga\u00e7\u00e3o das luvas pagas por Salgado a S\u00f3crates, no Processo Marqu\u00eas, \u00e9 o corol\u00e1rio l\u00f3gico de uma longa liga\u00e7\u00e3o de cumplicidade.\u201d<br \/>\nContinua em http:\/\/ionline.sapo.pt\/544709<br \/>\nBoa Leitura!<\/p>\n","protected":false},"excerpt":{"rendered":"<p>Uma opini\u00e3o p\u00fablica a\u00e7amada e condicionada aos interesses subterr\u00e2neos de certos interesses pol\u00edticos e econ\u00f3micos acoitados desde as caves do Estado at\u00e9 ao seu tecto, continua a confundir a sociedade portuguesa de tal modo que esta, para se sentir imune prefere continuar a n\u00e3o acreditar na gravidade da situa\u00e7\u00e3o em que nos encontramos pol\u00edtica, econ\u00f3mica &hellip; <a href=\"https:\/\/antonio-justo.eu\/?p=4052\" class=\"more-link\">Continuar a ler <span class=\"screen-reader-text\">PARA MELHOR SE COMPREENDER O PER\u00cdODO NEGRO DA VIDA NACIONAL<\/span><\/a><\/p>\n","protected":false},"author":1,"featured_media":0,"comment_status":"open","ping_status":"open","sticky":false,"template":"","format":"standard","meta":{"sfsi_plus_gutenberg_text_before_share":"","sfsi_plus_gutenberg_show_text_before_share":"","sfsi_plus_gutenberg_icon_type":"","sfsi_plus_gutenberg_icon_alignemt":"","sfsi_plus_gutenburg_max_per_row":"","footnotes":""},"categories":[15,14,7,1],"tags":[],"class_list":["post-4052","post","type-post","status-publish","format-standard","hentry","category-cultura","category-economia","category-politica","category-sem-categoria"],"_links":{"self":[{"href":"https:\/\/antonio-justo.eu\/index.php?rest_route=\/wp\/v2\/posts\/4052","targetHints":{"allow":["GET"]}}],"collection":[{"href":"https:\/\/antonio-justo.eu\/index.php?rest_route=\/wp\/v2\/posts"}],"about":[{"href":"https:\/\/antonio-justo.eu\/index.php?rest_route=\/wp\/v2\/types\/post"}],"author":[{"embeddable":true,"href":"https:\/\/antonio-justo.eu\/index.php?rest_route=\/wp\/v2\/users\/1"}],"replies":[{"embeddable":true,"href":"https:\/\/antonio-justo.eu\/index.php?rest_route=%2Fwp%2Fv2%2Fcomments&post=4052"}],"version-history":[{"count":3,"href":"https:\/\/antonio-justo.eu\/index.php?rest_route=\/wp\/v2\/posts\/4052\/revisions"}],"predecessor-version":[{"id":4055,"href":"https:\/\/antonio-justo.eu\/index.php?rest_route=\/wp\/v2\/posts\/4052\/revisions\/4055"}],"wp:attachment":[{"href":"https:\/\/antonio-justo.eu\/index.php?rest_route=%2Fwp%2Fv2%2Fmedia&parent=4052"}],"wp:term":[{"taxonomy":"category","embeddable":true,"href":"https:\/\/antonio-justo.eu\/index.php?rest_route=%2Fwp%2Fv2%2Fcategories&post=4052"},{"taxonomy":"post_tag","embeddable":true,"href":"https:\/\/antonio-justo.eu\/index.php?rest_route=%2Fwp%2Fv2%2Ftags&post=4052"}],"curies":[{"name":"wp","href":"https:\/\/api.w.org\/{rel}","templated":true}]}}