{"id":4002,"date":"2016-12-14T16:03:50","date_gmt":"2016-12-14T15:03:50","guid":{"rendered":"https:\/\/antonio-justo.eu\/?p=4002"},"modified":"2016-12-14T16:03:50","modified_gmt":"2016-12-14T15:03:50","slug":"grande-ofensiva-contra-islamistas-na-alemanha-associacao-salafista-proibida","status":"publish","type":"post","link":"https:\/\/antonio-justo.eu\/?p=4002","title":{"rendered":"GRANDE OFENSIVA CONTRA ISLAMISTAS NA ALEMANHA \u2013 ASSOCIA\u00c7\u00c3O SALAFISTA PROIBIDA"},"content":{"rendered":"<p style=\"text-align: center;\"><strong><br \/><\/strong><span style=\"color: #ff0000;\"><strong><span style=\"color: #ff0000;\">Aumento da Roupa isl\u00e2mica nas ruas \u00e9 Sinal do Avan\u00e7o do Isl\u00e3o radical<\/span><\/strong><\/span><\/p>\n<p>Por <strong>Ant\u00f3nio Justo<\/strong><\/p>\n<p style=\"text-align: justify;\">No dia 15.11.2016 realizou-se a maior opera\u00e7\u00e3o policial em 10 estados federais. 1900 pol\u00edcias fizeram buscas em 60 cidades a <a href=\"http:\/\/www.n-tv.de\/politik\/De-Maiziere-verbietet-Salafisten-Verein-article19090241.html\">200 habita\u00e7\u00f5es<\/a>, escrit\u00f3rios e mesquitas da organiza\u00e7\u00e3o salafista \u201cA Verdadeira Religi\u00e3o\u201d( rede de pregadores), foi proibida na Alemanha por ser contra a Constitui\u00e7\u00e3o. O seu chefe Abou-Nagie encontra-se actualmente na Mal\u00e1sia. (Ele j\u00e1 tinha recebido ilegalmente, com a fam\u00edlia, apoios sociais em Berlim no valor de 53.000\u20ac).<\/p>\n<p style=\"text-align: justify;\">A pol\u00edcia confiscou armas, computadores, v\u00e1rias facas, um fac\u00e3o, um soco-ingl\u00eas e pirotecnia, ningu\u00e9m foi preso na altura. Atrav\u00e9s do controlo policial geralmente discreto, a Alemanha consegue evitar actos de viol\u00eancia maiores na sociedade.<\/p>\n<p style=\"text-align: justify;\">O Gabinete Federal para a Prote\u00e7\u00e3o da Constitui\u00e7\u00e3o avalia o crescente n\u00famero de radicais salafistas isl\u00e2micos na Alemanha em cerca de 1.200 homens e mulheres (20% mulheres!). A t\u00e1tica da organiza\u00e7\u00e3o \u00e9: primeiro distribuir o Cor\u00e3o e, em seguida, levar a aderir ao \u201cEstado Isl\u00e2mico\u201d.<\/p>\n<p style=\"text-align: justify;\">Sob o pretexto da distribui\u00e7\u00e3o do Cor\u00e3o em zonas de pe\u00f5es, a organiza\u00e7\u00e3o \u201cL\u00ea\u201d fazia reclame pelo Estado Isl\u00e2mico (Distribu\u00edram na Alemanha, at\u00e9 2016, 3,5 milh\u00f5es de exemplares do Cor\u00e3o e no estrangeiro cerca de 26 milh\u00f5es). Na Alemanha h\u00e1 cerca de 9.200 salafistas; 140 jovens foram radicalizados pelo grupo tendo ido como jiadistas para as zonas de combate na S\u00edria e no Iraque.<\/p>\n<p style=\"text-align: justify;\">Mu\u00e7ulmanos salafisas rejeitam a democracia e apenas reconhecem a jurisprud\u00eancia isl\u00e2mica (Sharia) e a \u201cordem isl\u00e2mica\u201d como \u00fanica forma leg\u00edtima de Estado e da sociedade. No in\u00edcio, quando o salafismo come\u00e7ou a distribuir o Cor\u00e3o nas zonas de pe\u00f5es, ningu\u00e9m imaginava a p\u00f3lvora que ele contem e ent\u00e3o diziam n\u00e3o se poderem discriminar porque tamb\u00e9m se pode distribuir a B\u00edblia.<\/p>\n<p style=\"text-align: justify;\">Na rua cada vez se nota mais a roupa isl\u00e2mica como o sinal do avan\u00e7o do isl\u00e3o radical. O Problema do Len\u00e7o tem a ver com o isl\u00e3o pol\u00edtico, com aspectos religiosos, feministas, minorias e direitos humanos, geralmente n\u00e3o tratados.<strong> A mulher mu\u00e7ulmana que tapa o corpo e p\u00f5e o len\u00e7o assume uma \u00e1urea de v\u00edtima: v\u00edtima do isl\u00e3o e da sociedade ocidental porque na sua decis\u00e3o n\u00e3o \u00e9 livre de fugir \u00e0 press\u00e3o social de timbre fundamentalista mu\u00e7ulmano nem \u00e0 press\u00e3o de timbre emancipat\u00f3rio ocidental.<\/strong><\/p>\n<p><strong>Ant\u00f3nio da Cunha Duarte Justo<\/strong><\/p>\n<p>Pegadas do Esp\u00edrito no Tempo<\/p>\n","protected":false},"excerpt":{"rendered":"<p>Aumento da Roupa isl\u00e2mica nas ruas \u00e9 Sinal do Avan\u00e7o do Isl\u00e3o radical Por Ant\u00f3nio Justo No dia 15.11.2016 realizou-se a maior opera\u00e7\u00e3o policial em 10 estados federais. 1900 pol\u00edcias fizeram buscas em 60 cidades a 200 habita\u00e7\u00f5es, escrit\u00f3rios e mesquitas da organiza\u00e7\u00e3o salafista \u201cA Verdadeira Religi\u00e3o\u201d( rede de pregadores), foi proibida na Alemanha por &hellip; <a href=\"https:\/\/antonio-justo.eu\/?p=4002\" class=\"more-link\">Continuar a ler <span class=\"screen-reader-text\">GRANDE OFENSIVA CONTRA ISLAMISTAS NA ALEMANHA \u2013 ASSOCIA\u00c7\u00c3O SALAFISTA PROIBIDA<\/span><\/a><\/p>\n","protected":false},"author":1,"featured_media":0,"comment_status":"open","ping_status":"open","sticky":false,"template":"","format":"standard","meta":{"sfsi_plus_gutenberg_text_before_share":"","sfsi_plus_gutenberg_show_text_before_share":"","sfsi_plus_gutenberg_icon_type":"","sfsi_plus_gutenberg_icon_alignemt":"","sfsi_plus_gutenburg_max_per_row":"","footnotes":""},"categories":[15,7,8],"tags":[],"class_list":["post-4002","post","type-post","status-publish","format-standard","hentry","category-cultura","category-politica","category-religiao"],"_links":{"self":[{"href":"https:\/\/antonio-justo.eu\/index.php?rest_route=\/wp\/v2\/posts\/4002","targetHints":{"allow":["GET"]}}],"collection":[{"href":"https:\/\/antonio-justo.eu\/index.php?rest_route=\/wp\/v2\/posts"}],"about":[{"href":"https:\/\/antonio-justo.eu\/index.php?rest_route=\/wp\/v2\/types\/post"}],"author":[{"embeddable":true,"href":"https:\/\/antonio-justo.eu\/index.php?rest_route=\/wp\/v2\/users\/1"}],"replies":[{"embeddable":true,"href":"https:\/\/antonio-justo.eu\/index.php?rest_route=%2Fwp%2Fv2%2Fcomments&post=4002"}],"version-history":[{"count":1,"href":"https:\/\/antonio-justo.eu\/index.php?rest_route=\/wp\/v2\/posts\/4002\/revisions"}],"predecessor-version":[{"id":4003,"href":"https:\/\/antonio-justo.eu\/index.php?rest_route=\/wp\/v2\/posts\/4002\/revisions\/4003"}],"wp:attachment":[{"href":"https:\/\/antonio-justo.eu\/index.php?rest_route=%2Fwp%2Fv2%2Fmedia&parent=4002"}],"wp:term":[{"taxonomy":"category","embeddable":true,"href":"https:\/\/antonio-justo.eu\/index.php?rest_route=%2Fwp%2Fv2%2Fcategories&post=4002"},{"taxonomy":"post_tag","embeddable":true,"href":"https:\/\/antonio-justo.eu\/index.php?rest_route=%2Fwp%2Fv2%2Ftags&post=4002"}],"curies":[{"name":"wp","href":"https:\/\/api.w.org\/{rel}","templated":true}]}}