{"id":3947,"date":"2016-11-16T00:11:09","date_gmt":"2016-11-15T23:11:09","guid":{"rendered":"https:\/\/antonio-justo.eu\/?p=3947"},"modified":"2016-11-16T00:28:57","modified_gmt":"2016-11-15T23:28:57","slug":"retirada-a-tutela-americana-sobre-a-europa","status":"publish","type":"post","link":"https:\/\/antonio-justo.eu\/?p=3947","title":{"rendered":"RETIRADA A TUTELA AMERICANA SOBRE A EUROPA"},"content":{"rendered":"<p style=\"text-align: center;\"><span style=\"color: #ff0000;\"><strong><span style=\"color: #ff0000;\">A elei\u00e7\u00e3o de Trump marca o fim da \u00e9poca p\u00f3s-guerra<\/span><\/strong><\/span><\/p>\n<p><strong>Ant\u00f3nio Justo<\/strong><\/p>\n<p style=\"text-align: justify;\">O antigo embaixador dos USA na Alemanha, john Kornblum, confessou na imprensa alem\u00e3: \u201cA tutela americana sobre a Europa foi retirada para sempre <strong>\u2026 A elei\u00e7\u00e3o de Trump marca o fim do mundo p\u00f3s-guerra&#8221;.<\/strong> \u201cAgora os europeus talvez encontrem uma vontade refor\u00e7ada para assumir responsabilidade\u201d. Nesta perspectiva, o compromisso social europeu com a sua popula\u00e7\u00e3o correr\u00e1 grande risco e o radicalismo aumentar\u00e1.<\/p>\n<p style=\"text-align: justify;\">As responsabilidades das pot\u00eancias estrat\u00e9gias mundiais em rela\u00e7\u00e3o ao globo ser\u00e3o redistribu\u00eddas. A Europa ter\u00e1 de assumir a sua defesa e de se preocupar mais com a \u00c1frica enquanto os USA se preocupar\u00e3o mais com eles e com a \u00c1sia. Talvez a Europa central, na perspectiva econ\u00f3mica e estrat\u00e9gica, tenha de olhar mais para a R\u00fassia e menos para a Turquia. Naturalmente n\u00e3o agradaria nada aos americanos se a tecnologia alem\u00e3 e as mat\u00e9rias-primas russas cooperassem, porque deste modo se fortaleceriam mutuamente. A Alemanha tem de ter pa\u00edses para onde exportar, doutro modo, uma Alemanha inst\u00e1vel tornaria a Europa ainda mais insegura.<\/p>\n<p style=\"text-align: justify;\">Na sequ\u00eancia da elei\u00e7\u00e3o de Trump, Estados e empresas multinacionais v\u00eaem-se obrigados a reunir-se. A 14.11, os ministros da defesa e dos neg\u00f3cios estrangeiro da EU reuniram-se e declararam terem de assumir novas responsabilidades. Determinaram para j\u00e1 <strong>a cria\u00e7\u00e3o de um<\/strong> <strong>Centro para a Lideran\u00e7a das opera\u00e7\u00f5es civis e militares na EU <\/strong>a efectuar em 2017. Doutro modo os USA continuar\u00e3o a ter como parceiros os diferentes pa\u00edses europeus n\u00e3o se sentindo motivados a sobrecarregar o pr\u00f3prio or\u00e7amento militar para defender a Europa. A Nato foi abusada e instrumentalizada pelo parceiro Turquia na sua guerra contra os curdos, dando apoio clandestino a grupos sunitas terroristas e afirma-se cada vez mais como um estado fascista mas a Europa \u00e9 demasiado fraca para poder reagir adequadamente.<\/p>\n<p style=\"text-align: justify;\">As consequ\u00eancias da nova pol\u00edtica americana j\u00e1 se fazem sentir numa Europa tradicionalmente inst\u00e1vel (com excep\u00e7\u00e3o do per\u00edodo que foi do fim da segunda guerra mundial at\u00e9 \u00e0 queda da Uni\u00e3o Sovi\u00e9tica). <strong>Na sequ\u00eancia da nova onda, os pa\u00edses membros da EU passar\u00e3o a n\u00e3o permitir tanta intromiss\u00e3o de Bruxelas nos assuntos nacionais mas tamb\u00e9m n\u00e3o podem permitir que um s\u00f3 governo, o de \u00c2ngela Merkel queira impor a todos os membros da EU a sua pol\u00edtica de boas-vindas aos refugiados.<\/strong> <strong>A EU, que deveria ser unida, encontra-se em contradi\u00e7\u00e3o ao ser condicionada pela Alemanha e por outro lado, tamb\u00e9m os pol\u00edticos dos pa\u00edses membros terem de fazer vista grossa ao que se passa em Bruxelas,<\/strong> <strong>para poderem sobreviver.<\/strong> Os pol\u00edticos portugueses poder\u00e3o permitir-se ainda por algum tempo manter a sua intensa solidariedade com Bruxelas porque nas elites governantes portuguesas h\u00e1 uma forte convic\u00e7\u00e3o europeia e em Portugal o povo n\u00e3o ter tanto a dizer em pol\u00edtica como noutros pa\u00edses. Um outro factor de desestabiliza\u00e7\u00e3o de Bruxelas ser\u00e1 tamb\u00e9m as rela\u00e7\u00f5es especiais dos USA com o Reino Unido, Pol\u00f3nia, Rom\u00e9nia, Gr\u00e9cia e em parte com Portugal.<\/p>\n<p style=\"text-align: justify;\">A crise dos refugiados na EU levou ao Reino Unido a enveredar caminhos mais nacionalistas. A Uni\u00e3o Europeia cada vez se torna mais fraca como se v\u00ea na sua depend\u00eancia em rela\u00e7\u00e3o \u00e0 Turquia. Sintoma da fraqueza da EU est\u00e1 no facto de se atrever a chamar a aten\u00e7\u00e3o dos USA para o respeito dos direitos humanos e deixar o fascismo crescer na Turquia. Tal como aconteceu com o Brexit torna-se dif\u00edcil para muitos aceitar a realidade dos factos. <strong>A pseudo-religi\u00e3o do politicamente correto da nossa era tem dificuldade em aceitar o contratempo que a faz sofrer e, por isso, n\u00e3o deixa ser objectiva.<\/strong><\/p>\n<p><strong>Ant\u00f3nio da Cunha Duarte Justo<\/strong><\/p>\n<p style=\"text-align: center;\"><strong><span style=\"color: #ff0000;\">UMA BOA AC\u00c7\u00c3O PARA DESENFASTIAR ALGUMAS NOT\u00cdCIAS: TRUMP RENUNCIA AO ORDENADO DE PRESIDENTE<\/span><\/strong><\/p>\n<p>Donald Trump declarou querer renunciar ao ordenado a que teria direito na qualidade de Presidente dos USA. Trum noticiou na CBS s\u00f3 querer aceitar um d\u00f3lar por ano. A remunera\u00e7\u00e3o do presidente americano \u00e9 de 370.000 \u20ac por ano.<\/p>\n<p>Este prop\u00f3sito s\u00f3 ter\u00e1 consist\u00eancia se a sua rela\u00e7\u00e3o como grande empres\u00e1rio e como presidente dos USA n\u00e3o se misturarem.<\/p>\n<p><strong>Ant\u00f3nio da Cunha Duarte Justo<\/strong><\/p>\n","protected":false},"excerpt":{"rendered":"<p>A elei\u00e7\u00e3o de Trump marca o fim da \u00e9poca p\u00f3s-guerra Ant\u00f3nio Justo O antigo embaixador dos USA na Alemanha, john Kornblum, confessou na imprensa alem\u00e3: \u201cA tutela americana sobre a Europa foi retirada para sempre \u2026 A elei\u00e7\u00e3o de Trump marca o fim do mundo p\u00f3s-guerra&#8221;. \u201cAgora os europeus talvez encontrem uma vontade refor\u00e7ada para &hellip; <a href=\"https:\/\/antonio-justo.eu\/?p=3947\" class=\"more-link\">Continuar a ler <span class=\"screen-reader-text\">RETIRADA A TUTELA AMERICANA SOBRE A EUROPA<\/span><\/a><\/p>\n","protected":false},"author":1,"featured_media":0,"comment_status":"open","ping_status":"open","sticky":false,"template":"","format":"standard","meta":{"sfsi_plus_gutenberg_text_before_share":"","sfsi_plus_gutenberg_show_text_before_share":"","sfsi_plus_gutenberg_icon_type":"","sfsi_plus_gutenberg_icon_alignemt":"","sfsi_plus_gutenburg_max_per_row":"","footnotes":""},"categories":[15,14,6,7],"tags":[],"class_list":["post-3947","post","type-post","status-publish","format-standard","hentry","category-cultura","category-economia","category-migracao","category-politica"],"_links":{"self":[{"href":"https:\/\/antonio-justo.eu\/index.php?rest_route=\/wp\/v2\/posts\/3947","targetHints":{"allow":["GET"]}}],"collection":[{"href":"https:\/\/antonio-justo.eu\/index.php?rest_route=\/wp\/v2\/posts"}],"about":[{"href":"https:\/\/antonio-justo.eu\/index.php?rest_route=\/wp\/v2\/types\/post"}],"author":[{"embeddable":true,"href":"https:\/\/antonio-justo.eu\/index.php?rest_route=\/wp\/v2\/users\/1"}],"replies":[{"embeddable":true,"href":"https:\/\/antonio-justo.eu\/index.php?rest_route=%2Fwp%2Fv2%2Fcomments&post=3947"}],"version-history":[{"count":3,"href":"https:\/\/antonio-justo.eu\/index.php?rest_route=\/wp\/v2\/posts\/3947\/revisions"}],"predecessor-version":[{"id":3950,"href":"https:\/\/antonio-justo.eu\/index.php?rest_route=\/wp\/v2\/posts\/3947\/revisions\/3950"}],"wp:attachment":[{"href":"https:\/\/antonio-justo.eu\/index.php?rest_route=%2Fwp%2Fv2%2Fmedia&parent=3947"}],"wp:term":[{"taxonomy":"category","embeddable":true,"href":"https:\/\/antonio-justo.eu\/index.php?rest_route=%2Fwp%2Fv2%2Fcategories&post=3947"},{"taxonomy":"post_tag","embeddable":true,"href":"https:\/\/antonio-justo.eu\/index.php?rest_route=%2Fwp%2Fv2%2Ftags&post=3947"}],"curies":[{"name":"wp","href":"https:\/\/api.w.org\/{rel}","templated":true}]}}