{"id":3942,"date":"2016-11-15T15:27:37","date_gmt":"2016-11-15T14:27:37","guid":{"rendered":"https:\/\/antonio-justo.eu\/?p=3942"},"modified":"2016-11-15T15:27:52","modified_gmt":"2016-11-15T14:27:52","slug":"multa-por-insulto-no-face-book","status":"publish","type":"post","link":"https:\/\/antonio-justo.eu\/?p=3942","title":{"rendered":"MULTA POR INSULTO NO FACE BOOK"},"content":{"rendered":"<p>&nbsp;<\/p>\n<p style=\"text-align: justify;\">Um turco, na Alemanha, foi condenado a pagar 600 \u20ac por ter designado de \u201cPuta\u201d \u00e0 deputada Dagdelen. Um outro foi condenado a pagar 700 \u20ac por ter chamado \u201cFilho da Puta\u201d ao chefe dos Verdes, \u00d6zdemir.<\/p>\n<p>&nbsp;<\/p>\n<p style=\"text-align: justify;\">Um tribunal de Berlim imp\u00f4s multas a pessoas que insultaram no Face Book dois deputados alem\u00e3es de origem turca que tinham aprovado no Parlamento uma resolu\u00e7\u00e3o que qualifica a liquida\u00e7\u00e3o dos arm\u00e9nios pelos turcos como holocausto.<\/p>\n<p style=\"text-align: justify;\">A Internet n\u00e3o \u00e9 um espa\u00e7o isento de Direito! Por vezes causa tristeza lerem-se tantos insultos contra pessoas que pensam de forma diferente. Em vez de argumentos assiste-se muitas vezes a senten\u00e7as proclamadas do alto tribunal da opini\u00e3o armada em tribunal de \u00faltima inst\u00e2ncia!<\/p>\n<p style=\"text-align: justify;\">Este e um assunto que mereceria uma profunda discuss\u00e3o. H\u00e1 que conciliar os direitos da Liberdade de express\u00e3o com o da Dignidade humana! Um outro ponto de discuss\u00e3o a ter-se em conta seria o problema de um Estado que se intromete cada vez mais na esfera que pertenceria ao foro privado.<\/p>\n<p style=\"text-align: justify;\">O RESPEITO pela dignidade humana e o RESPEITO pela liberdade de express\u00e3o! Dois valores que actualmente se usam um contra o outro!<\/p>\n<p><strong>Ant\u00f3nio da Cunha Duarte Justo<\/strong><\/p>\n<p>&nbsp;<\/p>\n","protected":false},"excerpt":{"rendered":"<p>&nbsp; Um turco, na Alemanha, foi condenado a pagar 600 \u20ac por ter designado de \u201cPuta\u201d \u00e0 deputada Dagdelen. Um outro foi condenado a pagar 700 \u20ac por ter chamado \u201cFilho da Puta\u201d ao chefe dos Verdes, \u00d6zdemir. &nbsp; Um tribunal de Berlim imp\u00f4s multas a pessoas que insultaram no Face Book dois deputados alem\u00e3es &hellip; <a href=\"https:\/\/antonio-justo.eu\/?p=3942\" class=\"more-link\">Continuar a ler <span class=\"screen-reader-text\">MULTA POR INSULTO NO FACE BOOK<\/span><\/a><\/p>\n","protected":false},"author":1,"featured_media":0,"comment_status":"open","ping_status":"open","sticky":false,"template":"","format":"standard","meta":{"sfsi_plus_gutenberg_text_before_share":"","sfsi_plus_gutenberg_show_text_before_share":"","sfsi_plus_gutenberg_icon_type":"","sfsi_plus_gutenberg_icon_alignemt":"","sfsi_plus_gutenburg_max_per_row":"","footnotes":""},"categories":[15,7,8],"tags":[],"class_list":["post-3942","post","type-post","status-publish","format-standard","hentry","category-cultura","category-politica","category-religiao"],"_links":{"self":[{"href":"https:\/\/antonio-justo.eu\/index.php?rest_route=\/wp\/v2\/posts\/3942","targetHints":{"allow":["GET"]}}],"collection":[{"href":"https:\/\/antonio-justo.eu\/index.php?rest_route=\/wp\/v2\/posts"}],"about":[{"href":"https:\/\/antonio-justo.eu\/index.php?rest_route=\/wp\/v2\/types\/post"}],"author":[{"embeddable":true,"href":"https:\/\/antonio-justo.eu\/index.php?rest_route=\/wp\/v2\/users\/1"}],"replies":[{"embeddable":true,"href":"https:\/\/antonio-justo.eu\/index.php?rest_route=%2Fwp%2Fv2%2Fcomments&post=3942"}],"version-history":[{"count":2,"href":"https:\/\/antonio-justo.eu\/index.php?rest_route=\/wp\/v2\/posts\/3942\/revisions"}],"predecessor-version":[{"id":3944,"href":"https:\/\/antonio-justo.eu\/index.php?rest_route=\/wp\/v2\/posts\/3942\/revisions\/3944"}],"wp:attachment":[{"href":"https:\/\/antonio-justo.eu\/index.php?rest_route=%2Fwp%2Fv2%2Fmedia&parent=3942"}],"wp:term":[{"taxonomy":"category","embeddable":true,"href":"https:\/\/antonio-justo.eu\/index.php?rest_route=%2Fwp%2Fv2%2Fcategories&post=3942"},{"taxonomy":"post_tag","embeddable":true,"href":"https:\/\/antonio-justo.eu\/index.php?rest_route=%2Fwp%2Fv2%2Ftags&post=3942"}],"curies":[{"name":"wp","href":"https:\/\/api.w.org\/{rel}","templated":true}]}}