{"id":3892,"date":"2016-10-08T15:39:56","date_gmt":"2016-10-08T14:39:56","guid":{"rendered":"https:\/\/antonio-justo.eu\/?p=3892"},"modified":"2016-10-08T15:39:56","modified_gmt":"2016-10-08T14:39:56","slug":"sou-o-sonhar-da-saudade-que-me-sonha","status":"publish","type":"post","link":"https:\/\/antonio-justo.eu\/?p=3892","title":{"rendered":"SOU O SONHAR DA SAUDADE QUE ME SONHA"},"content":{"rendered":"<p>Sou o sonho da saudade a sonhar no movimento.<\/p>\n<p>&nbsp;<\/p>\n<p>No princ\u00edpio era o desassossego, era o caos e era a luta de todos contra todos, na satisfa\u00e7\u00e3o do movimento e do esfor\u00e7o por chegar primeiro \u00e0 meta (individua\u00e7\u00e3o).<\/p>\n<p>&nbsp;<\/p>\n<p>Ent\u00e3o o desassossego bradava na terra e no mar, era em mim a voz da tristeza a clamar por mais.<\/p>\n<p>&nbsp;<\/p>\n<p>O movimento leva ao gozo mas n\u00e3o chega pra chegar \u00e0 felicidade. No movimento respira Deus enquanto sonha. O movimento \u00e9 vontade, \u00e9 desejo sempre em fuga entre a boca e os pulm\u00f5es do mist\u00e9rio.<\/p>\n<p>&nbsp;<\/p>\n<p>Este desejo do mais \u00e9 o ser do movimento mas n\u00e3o o meu, porque sou parte do mist\u00e9rio que me respira nos sonhos em mim a despertar.<\/p>\n<p>&nbsp;<\/p>\n<p>O movimento que me vive na necessidade de se afirmar deixa em mim o eco da viv\u00eancia do universo na sensa\u00e7\u00e3o do divino.<\/p>\n<p>&nbsp;<\/p>\n<p>Tu, minha dor \u00e9s o movimento da saudade a sonhar quem me sonha. Sinto que a saudade \u00e9 mais que amar. Amar \u00e9 o intervalo entre estar s\u00f3 e estar acompanhado. Obrigado a quem me ama sem me deixar esquecer que estou s\u00f3!<\/p>\n<p>&nbsp;<\/p>\n<p>A minha felicidade vem do sonho e o meu gozo (orgasmo) vem do movimento do pensamento. N\u00e3o quero ficar no movimento para n\u00e3o ser levado pelo fumo da saudade quero repousar no sonho da alma, aquela saudade que d\u00e1 for\u00e7a ao movimento.<\/p>\n<p><strong>Ant\u00f3nio da Cunha Duarte Justo<\/strong><\/p>\n<p>http:\/\/poesiajusto.blogspot.de\/<\/p>\n","protected":false},"excerpt":{"rendered":"<p>Sou o sonho da saudade a sonhar no movimento. &nbsp; No princ\u00edpio era o desassossego, era o caos e era a luta de todos contra todos, na satisfa\u00e7\u00e3o do movimento e do esfor\u00e7o por chegar primeiro \u00e0 meta (individua\u00e7\u00e3o). &nbsp; Ent\u00e3o o desassossego bradava na terra e no mar, era em mim a voz da &hellip; <a href=\"https:\/\/antonio-justo.eu\/?p=3892\" class=\"more-link\">Continuar a ler <span class=\"screen-reader-text\">SOU O SONHAR DA SAUDADE QUE ME SONHA<\/span><\/a><\/p>\n","protected":false},"author":1,"featured_media":0,"comment_status":"open","ping_status":"open","sticky":false,"template":"","format":"standard","meta":{"sfsi_plus_gutenberg_text_before_share":"","sfsi_plus_gutenberg_show_text_before_share":"","sfsi_plus_gutenberg_icon_type":"","sfsi_plus_gutenberg_icon_alignemt":"","sfsi_plus_gutenburg_max_per_row":"","footnotes":""},"categories":[3,15],"tags":[],"class_list":["post-3892","post","type-post","status-publish","format-standard","hentry","category-arte","category-cultura"],"_links":{"self":[{"href":"https:\/\/antonio-justo.eu\/index.php?rest_route=\/wp\/v2\/posts\/3892","targetHints":{"allow":["GET"]}}],"collection":[{"href":"https:\/\/antonio-justo.eu\/index.php?rest_route=\/wp\/v2\/posts"}],"about":[{"href":"https:\/\/antonio-justo.eu\/index.php?rest_route=\/wp\/v2\/types\/post"}],"author":[{"embeddable":true,"href":"https:\/\/antonio-justo.eu\/index.php?rest_route=\/wp\/v2\/users\/1"}],"replies":[{"embeddable":true,"href":"https:\/\/antonio-justo.eu\/index.php?rest_route=%2Fwp%2Fv2%2Fcomments&post=3892"}],"version-history":[{"count":1,"href":"https:\/\/antonio-justo.eu\/index.php?rest_route=\/wp\/v2\/posts\/3892\/revisions"}],"predecessor-version":[{"id":3893,"href":"https:\/\/antonio-justo.eu\/index.php?rest_route=\/wp\/v2\/posts\/3892\/revisions\/3893"}],"wp:attachment":[{"href":"https:\/\/antonio-justo.eu\/index.php?rest_route=%2Fwp%2Fv2%2Fmedia&parent=3892"}],"wp:term":[{"taxonomy":"category","embeddable":true,"href":"https:\/\/antonio-justo.eu\/index.php?rest_route=%2Fwp%2Fv2%2Fcategories&post=3892"},{"taxonomy":"post_tag","embeddable":true,"href":"https:\/\/antonio-justo.eu\/index.php?rest_route=%2Fwp%2Fv2%2Ftags&post=3892"}],"curies":[{"name":"wp","href":"https:\/\/api.w.org\/{rel}","templated":true}]}}