{"id":3855,"date":"2016-08-19T10:02:25","date_gmt":"2016-08-19T09:02:25","guid":{"rendered":"https:\/\/antonio-justo.eu\/?p=3855"},"modified":"2016-08-19T11:02:03","modified_gmt":"2016-08-19T10:02:03","slug":"sob-a-burka-no-estranho-da-diferenca","status":"publish","type":"post","link":"https:\/\/antonio-justo.eu\/?p=3855","title":{"rendered":"SOB A BURKA NO ESTRANHO DA DIFEREN\u00c7A"},"content":{"rendered":"<p>&nbsp;<\/p>\n<p>\u00c9 proibido proibir<\/p>\n<p>das costeletas grelhadas o odor<\/p>\n<p>das burcas engradeadas o suor<\/p>\n<p>&nbsp;<\/p>\n<p>\u00c9 proibido proibir<\/p>\n<p>as carnes ostentadas<\/p>\n<p>nas carnes tapadas<\/p>\n<p>&nbsp;<\/p>\n<p>\u00c9 proibido proibir<\/p>\n<p>a presen\u00e7a da aus\u00eancia<\/p>\n<p>na aus\u00eancia presente<\/p>\n<p>no conv\u00edvio do viver<\/p>\n<p>&nbsp;<\/p>\n<p>\u00c9 proibido proibir<\/p>\n<p>a experi\u00eancia do estranho<\/p>\n<p>no estranho do existir<\/p>\n<p>&nbsp;<\/p>\n<p>\u00c9 proibido proibir<\/p>\n<p>a diferen\u00e7a manifesta<\/p>\n<p>no sentido do viver<\/p>\n<p>&nbsp;<\/p>\n<p>&nbsp;<\/p>\n<p>\u00c9 proibido proibir<\/p>\n<p>a proibi\u00e7\u00e3o de proibir<\/p>\n<p>&nbsp;<\/p>\n<p>\u00c9 proibido proibir<\/p>\n<p>a permiss\u00e3o de permitir<\/p>\n<p>&nbsp;<\/p>\n<p>Toler\u00e2ncia \u00e9 viver<\/p>\n<p>no estranho da diferen\u00e7a.<\/p>\n<p><strong>Ant\u00f3nio da Cunha Duarte Justo<\/strong><\/p>\n","protected":false},"excerpt":{"rendered":"<p>&nbsp; \u00c9 proibido proibir das costeletas grelhadas o odor das burcas engradeadas o suor &nbsp; \u00c9 proibido proibir as carnes ostentadas nas carnes tapadas &nbsp; \u00c9 proibido proibir a presen\u00e7a da aus\u00eancia na aus\u00eancia presente no conv\u00edvio do viver &nbsp; \u00c9 proibido proibir a experi\u00eancia do estranho no estranho do existir &nbsp; \u00c9 proibido proibir &hellip; <a href=\"https:\/\/antonio-justo.eu\/?p=3855\" class=\"more-link\">Continuar a ler <span class=\"screen-reader-text\">SOB A BURKA NO ESTRANHO DA DIFEREN\u00c7A<\/span><\/a><\/p>\n","protected":false},"author":1,"featured_media":0,"comment_status":"open","ping_status":"open","sticky":false,"template":"","format":"standard","meta":{"sfsi_plus_gutenberg_text_before_share":"","sfsi_plus_gutenberg_show_text_before_share":"","sfsi_plus_gutenberg_icon_type":"","sfsi_plus_gutenberg_icon_alignemt":"","sfsi_plus_gutenburg_max_per_row":"","footnotes":""},"categories":[3,15,8],"tags":[],"class_list":["post-3855","post","type-post","status-publish","format-standard","hentry","category-arte","category-cultura","category-religiao"],"_links":{"self":[{"href":"https:\/\/antonio-justo.eu\/index.php?rest_route=\/wp\/v2\/posts\/3855","targetHints":{"allow":["GET"]}}],"collection":[{"href":"https:\/\/antonio-justo.eu\/index.php?rest_route=\/wp\/v2\/posts"}],"about":[{"href":"https:\/\/antonio-justo.eu\/index.php?rest_route=\/wp\/v2\/types\/post"}],"author":[{"embeddable":true,"href":"https:\/\/antonio-justo.eu\/index.php?rest_route=\/wp\/v2\/users\/1"}],"replies":[{"embeddable":true,"href":"https:\/\/antonio-justo.eu\/index.php?rest_route=%2Fwp%2Fv2%2Fcomments&post=3855"}],"version-history":[{"count":3,"href":"https:\/\/antonio-justo.eu\/index.php?rest_route=\/wp\/v2\/posts\/3855\/revisions"}],"predecessor-version":[{"id":3858,"href":"https:\/\/antonio-justo.eu\/index.php?rest_route=\/wp\/v2\/posts\/3855\/revisions\/3858"}],"wp:attachment":[{"href":"https:\/\/antonio-justo.eu\/index.php?rest_route=%2Fwp%2Fv2%2Fmedia&parent=3855"}],"wp:term":[{"taxonomy":"category","embeddable":true,"href":"https:\/\/antonio-justo.eu\/index.php?rest_route=%2Fwp%2Fv2%2Fcategories&post=3855"},{"taxonomy":"post_tag","embeddable":true,"href":"https:\/\/antonio-justo.eu\/index.php?rest_route=%2Fwp%2Fv2%2Ftags&post=3855"}],"curies":[{"name":"wp","href":"https:\/\/api.w.org\/{rel}","templated":true}]}}