{"id":3843,"date":"2016-08-13T16:44:16","date_gmt":"2016-08-13T15:44:16","guid":{"rendered":"https:\/\/antonio-justo.eu\/?p=3843"},"modified":"2016-08-13T21:56:20","modified_gmt":"2016-08-13T20:56:20","slug":"portugal-atafegado-pelo-fumo-dos-fogos-e-da-corrupcao","status":"publish","type":"post","link":"https:\/\/antonio-justo.eu\/?p=3843","title":{"rendered":"PORTUGAL ATAFEGADO COM O FUMO DOS FOGOS E DA CORRUP\u00c7\u00c3O"},"content":{"rendered":"<p style=\"text-align: center;\"><span style=\"color: #ff0000;\"><strong><span style=\"color: #ff0000;\">O Eucalipto \u00e9 gasolina na floresta e fonte de emprego e rendimento: UMA PROPOSTA<\/span><\/strong><\/span><\/p>\n<p>Por <strong>Ant\u00f3nio Justo<\/strong><\/p>\n<p style=\"text-align: justify;\">No rosto das popula\u00e7\u00f5es, v\u00ea-se o desespero e o medo perante a cat\u00e1strofe da sua terra a arder. <strong>Portugal anda a arder\u00a0 no corpo e na alma, levado por ventos de interesses vindos de fora, de longe da terra e da raz\u00e3o. Pela reac\u00e7\u00e3o de pol\u00edticos, chega-se mesmo a ter a impress\u00e3o que tudo fala e age sem ter nada a perder.<\/strong> A fauna e a flora sofrem e com ela o povo sofre tamb\u00e9m sob o destino da inc\u00faria instalada.<\/p>\n<p style=\"text-align: center;\"><span style=\"color: #ff0000;\"><strong><span style=\"color: #ff0000;\">Por onde anda o Minist\u00e9rio da Agricultura, Florestas e Desenvolvimento&#8230;<\/span><\/strong><\/span><\/p>\n<p style=\"text-align: justify;\"><strong>O MAFD teria a obriga\u00e7\u00e3o de implementar e co-financiar a ind\u00fastria de recupera\u00e7\u00e3o dos res\u00edduos da limpeza das florestas e de madeiras com fundos pr\u00f3prios e da Uni\u00e3o Europeia.<\/strong> As florestas ocupam mais de um ter\u00e7o do territ\u00f3rio nacional. <strong>A limpeza das florestas tornar-se-ia rent\u00e1vel e reduziria imensamente o risco de inc\u00eandio e de depend\u00eancia energ\u00e9tica se o Estado fomentasse economica e programaticamente o engajamento c\u00edvico das cidades e munic\u00edpios no aproveitamento ecol\u00f3gico de res\u00edduos vegetais.<\/strong><\/p>\n<p style=\"text-align: justify;\"><strong><span style=\"color: #ff0000;\">Os res\u00edduos da limpeza das florestas e dos desperd\u00edcios da ind\u00fastria da madeira podem ser utilizados para sistemas de aquecimento biomassa e pellets (uma forma de energia absolutamente limpa); o seu fomento, pela pol\u00edtica em colabora\u00e7\u00e3o com <span id=\"result_box\" class=\"short_text\" lang=\"pt\"><span class=\"alt-edited\"><span style=\"color: #ff0000;\">associa\u00e7\u00f5es patronais e camar\u00e1rias,<\/span> <\/span><\/span>criaria imensos lugares de emprego na prov\u00edncia e tornaria Portugal mais independente da importa\u00e7\u00e3o de energias. Uma outra pol\u00edtica corresponder\u00e1 a implementar a ind\u00fastria de fogos.<\/span> <\/strong><\/p>\n<p style=\"text-align: justify;\">A Alemanha fomenta economicamente &#8220;Aldeias com bioenergia\u201d implementando a cria\u00e7\u00e3o de <strong>corporativas de servi\u00e7os industriais com a finalidade de tornar rent\u00e1vel o &#8216;lixo&#8217;<\/strong> e aproveitar para abastecer as cidades e aldeias com a bioenergia verde ou para produ\u00e7\u00e3o de pellets. Em vez de criticarem os alem\u00e3es, os pol\u00edticos portugueses deveriam ir \u00e0 Alemanha para aprenderem como fazer para terem um povo bem alimentado e sem necessidade de se andarem a queixar dos outros. <strong>Se os pol\u00edticos portugueses tivessem a coragem de aprender para servir o povo portugu\u00eas, Portugal transformar-se-ia numa Su\u00ed\u00e7a do sul.<\/strong><\/p>\n<p style=\"text-align: justify;\"><strong>N\u00e3o h\u00e1 or\u00e7amentos gratuitos e menos ainda num pa\u00eds em que \u201co trabalho volunt\u00e1rio \u00e9 uma treta\u201d; <\/strong>isto, dito por uma pol\u00edtica irrespons\u00e1vel (Catarina Martins) que deveria fomentar e agradecer o m\u00e1ximo poss\u00edvel o honroso e enriquecedor servi\u00e7o de todos os que prestam trabalhos volunt\u00e1rios.<\/p>\n<p style=\"text-align: justify;\">O vermelho dos fogos de um Portugal a arder \u00e9 um sinal de alerta a amarelos, laranjas e vermelhos para acordarem. O Dispositivo Especial de Combate a Inc\u00eandios Florestais n\u00e3o pode esgotar-se no apoio aos bombeiros por muito aux\u00edlio que estes precisem\u2026 n\u00e3o chega o an\u00fancio de medidas com mera inten\u00e7\u00e3o para efeito de tranquilizar o p\u00fablico. O Estado falhou e falha sistematicamente se temos em conta o resultado da ac\u00e7\u00e3o pol\u00edtica portuguesa.<\/p>\n<p style=\"text-align: center;\"><strong><span style=\"color: #ff0000;\">Vantagens e desvantagens dos eucaliptos<\/span><\/strong><\/p>\n<p style=\"text-align: justify;\">Assiste-se \u00e0 explora\u00e7\u00e3o latifundi\u00e1ria da floresta a transformar-se em monocultura tal como se d\u00e1 na agricultura em planta\u00e7\u00f5es de cultura extensiva de batata, cereais e tamb\u00e9m na explora\u00e7\u00e3o das esp\u00e9cies animais e na explora\u00e7\u00e3o das entranhas da terra.<\/p>\n<p style=\"text-align: justify;\">Segundo <a href=\"http:\/\/visao.sapo.pt\/ambiente\/opiniaoverde\/joaocamargo\/eucaliptugal-o-ecocidio-da-floresta-nacional=f752575\">VISAO<\/a> Portugal \u00e9 o pa\u00eds na Europa com maior \u00e1rea plantada de eucaliptos: <strong>812 mil hectares o que corresponde a 8% da \u00e1rea de Portugal e a 26% de toda a \u00e1rea florestal e proporciona uma grande receita econ\u00f3mica para o pa\u00eds a n\u00edvel de exporta\u00e7\u00e3o. 1 m3 de biomassa de eucalipto rende mais que qualquer outra \u00e1rvore e traz grande lucro at\u00e9 \u00e0 idade de 8-9 anos <\/strong>(faz lembrar a industrializa\u00e7\u00e3o dos frangos!). A ind\u00fastria de celuloses, de cosm\u00e9ticos e de farmac\u00eauticas, fomentam a expans\u00e3o do eucalipto.<\/p>\n<p style=\"text-align: justify;\">O eucalipto, a ac\u00e1cia e a mimosa, onde se encontram, comportam-se de maneira agressiva contra os seus semelhantes vegetais e se n\u00e3o forem controlados transformam-se na ruina da flora. Mais que fazer guerra emotiva e gritar contra o eucalipto ou contra isto ou contra aquilo, o importante \u00e9 criar medidas racionais que possibilitem a melhor conviv\u00eancia e o proveito de todos.<\/p>\n<p style=\"text-align: justify;\"><strong>Os eucaliptais esterilizam o terreno e facilitam a eros\u00e3o. Fazem lembrar outros bi\u00f3topos humanos: onde se implantam n\u00e3o deixam vingar outras culturas.<\/strong><\/p>\n<p style=\"text-align: center;\"><strong><span style=\"color: #ff0000;\">No pa\u00eds onde a raiva impera e a raz\u00e3o pol\u00edtica definha<\/span><\/strong><\/p>\n<p style=\"text-align: justify;\">Vivemos em tempos barb\u00e1ricos em que a explora\u00e7\u00e3o da natureza atrav\u00e9s dos recursos f\u00f3sseis, das monoculturas e do povo se tornou normalidade. O problema est\u00e1 mais numa pol\u00edtica florestal que falha e falta devido a uma mentalidade pol\u00edtica autista perdida no dia-a-dia que n\u00e3o descobriu ainda as imensas possibilidades econ\u00f3micas da floresta deixando-a \u00e0 deriva de interesses descontrolados.<\/p>\n<p style=\"text-align: justify;\">O Portugal da prov\u00edncia fica demasiado longe de Lisboa! Tudo continuar\u00e1 a acontecer como nos anos passados,<strong> conversa em v\u00e3o, se por tr\u00e1s das tentativas de solu\u00e7\u00e3o n\u00e3o houver um conceito econ\u00f3mico rent\u00e1vel para todos; enquanto em pol\u00edtica uns se sentirem de f\u00e9rias e outros a olhar para S\u00e3o Pedro, Portugal continuar\u00e1 \u00e0 espera e a repetir-se de<\/strong> <strong>per\u00edodo eleitoral em per\u00edodo eleitoral. <\/strong><\/p>\n<p style=\"text-align: justify;\">Portugal a arder sem que surja mais luz; um pa\u00eds de terra queimada, sem aproveitar os recursos que tem, sem faixas corta-fogo, deixa a solu\u00e7\u00e3o do problema a empresas de avi\u00f5es que ganham com o fogo.<\/p>\n<p style=\"text-align: justify;\">Acabaram com a guarda-florestal, deixaram a FAP e o pessoal especializado de combates aos fogos nos quarteis, n\u00e3o criam espa\u00e7os livres corta-fogos nem regulam, de maneira racional e rent\u00e1vel, a economia florestal. Com os fogos ganha muita gente: comerciantes, construtores e os fumadores de corrup\u00e7\u00e3o.<\/p>\n<p style=\"text-align: justify;\"><strong>H\u00e1 incentivos econ\u00f3micos para o fomento dos inc\u00eandios:<\/strong> madeireiros pagam um ter\u00e7o pela madeira queimada e que se aproveita na mesma para a produ\u00e7\u00e3o de celulose; os fogos tamb\u00e9m fomentam a exporta\u00e7\u00e3o da celulose, fomentam a urbaniza\u00e7\u00e3o de terrenos ardidos e muitos outros interesses escondidos.<\/p>\n<p style=\"text-align: justify;\"><strong>Qual a raz\u00e3o por que os Governos em cumplicidade com o Parlamento acabaram com os cantoneiros, com os guardas florestais, com a Forca A\u00e9rea das For\u00e7as Armadas e com os seus avi\u00f5es especializados para combate de inc\u00eandios?<\/strong> Fazem pol\u00edtica para os seus, o pessoal engravatado das 35 horas e compram submarinos para que os nossos pol\u00edticos possam sentir-se mais bonitos na Nato e iludirem a imagem, que d\u00e3o ao estrangeiro, de incompetentes de fato polido e gravata empertigada, que n\u00e3o sabem sequer ter as contas em dia nem alimentar o pr\u00f3prio povo que obrigam a emigrar?<\/p>\n<p style=\"text-align: justify;\">Os fogos nos nossos montes e vales e os fumos que nos atafegam j\u00e1 chegam t\u00e3o alto como as labaredas da corrup\u00e7\u00e3o nos lugares altos do Estado e dos minist\u00e9rios.<\/p>\n<p style=\"text-align: justify;\">O corpo e a alma de Portugal andam, j\u00e1 h\u00e1 muito, a arder: no corpo as labaredas do fogo, na alma as labaredas da corrup\u00e7\u00e3o. O povo, tal como a natureza, mantem-se em atitude de espera, enquanto umas e outras labaredas se renovam.<\/p>\n<p style=\"text-align: justify;\"><strong>A grande ilus\u00e3o deste pa\u00eds \u00e9 pensar que a solu\u00e7\u00e3o dos problemas vir\u00e1 da direita ou da esquerda e n\u00e3o do trabalho produtivo da iniciativa privada e do Estado!<\/strong> H\u00e1 interesses instalados que fazem lembrar Nero a estimular a veia po\u00e9tica no ver o espect\u00e1culo de Roma a arder e no ouvir as vozes dos cidad\u00e3os a discutir sobre bodes expiat\u00f3rios!<\/p>\n<p><strong>Ant\u00f3nio da Cunha Duarte Justo<\/strong><\/p>\n<p>&nbsp;<\/p>\n<p>&nbsp;<\/p>\n","protected":false},"excerpt":{"rendered":"<p>O Eucalipto \u00e9 gasolina na floresta e fonte de emprego e rendimento: UMA PROPOSTA Por Ant\u00f3nio Justo No rosto das popula\u00e7\u00f5es, v\u00ea-se o desespero e o medo perante a cat\u00e1strofe da sua terra a arder. Portugal anda a arder\u00a0 no corpo e na alma, levado por ventos de interesses vindos de fora, de longe da &hellip; <a href=\"https:\/\/antonio-justo.eu\/?p=3843\" class=\"more-link\">Continuar a ler <span class=\"screen-reader-text\">PORTUGAL ATAFEGADO COM O FUMO DOS FOGOS E DA CORRUP\u00c7\u00c3O<\/span><\/a><\/p>\n","protected":false},"author":1,"featured_media":0,"comment_status":"open","ping_status":"open","sticky":false,"template":"","format":"standard","meta":{"sfsi_plus_gutenberg_text_before_share":"","sfsi_plus_gutenberg_show_text_before_share":"","sfsi_plus_gutenberg_icon_type":"","sfsi_plus_gutenberg_icon_alignemt":"","sfsi_plus_gutenburg_max_per_row":"","footnotes":""},"categories":[15,14,7],"tags":[],"class_list":["post-3843","post","type-post","status-publish","format-standard","hentry","category-cultura","category-economia","category-politica"],"_links":{"self":[{"href":"https:\/\/antonio-justo.eu\/index.php?rest_route=\/wp\/v2\/posts\/3843","targetHints":{"allow":["GET"]}}],"collection":[{"href":"https:\/\/antonio-justo.eu\/index.php?rest_route=\/wp\/v2\/posts"}],"about":[{"href":"https:\/\/antonio-justo.eu\/index.php?rest_route=\/wp\/v2\/types\/post"}],"author":[{"embeddable":true,"href":"https:\/\/antonio-justo.eu\/index.php?rest_route=\/wp\/v2\/users\/1"}],"replies":[{"embeddable":true,"href":"https:\/\/antonio-justo.eu\/index.php?rest_route=%2Fwp%2Fv2%2Fcomments&post=3843"}],"version-history":[{"count":5,"href":"https:\/\/antonio-justo.eu\/index.php?rest_route=\/wp\/v2\/posts\/3843\/revisions"}],"predecessor-version":[{"id":3848,"href":"https:\/\/antonio-justo.eu\/index.php?rest_route=\/wp\/v2\/posts\/3843\/revisions\/3848"}],"wp:attachment":[{"href":"https:\/\/antonio-justo.eu\/index.php?rest_route=%2Fwp%2Fv2%2Fmedia&parent=3843"}],"wp:term":[{"taxonomy":"category","embeddable":true,"href":"https:\/\/antonio-justo.eu\/index.php?rest_route=%2Fwp%2Fv2%2Fcategories&post=3843"},{"taxonomy":"post_tag","embeddable":true,"href":"https:\/\/antonio-justo.eu\/index.php?rest_route=%2Fwp%2Fv2%2Ftags&post=3843"}],"curies":[{"name":"wp","href":"https:\/\/api.w.org\/{rel}","templated":true}]}}