{"id":3791,"date":"2016-07-22T12:53:33","date_gmt":"2016-07-22T11:53:33","guid":{"rendered":"https:\/\/antonio-justo.eu\/?p=3791"},"modified":"2016-07-22T12:53:33","modified_gmt":"2016-07-22T11:53:33","slug":"festa-de-maria-madalena-a-apostola-dos-apostolos","status":"publish","type":"post","link":"https:\/\/antonio-justo.eu\/?p=3791","title":{"rendered":"FESTA DE MARIA MADALENA A \u201eAP\u00d3STOLA DOS AP\u00d3STOLOS\u201d"},"content":{"rendered":"<p style=\"text-align: justify;\">Hoje dia 22 de Julho, a Liturgia cat\u00f3lica celebra a festa de Santa Maria Madalena, a \u201cap\u00f3stola dos ap\u00f3stolos\u201d.<\/p>\n<p style=\"text-align: justify;\">Maria Madalena, disc\u00edpula de Jesus, como testemunham os evangelhos (Lc 8,2-3; Jo 19,25; Mt 27,61; \u00a0Mc 15,40-41), foi ela a primeira a anunciar o facto pascal aos ap\u00f3stolos (Mt 28, 9-10); Jo 20, 11-18) depois\u00a0 de Jesus lhe ter aparecido e \u00e0s mulheres.<\/p>\n<p style=\"text-align: justify;\">Por isso S. Tom\u00e1s de Aquino a denominou \u201cAp\u00f3stola dos Ap\u00f3stolos\u201d. Madalena foi privilegiada com uma revela\u00e7\u00e3o especial, o que coloca a feminilidade como vertente espiritual privilegiada por ser a primeira testemunha da ressurrei\u00e7\u00e3o. Na B\u00edblia n\u00e3o h\u00e1 provas a favor nem contra de que Madalena tivesse sido prostituta. S\u00f3 pode ajudar a essa conclus\u00e3o o facto de ela ser oriunda de Magdala, uma regi\u00e3o de m\u00e1 fama e pelo facto de Jesus lhe ter expulsado sete dem\u00f3nios (o que simboliza o resumo de todos os pecados).<\/p>\n<p style=\"text-align: justify;\">O filme Da Vinci conferiu a Madalena atributos que historicamente n\u00e3o t\u00eam consist\u00eancia. Os gn\u00f3sticos d\u00e3o-lhe uma men\u00e7\u00e3o especial no evangelho ap\u00f3crifo de Filipe, feito depois dos evangelhos can\u00f3nicos. O evangelho de Filipe foi escrito em copta e n\u00e3o em aramaico.<\/p>\n<p style=\"text-align: justify;\">Ant\u00f3nio da Cunha Duarte Justo<\/p>\n","protected":false},"excerpt":{"rendered":"<p>Hoje dia 22 de Julho, a Liturgia cat\u00f3lica celebra a festa de Santa Maria Madalena, a \u201cap\u00f3stola dos ap\u00f3stolos\u201d. Maria Madalena, disc\u00edpula de Jesus, como testemunham os evangelhos (Lc 8,2-3; Jo 19,25; Mt 27,61; \u00a0Mc 15,40-41), foi ela a primeira a anunciar o facto pascal aos ap\u00f3stolos (Mt 28, 9-10); Jo 20, 11-18) depois\u00a0 de &hellip; <a href=\"https:\/\/antonio-justo.eu\/?p=3791\" class=\"more-link\">Continuar a ler <span class=\"screen-reader-text\">FESTA DE MARIA MADALENA A \u201eAP\u00d3STOLA DOS AP\u00d3STOLOS\u201d<\/span><\/a><\/p>\n","protected":false},"author":1,"featured_media":0,"comment_status":"open","ping_status":"open","sticky":false,"template":"","format":"standard","meta":{"sfsi_plus_gutenberg_text_before_share":"","sfsi_plus_gutenberg_show_text_before_share":"","sfsi_plus_gutenberg_icon_type":"","sfsi_plus_gutenberg_icon_alignemt":"","sfsi_plus_gutenburg_max_per_row":"","footnotes":""},"categories":[8],"tags":[],"class_list":["post-3791","post","type-post","status-publish","format-standard","hentry","category-religiao"],"_links":{"self":[{"href":"https:\/\/antonio-justo.eu\/index.php?rest_route=\/wp\/v2\/posts\/3791","targetHints":{"allow":["GET"]}}],"collection":[{"href":"https:\/\/antonio-justo.eu\/index.php?rest_route=\/wp\/v2\/posts"}],"about":[{"href":"https:\/\/antonio-justo.eu\/index.php?rest_route=\/wp\/v2\/types\/post"}],"author":[{"embeddable":true,"href":"https:\/\/antonio-justo.eu\/index.php?rest_route=\/wp\/v2\/users\/1"}],"replies":[{"embeddable":true,"href":"https:\/\/antonio-justo.eu\/index.php?rest_route=%2Fwp%2Fv2%2Fcomments&post=3791"}],"version-history":[{"count":1,"href":"https:\/\/antonio-justo.eu\/index.php?rest_route=\/wp\/v2\/posts\/3791\/revisions"}],"predecessor-version":[{"id":3792,"href":"https:\/\/antonio-justo.eu\/index.php?rest_route=\/wp\/v2\/posts\/3791\/revisions\/3792"}],"wp:attachment":[{"href":"https:\/\/antonio-justo.eu\/index.php?rest_route=%2Fwp%2Fv2%2Fmedia&parent=3791"}],"wp:term":[{"taxonomy":"category","embeddable":true,"href":"https:\/\/antonio-justo.eu\/index.php?rest_route=%2Fwp%2Fv2%2Fcategories&post=3791"},{"taxonomy":"post_tag","embeddable":true,"href":"https:\/\/antonio-justo.eu\/index.php?rest_route=%2Fwp%2Fv2%2Ftags&post=3791"}],"curies":[{"name":"wp","href":"https:\/\/api.w.org\/{rel}","templated":true}]}}