{"id":3711,"date":"2016-06-27T16:17:15","date_gmt":"2016-06-27T15:17:15","guid":{"rendered":"https:\/\/antonio-justo.eu\/?p=3711"},"modified":"2016-06-27T21:44:53","modified_gmt":"2016-06-27T20:44:53","slug":"o-processo-de-divorcio-da-gra-bretanha-com-a-uniao-europeia-durara-pelo-menos-2-anos","status":"publish","type":"post","link":"https:\/\/antonio-justo.eu\/?p=3711","title":{"rendered":"O PROCESSO DE DIV\u00d3RCIO DA GR\u00c3-BRETANHA COM A UNI\u00c3O EUROPEIA DURAR\u00c1 PELO MENOS 2 ANOS"},"content":{"rendered":"<p style=\"text-align: center;\"><strong><span style=\"color: #ff0000;\">Cameron semeou Democracia e agora colhe os seus Frutos<\/span> <\/strong><\/p>\n<p>Por <strong>Ant\u00f3nio Justo<\/strong><\/p>\n<p style=\"text-align: justify;\">\u201cCastigue-se o desertor\u201d, gritam os europe\u00edstas! \u201cParab\u00e9ns ao desertor\u201d gritam os nacionalistas!<\/p>\n<p style=\"text-align: justify;\">A Uni\u00e3o Europeia e a Gr\u00e3-Bretanha recebem agora a factura da arrog\u00e2ncia da sua classe pol\u00edtica. Cameron semeou democracia e agora ela ondula pela Europa \u00e0 maneira das searas em dias de ventania. <strong>Os adeptos<\/strong> <strong>do politicamente correcto procuram, com a sua m\u00fasica acompanhante, desviar a bola para canto difamando a voz do povo como sendo desafina\u00e7\u00e3o de populistas. <\/strong><\/p>\n<p style=\"text-align: justify;\">Bruxelas avisou Londres para apresentar j\u00e1 a declara\u00e7\u00e3o de sa\u00edda e assim <strong>n\u00e3o \u201ctomar todo o continente como ref\u00e9m\u201d,<\/strong> e assim n\u00e3o prejudicar ainda mais a UE e n\u00e3o contagiar outros membros que j\u00e1 flertam com a ideia da sa\u00edda. A negocia\u00e7\u00e3o do acordo encontra-se sujeita a v\u00e1rios entraves pelo facto do Brexit ter de ser ratificado pelas C\u00e2maras brit\u00e2nicas. O requerimento de aplica\u00e7\u00e3o do artigo 50 da EU que dar\u00e1 in\u00edcio ao processo de sa\u00edda, se n\u00e3o acontecer algum improviso at\u00e9 l\u00e1, ser\u00e1 certamente iniciado em Novembro-Dezembro, a n\u00e3o ser que os interesses dos conservadores europeus sejam vencidos pelos interesses da esquerda.<\/p>\n<p style=\"text-align: justify;\">Cameron para defender os interesses do partido conservador e os interesses econ\u00f3micos da Gr\u00e3-Bretanha pretende s\u00f3 abandonar o governo em Outubro. Pretende assim que o processo de div\u00f3rcio s\u00f3 seja solicitado depois de haver novo chefe de governo. <strong>O processo de div\u00f3rcio durar\u00e1 2 anos como prev\u00ea o artigo 50, a n\u00e3o ser que algum pa\u00eds n\u00e3o esteja de acordo e ent\u00e3o o prazo seria prolongado, como opinam os especialistas. \u00c2ngela Merkel j\u00e1 deu sinal de compreender a inten\u00e7\u00e3o de Cameron em querer adiar o in\u00edcio do processo de div\u00f3rcio; pol\u00edticos de outros partidos alem\u00e3es n\u00e3o acham oportuna a posi\u00e7\u00e3o de Merkel.<\/strong> Os brit\u00e2nicos, encontrem-se em que posi\u00e7\u00e3o se encontrarem, conseguir\u00e3o sempre condi\u00e7\u00f5es especiais para o seu pa\u00eds, tal como faziam j\u00e1 na EU e ao longo da hist\u00f3ria com Portugal. \u00c9 um povo fino e pragm\u00e1tico!<\/p>\n<p style=\"text-align: center;\"><span style=\"color: #ff0000;\"><strong><span style=\"color: #ff0000;\">O Bus\u00edlis da quest\u00e3o<\/span><\/strong><\/span><\/p>\n<p style=\"text-align: justify;\">A<strong> Fran\u00e7a e outras for\u00e7as reformistas n\u00e3o poder\u00e3o deixar adiar muito o processo; doutro modo a resist\u00eancia popular interna e contra a UE aumentar\u00e1. <\/strong>\u00c9 o que se diz pela europa fora: o desertor tem de ser castigado para se estatuir um exemplo para outros pa\u00edses que seriam tentados a imit\u00e1-lo.<\/p>\n<p style=\"text-align: justify;\"><strong>A Alemanha estar\u00e1 interessada na realiza\u00e7\u00e3o de um acordo de com\u00e9rcio livre entre a UE a GB antes do div\u00f3rcio se realizar definitivamente.<\/strong> Com o Brexit as economias de muitos pa\u00edses ressentir-se-\u00e3o e as consequ\u00eancias ser\u00e3o incalcul\u00e1veis. As Finan\u00e7as internacionais e os operadores mundiais come\u00e7am a duvidar da Europa como lugar est\u00e1vel de investimento. A UE perde peso e a instabilidade, devido a um conglomerado de factores acentuar-se-\u00e1. <strong>O movimento europeu, de for\u00e7as a operar em sentido contr\u00e1rio \u00e0 filosofia da globaliza\u00e7\u00e3o, reage agora no sentido do protecionismo nacional contra um centralismo s\u00f3 orientado pelas leis de um mercado livre que n\u00e3o respeitava identidades nacionais, nem povo, nem sequer a sua cultura com os seus lugares sagrados\u00a0 de ref\u00fagio.<\/strong><\/p>\n<p style=\"text-align: justify;\"><strong>A GB continuar\u00e1 a ser a Capital das finan\u00e7as do mundo, tem bomba at\u00f3mica, tem assento no Conselho de Seguran\u00e7a da ONU e tudo isto toca com muitos interesses comuns!<\/strong><\/p>\n<p style=\"text-align: justify;\">Estudos prev\u00eaem que o Pfund desvalorizar\u00e1 at\u00e9 20%. <strong>A GB perde a vantagem competitiva que lhe advinha pelo facto de pertencer \u00e0 UE. <\/strong>O centro financeiro Frankfurt ganha mais relev\u00e2ncia.<\/p>\n<p style=\"text-align: justify;\"><strong>Com a sa\u00edda da Gr\u00e3-Bretanha, a UE passar\u00e1 a investir mais no armamento para com o tempo criar um ex\u00e9rcito europeu.<\/strong> O ex\u00e9rcito alem\u00e3o, na inten\u00e7\u00e3o de pol\u00edticos, j\u00e1 pensa em abrir as suas portas a candidatos da UE.<\/p>\n<p style=\"text-align: justify;\">O bus\u00edlis da quest\u00e3o vem ainda do facto de 62% dos escoceses terem votado pela perman\u00eancia da GB na EU. <strong>Deste modo o referendo de 2014 sobre a independ\u00eancia da Esc\u00f3cia em que 55% tinham determinado a perman\u00eancia na Gr\u00e3-Bretanha, passa a ser maculatura,<\/strong> legitimando um novo referendo sobre a independ\u00eancia da Esc\u00f3cia, como pretende o seu governo. Para alguns, isto poderia motivar as institui\u00e7\u00f5es brit\u00e2nicas a n\u00e3o ratificarem o referendo. Nesse caso seria pior a emenda que o soneto.<strong> A \u00c1ustria j\u00e1 avisou que quer uma UE reformista e sem a Turquia.<\/strong> A Fran\u00e7a, a Ch\u00e9quia, os Pa\u00edses Baixos t\u00eam fortes movimentos c\u00edvicos que amea\u00e7am com a sa\u00edda da UE. <strong>Em Portugal tamb\u00e9m surgem vozes da esquerda radical nesse sentido mas isso n\u00e3o passa de conversa fiada, pr\u00f3pria para entreter a as emo\u00e7\u00f5es da sociedade portuguesa.<\/strong><\/p>\n<p style=\"text-align: justify;\">A UE mesmo com a sa\u00edda da Gr\u00e3-Bretanha continua a ser o bloco econ\u00f3mico mais forte do mundo. Numa era de concorr\u00eancia entre civiliza\u00e7\u00f5es e grandes economias o vento delas n\u00e3o sopra em favor dos bi\u00f3topos culturais nem das na\u00e7\u00f5es. Geralmente segue-se a regra de primeiramente encher o est\u00f4mago e s\u00f3 depois a moral.<\/p>\n<p style=\"text-align: justify;\">H\u00e1 ainda um outro problema que a UE ter\u00e1 de levar a reboque por mais tempo! S\u00e3o os milhares de empregados brit\u00e2nicos nas institui\u00e7\u00f5es da UE. Bruxelas j\u00e1 disse: \u201cEles s\u00e3o funcion\u00e1rios da UE. \u00a0Eles trabalham para a Europa\u201d. Quem ter\u00e1 de pagar depois as suas deliciosas pens\u00f5es ter\u00e1 de ser ainda negociado.<\/p>\n<p><strong>Ant\u00f3nio da Cunha Duarte Justo<\/strong><\/p>\n<blockquote class=\"wp-embedded-content\" data-secret=\"GJcVKU94JQ\"><p><a href=\"https:\/\/antonio-justo.eu\/?p=3711\">O PROCESSO DE DIV\u00d3RCIO DA GR\u00c3-BRETANHA COM A UNI\u00c3O EUROPEIA DURAR\u00c1 PELO MENOS 2 ANOS<\/a><\/p><\/blockquote>\n<p><iframe loading=\"lazy\" class=\"wp-embedded-content\" sandbox=\"allow-scripts\" security=\"restricted\" style=\"position: absolute; visibility: hidden;\" title=\"&#8220;O PROCESSO DE DIV\u00d3RCIO DA GR\u00c3-BRETANHA COM A UNI\u00c3O EUROPEIA DURAR\u00c1 PELO MENOS 2 ANOS&#8221; &#8212; Pegadas do Tempo\" src=\"https:\/\/antonio-justo.eu\/?p=3711&#038;embed=true#?secret=1SrEPl5R1z#?secret=GJcVKU94JQ\" data-secret=\"GJcVKU94JQ\" width=\"600\" height=\"338\" frameborder=\"0\" marginwidth=\"0\" marginheight=\"0\" scrolling=\"no\"><\/iframe><\/p>\n<p style=\"text-align: center;\"><strong><span style=\"color: #ff0000;\">Para compensar a frustra\u00e7\u00e3o!<\/span><\/strong><\/p>\n<p>PORTUGAL GANHOU \u2013 COM UMA ACTUA\u00c7\u00c3O T\u00c1TICA DE MESTRIA \u2013 SERIA DE PROPOR O TREINADOR FERNANDO SANTOS PARA PRIMEIRO-MINISTRO!&#8230;<\/p>\n<p>Portugal 1 Cro\u00e1cia 0<\/p>\n<p>Hoje Portugal mostrou que n\u00e3o s\u00f3 tem bons jogadores mas que tamb\u00e9m tem uma boa comunidade de jogadores.<\/p>\n<p>O grande arquitecto da partida de hoje foi Fernando Santos. Portugal ganhou o jogo devido \u00e0 sua nova t\u00e1tica de jogo que desorientou jogadores croatas.<\/p>\n<p>Ronaldo, Quaresma, Pepe e Renato congregaram as for\u00e7as da equipa e deste modo conseguiram furar a forte defesa croata!<\/p>\n<p>&nbsp;<\/p>\n<p>Fernando Santos, com a nova t\u00e1tica mereceria ser primeiro-ministro. Ent\u00e3o todo o Portugal estaria em forma.<\/p>\n","protected":false},"excerpt":{"rendered":"<p>Cameron semeou Democracia e agora colhe os seus Frutos Por Ant\u00f3nio Justo \u201cCastigue-se o desertor\u201d, gritam os europe\u00edstas! \u201cParab\u00e9ns ao desertor\u201d gritam os nacionalistas! A Uni\u00e3o Europeia e a Gr\u00e3-Bretanha recebem agora a factura da arrog\u00e2ncia da sua classe pol\u00edtica. Cameron semeou democracia e agora ela ondula pela Europa \u00e0 maneira das searas em dias &hellip; <a href=\"https:\/\/antonio-justo.eu\/?p=3711\" class=\"more-link\">Continuar a ler <span class=\"screen-reader-text\">O PROCESSO DE DIV\u00d3RCIO DA GR\u00c3-BRETANHA COM A UNI\u00c3O EUROPEIA DURAR\u00c1 PELO MENOS 2 ANOS<\/span><\/a><\/p>\n","protected":false},"author":1,"featured_media":0,"comment_status":"open","ping_status":"open","sticky":false,"template":"","format":"standard","meta":{"sfsi_plus_gutenberg_text_before_share":"","sfsi_plus_gutenberg_show_text_before_share":"","sfsi_plus_gutenberg_icon_type":"","sfsi_plus_gutenberg_icon_alignemt":"","sfsi_plus_gutenburg_max_per_row":"","footnotes":""},"categories":[15,14,6,7],"tags":[],"class_list":["post-3711","post","type-post","status-publish","format-standard","hentry","category-cultura","category-economia","category-migracao","category-politica"],"_links":{"self":[{"href":"https:\/\/antonio-justo.eu\/index.php?rest_route=\/wp\/v2\/posts\/3711","targetHints":{"allow":["GET"]}}],"collection":[{"href":"https:\/\/antonio-justo.eu\/index.php?rest_route=\/wp\/v2\/posts"}],"about":[{"href":"https:\/\/antonio-justo.eu\/index.php?rest_route=\/wp\/v2\/types\/post"}],"author":[{"embeddable":true,"href":"https:\/\/antonio-justo.eu\/index.php?rest_route=\/wp\/v2\/users\/1"}],"replies":[{"embeddable":true,"href":"https:\/\/antonio-justo.eu\/index.php?rest_route=%2Fwp%2Fv2%2Fcomments&post=3711"}],"version-history":[{"count":5,"href":"https:\/\/antonio-justo.eu\/index.php?rest_route=\/wp\/v2\/posts\/3711\/revisions"}],"predecessor-version":[{"id":3716,"href":"https:\/\/antonio-justo.eu\/index.php?rest_route=\/wp\/v2\/posts\/3711\/revisions\/3716"}],"wp:attachment":[{"href":"https:\/\/antonio-justo.eu\/index.php?rest_route=%2Fwp%2Fv2%2Fmedia&parent=3711"}],"wp:term":[{"taxonomy":"category","embeddable":true,"href":"https:\/\/antonio-justo.eu\/index.php?rest_route=%2Fwp%2Fv2%2Fcategories&post=3711"},{"taxonomy":"post_tag","embeddable":true,"href":"https:\/\/antonio-justo.eu\/index.php?rest_route=%2Fwp%2Fv2%2Ftags&post=3711"}],"curies":[{"name":"wp","href":"https:\/\/api.w.org\/{rel}","templated":true}]}}