{"id":3687,"date":"2016-06-23T10:18:47","date_gmt":"2016-06-23T09:18:47","guid":{"rendered":"https:\/\/antonio-justo.eu\/?p=3687"},"modified":"2016-06-23T10:36:19","modified_gmt":"2016-06-23T09:36:19","slug":"do-futeboles-e-da-cultura-da-concorrencia-regrada","status":"publish","type":"post","link":"https:\/\/antonio-justo.eu\/?p=3687","title":{"rendered":"DO FUTEBOL\u00caS E DA CULTURA DA CONCORR\u00caNCIA REGRADA"},"content":{"rendered":"<p style=\"text-align: justify;\">O empate 3-3 de Portugal com a Hungria, no Campeonato Europeu de futebol, permite a Portugal jogar, nos oitavos de final, contra a Cro\u00e1cia, no pr\u00f3ximo S\u00e1bado. Portugal tem jogado muito bem mas n\u00e3o tem tido grande sorte em termos de conseguir que a bola fure a baliza do advers\u00e1rio, como mereceria; <span data-offset-key=\"fr38f-0-0\"><span data-text=\"true\">talvez isto se deva \u00e0 sua t\u00e9cnica de jogo que aposta mais na estrat\u00e9gia individual do que na grupal.<\/span><\/span><\/p>\n<p style=\"text-align: justify;\">Neste campeonato de futebol, em vez de 16 equipas, participaram 24. Deste modo a tens\u00e3o aumenta porque de cada jogo depende o avan\u00e7o. Das 24 equipas foram exclu\u00eddos 8 e 16 continuam na corrida para a vit\u00f3ria.<\/p>\n<p style=\"text-align: justify;\">O Campeonato Europeu de futebol \u00e9 mais que um acontecimento desportivo, mais que emo\u00e7\u00f5es ecoadoras em est\u00e1dios e em ruas entulhadas; O Campeonato p\u00f5e as culturas em contacto com as pantalhas da TV e com a desloca\u00e7\u00e3o de muitos fans.<\/p>\n<p style=\"text-align: justify;\">J\u00e1 por esta raz\u00e3o seria bom que no pr\u00f3ximo Campeonato Europeu participassem as equipas de 32 na\u00e7\u00f5es.<\/p>\n<p style=\"text-align: justify;\">Se bem observamos todo o gramado da pol\u00edtica e da polis, torna-se evidente uma lei fundamental que tudo arrasta e leva \u00e0 frente: a concorr\u00eancia regrada. Outros diriam: a guerra ou a viol\u00eancia civilizada, sublimada no futebol.<\/p>\n<p style=\"text-align: justify;\">No campeonato em que todos participamos, no jogo da vida, o ideal seria se o jogo se transformasse mais em festa dentro e fora do relvado! Uma quest\u00e3o de estrat\u00e9gia\u00a0 mais regrada! Todos por um e um por todos.<br \/>\n<strong>Ant\u00f3nio da Cunha Duarte Justo<\/strong><\/p>\n<blockquote class=\"wp-embedded-content\" data-secret=\"EKlSWm9atj\"><p><a href=\"https:\/\/antonio-justo.eu\/?p=3687\">DO FUTEBOL\u00caS E DA CULTURA DA CONCORR\u00caNCIA REGRADA<\/a><\/p><\/blockquote>\n<p><iframe loading=\"lazy\" class=\"wp-embedded-content\" sandbox=\"allow-scripts\" security=\"restricted\" style=\"position: absolute; visibility: hidden;\" title=\"&#8220;DO FUTEBOL\u00caS E DA CULTURA DA CONCORR\u00caNCIA REGRADA&#8221; &#8212; Pegadas do Tempo\" src=\"https:\/\/antonio-justo.eu\/?p=3687&#038;embed=true#?secret=7TN79yzlwn#?secret=EKlSWm9atj\" data-secret=\"EKlSWm9atj\" width=\"600\" height=\"338\" frameborder=\"0\" marginwidth=\"0\" marginheight=\"0\" scrolling=\"no\"><\/iframe><\/p>\n","protected":false},"excerpt":{"rendered":"<p>O empate 3-3 de Portugal com a Hungria, no Campeonato Europeu de futebol, permite a Portugal jogar, nos oitavos de final, contra a Cro\u00e1cia, no pr\u00f3ximo S\u00e1bado. Portugal tem jogado muito bem mas n\u00e3o tem tido grande sorte em termos de conseguir que a bola fure a baliza do advers\u00e1rio, como mereceria; talvez isto se &hellip; <a href=\"https:\/\/antonio-justo.eu\/?p=3687\" class=\"more-link\">Continuar a ler <span class=\"screen-reader-text\">DO FUTEBOL\u00caS E DA CULTURA DA CONCORR\u00caNCIA REGRADA<\/span><\/a><\/p>\n","protected":false},"author":1,"featured_media":0,"comment_status":"open","ping_status":"open","sticky":false,"template":"","format":"standard","meta":{"sfsi_plus_gutenberg_text_before_share":"","sfsi_plus_gutenberg_show_text_before_share":"","sfsi_plus_gutenberg_icon_type":"","sfsi_plus_gutenberg_icon_alignemt":"","sfsi_plus_gutenburg_max_per_row":"","footnotes":""},"categories":[3,15,4,7],"tags":[],"class_list":["post-3687","post","type-post","status-publish","format-standard","hentry","category-arte","category-cultura","category-educacao","category-politica"],"_links":{"self":[{"href":"https:\/\/antonio-justo.eu\/index.php?rest_route=\/wp\/v2\/posts\/3687","targetHints":{"allow":["GET"]}}],"collection":[{"href":"https:\/\/antonio-justo.eu\/index.php?rest_route=\/wp\/v2\/posts"}],"about":[{"href":"https:\/\/antonio-justo.eu\/index.php?rest_route=\/wp\/v2\/types\/post"}],"author":[{"embeddable":true,"href":"https:\/\/antonio-justo.eu\/index.php?rest_route=\/wp\/v2\/users\/1"}],"replies":[{"embeddable":true,"href":"https:\/\/antonio-justo.eu\/index.php?rest_route=%2Fwp%2Fv2%2Fcomments&post=3687"}],"version-history":[{"count":4,"href":"https:\/\/antonio-justo.eu\/index.php?rest_route=\/wp\/v2\/posts\/3687\/revisions"}],"predecessor-version":[{"id":3691,"href":"https:\/\/antonio-justo.eu\/index.php?rest_route=\/wp\/v2\/posts\/3687\/revisions\/3691"}],"wp:attachment":[{"href":"https:\/\/antonio-justo.eu\/index.php?rest_route=%2Fwp%2Fv2%2Fmedia&parent=3687"}],"wp:term":[{"taxonomy":"category","embeddable":true,"href":"https:\/\/antonio-justo.eu\/index.php?rest_route=%2Fwp%2Fv2%2Fcategories&post=3687"},{"taxonomy":"post_tag","embeddable":true,"href":"https:\/\/antonio-justo.eu\/index.php?rest_route=%2Fwp%2Fv2%2Ftags&post=3687"}],"curies":[{"name":"wp","href":"https:\/\/api.w.org\/{rel}","templated":true}]}}