{"id":3659,"date":"2016-06-13T22:52:55","date_gmt":"2016-06-13T21:52:55","guid":{"rendered":"https:\/\/antonio-justo.eu\/?p=3659"},"modified":"2016-06-13T22:52:55","modified_gmt":"2016-06-13T21:52:55","slug":"a-crise-cultural-europeia-e-a-nova-agenda-dos-partidos-de-esquerda","status":"publish","type":"post","link":"https:\/\/antonio-justo.eu\/?p=3659","title":{"rendered":"A CRISE CULTURAL EUROPEIA E A NOVA AGENDA DOS PARTIDOS DE ESQUERDA"},"content":{"rendered":"<p><strong>\u00a0<\/strong><\/p>\n<p style=\"text-align: center;\"><span style=\"color: #ff0000;\"><strong><span style=\"color: #ff0000;\">Numa Europa \u00e0 Procura de si mesma?<\/span><\/strong><\/span><\/p>\n<p>Por <strong>Ant\u00f3nio Justo<\/strong><\/p>\n<p style=\"text-align: center;\"><span style=\"color: #ff0000;\"><strong><span style=\"color: #ff0000;\">Ponto de partida<\/span><\/strong><\/span><\/p>\n<p style=\"text-align: justify;\">Vivemos numa Europa que n\u00e3o sabe o que a Europa quer<strong>! A sociedade europeia parece ter chegado aos seus limites. De facto, a sua abertura \u00e9 tanta que j\u00e1 n\u00e3o se sabe onde \u00e9 dentro e onde \u00e9 fora. Toda a sociedade que n\u00e3o se preocupa com a sua defini\u00e7\u00e3o, com a sua identidade, perde a raz\u00e3o do seu existir.<\/strong> <strong>Uma sociedade n\u00e3o se pode definir apenas pelas suas demarca\u00e7\u00f5es territoriais, ela precisa tamb\u00e9m de um tecto cultural espiritual, no caso, precisa de se reencontrar no cristianismo.<\/strong> A moral baseada nos dez mandamentos foi substitu\u00edda pelo moralismo do pensamento politicamente correcto, da falsa toler\u00e2ncia, do \u201cn\u00e3o deves\u2026\u201d e de um insidioso desenraizamento que se agarra \u00e0 rotina de uma desgra\u00e7ada filosofia niilista que reduz o ide\u00e1rio do cidad\u00e3o \u00e0 mera satisfa\u00e7\u00e3o das suas necessidades prim\u00e1rias.<\/p>\n<p style=\"text-align: justify;\">A consequ\u00eancia natural da aus\u00eancia de um tecto metaf\u00edsico torna-se vis\u00edvel nas crises de identidade individual, de identidade nacional e de identidade civilizacional. Isto leva socialmente \u00e0 forma\u00e7\u00e3o de uma economia dominada por um capitalismo predat\u00f3rio e de uma cultura submetida a um socialismo predat\u00f3rio. No v\u00e1cuo cultural formam-se bolhas isl\u00e2micas e mundivis\u00f5es mecanicistas que conduzem \u00e0 arrog\u00e2ncia, \u00e0 insatisfa\u00e7\u00e3o e \u00e0 frustra\u00e7\u00e3o de pessoas humanistas adultas, mais conscientes e sens\u00edveis.<\/p>\n<p style=\"text-align: center;\"><span style=\"color: #ff0000;\"><strong><span style=\"color: #ff0000;\">A Insatisfa\u00e7\u00e3o social e a Situa\u00e7\u00e3o partid\u00e1ria<\/span><\/strong><\/span><\/p>\n<p><strong>Grande parte do povo europeu tem a sensa\u00e7\u00e3o de que n\u00e3o \u00e9 senhor na pr\u00f3pria casa e tem a impress\u00e3o de ter uma classe dominante composta de lobos vestidos de cordeiros. Assim<\/strong>, o povo, cada vez mais se afasta da classe pol\u00edtica estabelecida e reinante. Em todas as na\u00e7\u00f5es alastra o descontentamento social e a desilus\u00e3o observando-se, na sequ\u00eancia disso um amplo movimento social para o centro- direita e um radicalismo nos extremos.<\/p>\n<p style=\"text-align: justify;\">Os ventos neoliberais que assediam a social-democracia europeia desestabilizam o centro social-democr\u00e1tico de esquerda e de direita, o que leva os partidos andarem agora \u00e0 procura de noivas nos partidos radicais.<\/p>\n<p style=\"text-align: justify;\">Os grandes partidos do consenso perdem as penas, correndo perigo de se tornarem ultrapassados; por outro lado os partidos das bordas t\u00eam-se encontrado demasiado centrados em si mesmos, e, como rastejo acompanhante, assiste-se a protuber\u00e2ncias sociais no activismo pol\u00edtico da extrema-esquerda e da extrema-direita. (A sociedade portuguesa \u00e9 pac\u00edfica e moderada; politicamente \u00e9 de inclina\u00e7\u00e3o republicana esquerda n\u00e3o possuindo extrema-direita).<\/p>\n<p style=\"text-align: center;\"><span style=\"color: #ff0000;\"><strong><span style=\"color: #ff0000;\">Reac\u00e7\u00e3o apressada \u00e0 situa\u00e7\u00e3o<\/span><\/strong><\/span><\/p>\n<p style=\"text-align: justify;\">Atendendo \u00e0 insatisfa\u00e7\u00e3o generalizada do povo europeu os partidos que antes giravam em torno do centro esquerda reagem querendo perfilar-se com posi\u00e7\u00f5es ainda mais radicais \u00e0 esquerda como forma de responderem \u00e0 acentua\u00e7\u00e3o do crescente nacionalismo provocado pelo v\u00e1cuo cultural criado principalmente por ideologias prepotentes que fizeram das leis as r\u00e9deas do povo; essa elite reage agora assustada quando este parece querer beneficiador os partidos do centro direita e favorecer as bordas da sociedade, o que implica maior fragmenta\u00e7\u00e3o pol\u00edtica e social.<\/p>\n<p style=\"text-align: justify;\">Tanto a esquerda radical (comunista) como a esquerda socialista, em vez de agirem reagem, chegando apressadamente \u00e0 conclus\u00e3o de que o povo precisa de ass\u00e9dio e de mais est\u00edmulo emocional. Para isso as fam\u00edlias partid\u00e1rias da esquerda europeia pretendem seguir <strong>uma agenda ainda mais virada para um \u201cpopulismo de esquerda, emp\u00e1tico e iluminado&#8221;.<\/strong> A agenda de radicaliza\u00e7\u00e3o foi anunciada na Alemanha pelo partido Die Linke (A Esquerda), seguindo-se-lhe o moderado SPD alem\u00e3o (desgastado pela governa\u00e7\u00e3o) e por \u00faltimo o Congresso do PS em Portugal. O PS j\u00e1 se encontra demasiado \u00e0 esquerda (se tivermos em conta o SPD). A experi\u00eancia do governo de Al\u00e9xis Ts\u00edpras na Gr\u00e9cia e de Ant\u00f3nio Costa em Portugal parecem encorajar a esquerda a tornar-se mais radical.<\/p>\n<p style=\"text-align: justify;\">Armam-se em escudo protector de uma classe que tamb\u00e9m exploram e para melhor se perfilarem usam uma posi\u00e7\u00e3o amb\u00edgua em rela\u00e7\u00e3o aos governos e de alas dentro do pr\u00f3prio partido. Numa \u00e9poca em que as quest\u00f5es sociais n\u00e3o se resolvem s\u00f3 a n\u00edvel nacional nem partid\u00e1rio, a esquerda parece abdicar da responsabilidade ao acentuar uma estrat\u00e9gia baseada no ressentimento e na inveja e na luta entre os de cima e os de baixo; por outro lado um capitalismo liberal desenfreado d\u00e1-lhes raz\u00e3o.<\/p>\n<p style=\"text-align: justify;\">Perante o Zeitgeist (esp\u00edrito da \u00e9poca) europeu, que de momento expressa a necessidade de corrigir um movimento pol\u00edtico progressista a perder cada vez mais as refer\u00eancias da cultura europeia, a esquerda europeia, em vez de reflectir sobre erros e exageros na imposi\u00e7\u00e3o da sua ideologia, quer reagir mais agressivamente nos debates da sociedade, para assim poder ganhar para si a raz\u00e3o da emo\u00e7\u00e3o.<\/p>\n<p style=\"text-align: justify;\"><strong>Portugal derrapa \u00e0 esquerda enquanto a Europa se corrige reorganizando-se um pouco mais \u00e0 direita. O povo portugu\u00eas teria muito a dizer \u00e0 EU mas a sua elite, enquanto n\u00e3o se descobrir como povo, ser\u00e1 levada a viver da ideologia importada, impingindo ao povo gato por lebre, quando no pa\u00eds h\u00e1 tanta lebre!<\/strong><\/p>\n<p style=\"text-align: justify;\">Como Portugal n\u00e3o tem nenhum partido de extrema-direita, a nova estrat\u00e9gia da esquerda significar\u00e1 para Portugal uma escorregadela ainda mais \u00e0 esquerda; em rela\u00e7\u00e3o aos pa\u00edses do centro n\u00f3rdico europeu, a sociedade portuguesa continua a n\u00edvel ideol\u00f3gico pol\u00edtico um passo \u00e0 esquerda da Europa.<\/p>\n<p style=\"text-align: justify;\"><strong>Quem manda pode e quem pode manda; s\u00f3 manda vir quem n\u00e3o pode ou quem n\u00e3o est\u00e1 consciente de que tamb\u00e9m pode poder organizando-se!<\/strong><\/p>\n<p><strong>Ant\u00f3nio da Cunha Duarte Justo<\/strong><\/p>\n<p>Pegadas do Tempo<\/p>\n<p>&nbsp;<\/p>\n","protected":false},"excerpt":{"rendered":"<p>\u00a0 Numa Europa \u00e0 Procura de si mesma? Por Ant\u00f3nio Justo Ponto de partida Vivemos numa Europa que n\u00e3o sabe o que a Europa quer! A sociedade europeia parece ter chegado aos seus limites. De facto, a sua abertura \u00e9 tanta que j\u00e1 n\u00e3o se sabe onde \u00e9 dentro e onde \u00e9 fora. Toda a &hellip; <a href=\"https:\/\/antonio-justo.eu\/?p=3659\" class=\"more-link\">Continuar a ler <span class=\"screen-reader-text\">A CRISE CULTURAL EUROPEIA E A NOVA AGENDA DOS PARTIDOS DE ESQUERDA<\/span><\/a><\/p>\n","protected":false},"author":1,"featured_media":0,"comment_status":"open","ping_status":"open","sticky":false,"template":"","format":"standard","meta":{"sfsi_plus_gutenberg_text_before_share":"","sfsi_plus_gutenberg_show_text_before_share":"","sfsi_plus_gutenberg_icon_type":"","sfsi_plus_gutenberg_icon_alignemt":"","sfsi_plus_gutenburg_max_per_row":"","footnotes":""},"categories":[15,7,8],"tags":[],"class_list":["post-3659","post","type-post","status-publish","format-standard","hentry","category-cultura","category-politica","category-religiao"],"_links":{"self":[{"href":"https:\/\/antonio-justo.eu\/index.php?rest_route=\/wp\/v2\/posts\/3659","targetHints":{"allow":["GET"]}}],"collection":[{"href":"https:\/\/antonio-justo.eu\/index.php?rest_route=\/wp\/v2\/posts"}],"about":[{"href":"https:\/\/antonio-justo.eu\/index.php?rest_route=\/wp\/v2\/types\/post"}],"author":[{"embeddable":true,"href":"https:\/\/antonio-justo.eu\/index.php?rest_route=\/wp\/v2\/users\/1"}],"replies":[{"embeddable":true,"href":"https:\/\/antonio-justo.eu\/index.php?rest_route=%2Fwp%2Fv2%2Fcomments&post=3659"}],"version-history":[{"count":1,"href":"https:\/\/antonio-justo.eu\/index.php?rest_route=\/wp\/v2\/posts\/3659\/revisions"}],"predecessor-version":[{"id":3660,"href":"https:\/\/antonio-justo.eu\/index.php?rest_route=\/wp\/v2\/posts\/3659\/revisions\/3660"}],"wp:attachment":[{"href":"https:\/\/antonio-justo.eu\/index.php?rest_route=%2Fwp%2Fv2%2Fmedia&parent=3659"}],"wp:term":[{"taxonomy":"category","embeddable":true,"href":"https:\/\/antonio-justo.eu\/index.php?rest_route=%2Fwp%2Fv2%2Fcategories&post=3659"},{"taxonomy":"post_tag","embeddable":true,"href":"https:\/\/antonio-justo.eu\/index.php?rest_route=%2Fwp%2Fv2%2Ftags&post=3659"}],"curies":[{"name":"wp","href":"https:\/\/api.w.org\/{rel}","templated":true}]}}