{"id":3632,"date":"2016-06-03T22:07:27","date_gmt":"2016-06-03T21:07:27","guid":{"rendered":"https:\/\/antonio-justo.eu\/?p=3632"},"modified":"2016-06-03T22:08:16","modified_gmt":"2016-06-03T21:08:16","slug":"santo-antonio-de-lisboa-declarado-doutor-da-igreja-ha-70-anos","status":"publish","type":"post","link":"https:\/\/antonio-justo.eu\/?p=3632","title":{"rendered":"SANTO ANT\u00d3NIO DE LISBOA \u2013 DECLARADO DOUTOR DA IGREJA H\u00c1 70 ANOS"},"content":{"rendered":"<p style=\"text-align: justify;\">Hoje 4 de Julho celebram-se 70 anos da proclama\u00e7\u00e3o de Santo Ant\u00f3nio de Lisboa como Doutor da Igreja (\u201cDoutor Evang\u00e9lico\u201d) pela Bula do Papa Pio XII \u201cExulta Lusitania Felix\u201d. Ant\u00f3nio nasceu em Lisboa a 15 de agosto de 1196 e em 1221 aportou na It\u00e1lia tendo morrido em P\u00e1dua no dia 13 de Junho de 1231.<br \/>\nEste nosso Doutor da Igreja \u00e9 t\u00e3o brilhante, humilde e amado que toda a gente o quer para si e os italianos o queriam ver de<span class=\"text_exposed_show\"> P\u00e1dua.\u00a0<\/span><\/p>\n<p style=\"text-align: justify;\"><span class=\"text_exposed_show\"><br \/>\nEle \u00e9 t\u00e3o querido que minha m\u00e3ezinha me deu o seu nome, talvez nalgum dia mais curto em que andava \u00e0 procura de coisas perdidas.<\/span><\/p>\n<p style=\"text-align: justify;\"><span class=\"text_exposed_show\"><br \/>\nO nosso santo era j\u00e1 democrata e dignificava a natureza quando dizia:<strong> &#8220;Deus \u00e9 Pai de todas as coisas. Suas criaturas s\u00e3o irm\u00e3os e irm\u00e3s.<\/strong>&#8221; Tamb\u00e9m dizia: <strong>\u201c\u00c9 viva a Palavra quando s\u00e3o as obras que falam.&#8221;<\/strong><br \/>\n\u00c9 um santo tamb\u00e9m milagreiro feito de povo a quem assiste e ajuda.<\/span><\/p>\n<p style=\"text-align: justify;\"><span class=\"text_exposed_show\"><br \/>\nJ\u00e1 agora coloco aqui uma ora\u00e7\u00e3o que a devo\u00e7\u00e3o popular criou no desejo de se sentir mais confiante na companhia de algu\u00e9m, mais pr\u00f3ximo de si e de Deus, que se torne num p\u00eandulo ampliador de afectos e energias.\u00a0<\/span><\/p>\n<p style=\"text-align: justify;\"><span class=\"text_exposed_show\"><br \/>\nPara alcan\u00e7ar uma gra\u00e7a \u00e9\u00a0 bastante conhecida a seguinte ora\u00e7\u00e3o:<\/span><\/p>\n<p style=\"text-align: justify;\"><span class=\"text_exposed_show\">\u00a0<\/span><\/p>\n<p style=\"text-align: justify;\">&#8220;Eu te sa\u00fado, meu protetor Santo Ant\u00f3nio!<br \/>\nIntercede por mim junto a Nosso Senhor Jesus Cristo<br \/>\na fim de que ele me conceda a gra\u00e7a que desejo (mencionar a gra\u00e7a).<\/p>\n<p style=\"text-align: justify;\">Eu te pe\u00e7o, amado Santo Ant\u00f3nio,<br \/>\npela firme confian\u00e7a que tenho em Deus, a quem serviste fielmente.<br \/>\nEu te pe\u00e7o pelo amor do menino Jesus que carregastes em teu bra\u00e7o.<br \/>\nEu te pe\u00e7o por todos os favores que Deus te concedeu neste mundo,<br \/>\npelos in\u00fameros prod\u00edgios que Ele operou<br \/>\ne continua operando diariamente por tua intercess\u00e3o.&#8221;<\/p>\n<p>&nbsp;<\/p>\n<p><b>Ant\u00f3nio da Cunha Duarte Justo <\/b><\/p>\n","protected":false},"excerpt":{"rendered":"<p>Hoje 4 de Julho celebram-se 70 anos da proclama\u00e7\u00e3o de Santo Ant\u00f3nio de Lisboa como Doutor da Igreja (\u201cDoutor Evang\u00e9lico\u201d) pela Bula do Papa Pio XII \u201cExulta Lusitania Felix\u201d. Ant\u00f3nio nasceu em Lisboa a 15 de agosto de 1196 e em 1221 aportou na It\u00e1lia tendo morrido em P\u00e1dua no dia 13 de Junho de &hellip; <a href=\"https:\/\/antonio-justo.eu\/?p=3632\" class=\"more-link\">Continuar a ler <span class=\"screen-reader-text\">SANTO ANT\u00d3NIO DE LISBOA \u2013 DECLARADO DOUTOR DA IGREJA H\u00c1 70 ANOS<\/span><\/a><\/p>\n","protected":false},"author":1,"featured_media":0,"comment_status":"open","ping_status":"open","sticky":false,"template":"","format":"standard","meta":{"sfsi_plus_gutenberg_text_before_share":"","sfsi_plus_gutenberg_show_text_before_share":"","sfsi_plus_gutenberg_icon_type":"","sfsi_plus_gutenberg_icon_alignemt":"","sfsi_plus_gutenburg_max_per_row":"","footnotes":""},"categories":[15,8],"tags":[],"class_list":["post-3632","post","type-post","status-publish","format-standard","hentry","category-cultura","category-religiao"],"_links":{"self":[{"href":"https:\/\/antonio-justo.eu\/index.php?rest_route=\/wp\/v2\/posts\/3632","targetHints":{"allow":["GET"]}}],"collection":[{"href":"https:\/\/antonio-justo.eu\/index.php?rest_route=\/wp\/v2\/posts"}],"about":[{"href":"https:\/\/antonio-justo.eu\/index.php?rest_route=\/wp\/v2\/types\/post"}],"author":[{"embeddable":true,"href":"https:\/\/antonio-justo.eu\/index.php?rest_route=\/wp\/v2\/users\/1"}],"replies":[{"embeddable":true,"href":"https:\/\/antonio-justo.eu\/index.php?rest_route=%2Fwp%2Fv2%2Fcomments&post=3632"}],"version-history":[{"count":2,"href":"https:\/\/antonio-justo.eu\/index.php?rest_route=\/wp\/v2\/posts\/3632\/revisions"}],"predecessor-version":[{"id":3634,"href":"https:\/\/antonio-justo.eu\/index.php?rest_route=\/wp\/v2\/posts\/3632\/revisions\/3634"}],"wp:attachment":[{"href":"https:\/\/antonio-justo.eu\/index.php?rest_route=%2Fwp%2Fv2%2Fmedia&parent=3632"}],"wp:term":[{"taxonomy":"category","embeddable":true,"href":"https:\/\/antonio-justo.eu\/index.php?rest_route=%2Fwp%2Fv2%2Fcategories&post=3632"},{"taxonomy":"post_tag","embeddable":true,"href":"https:\/\/antonio-justo.eu\/index.php?rest_route=%2Fwp%2Fv2%2Ftags&post=3632"}],"curies":[{"name":"wp","href":"https:\/\/api.w.org\/{rel}","templated":true}]}}