{"id":3630,"date":"2016-06-03T21:57:41","date_gmt":"2016-06-03T20:57:41","guid":{"rendered":"https:\/\/antonio-justo.eu\/?p=3630"},"modified":"2016-06-03T21:57:41","modified_gmt":"2016-06-03T20:57:41","slug":"pais-a-viver-da-fracturacao-social-e-na-pobreza-espiritual-do-dia-a-dia","status":"publish","type":"post","link":"https:\/\/antonio-justo.eu\/?p=3630","title":{"rendered":"PA\u00cdS A VIVER DA FRACTURA\u00c7\u00c3O SOCIAL E NA POBREZA ESPIRITUAL DO DIA-A-DIA"},"content":{"rendered":"<p>Por<strong> Ant\u00f3nio Justo<br \/>\n<\/strong><\/p>\n<p style=\"text-align: justify;\">O problema da fractura\u00e7\u00e3o social portuguesa \u00e9 sist\u00e9mico e deve-se, em grande parte, \u00e0 conota\u00e7\u00e3o politica baseada no jacobinismo da primeira rep\u00fablica e posta em dia na III Rep\u00fablica, sem uma reflex\u00e3o ou an\u00e1lise s\u00e9ria sobre a primeira nem a segunda.<\/p>\n<p style=\"text-align: justify;\">Temos uma discuss\u00e3o p\u00fablica que em vez de circular em torno da pol\u00edtica econ\u00f3mica e cultural circula em torno de partidos como se o ser e o sentir do cidad\u00e3o se reduzisse a temas para aquecer um espectador que se deseja com mentalidade de adepto de clube!<\/p>\n<p style=\"text-align: justify;\">A indoutrina\u00e7\u00e3o tornou-se t\u00e3o eficiente porque inconsciente que a consci\u00eancia p\u00fablica se encontra condicionada a uma maneira de ver e pensar reduzida a jogadores de pingue-pongue! V\u00ea jogadores mas desconhece a mesa e a bola!<\/p>\n<p style=\"text-align: justify;\"><strong>Uma sociedade que n\u00e3o reflecte seriamente sobre o seu passado parece n\u00e3o ter direito a ter futuro! <\/strong>Esta \u00e9 uma das explica\u00e7\u00f5es que explica a crise e o estado descontente portugu\u00eas.<\/p>\n<p style=\"text-align: justify;\">A sociedade portuguesa parece viver como um pa\u00eds desconciliado, sem normalidade pol\u00edtica e em estado de excep\u00e7\u00e3o.<\/p>\n<p><strong>Ant\u00f3nio da Cunha Duarte Justo<\/strong><\/p>\n<p>Pegadas do Tempo<\/p>\n","protected":false},"excerpt":{"rendered":"<p>Por Ant\u00f3nio Justo O problema da fractura\u00e7\u00e3o social portuguesa \u00e9 sist\u00e9mico e deve-se, em grande parte, \u00e0 conota\u00e7\u00e3o politica baseada no jacobinismo da primeira rep\u00fablica e posta em dia na III Rep\u00fablica, sem uma reflex\u00e3o ou an\u00e1lise s\u00e9ria sobre a primeira nem a segunda. Temos uma discuss\u00e3o p\u00fablica que em vez de circular em torno &hellip; <a href=\"https:\/\/antonio-justo.eu\/?p=3630\" class=\"more-link\">Continuar a ler <span class=\"screen-reader-text\">PA\u00cdS A VIVER DA FRACTURA\u00c7\u00c3O SOCIAL E NA POBREZA ESPIRITUAL DO DIA-A-DIA<\/span><\/a><\/p>\n","protected":false},"author":1,"featured_media":0,"comment_status":"open","ping_status":"open","sticky":false,"template":"","format":"standard","meta":{"sfsi_plus_gutenberg_text_before_share":"","sfsi_plus_gutenberg_show_text_before_share":"","sfsi_plus_gutenberg_icon_type":"","sfsi_plus_gutenberg_icon_alignemt":"","sfsi_plus_gutenburg_max_per_row":"","footnotes":""},"categories":[15,14,4,7],"tags":[],"class_list":["post-3630","post","type-post","status-publish","format-standard","hentry","category-cultura","category-economia","category-educacao","category-politica"],"_links":{"self":[{"href":"https:\/\/antonio-justo.eu\/index.php?rest_route=\/wp\/v2\/posts\/3630","targetHints":{"allow":["GET"]}}],"collection":[{"href":"https:\/\/antonio-justo.eu\/index.php?rest_route=\/wp\/v2\/posts"}],"about":[{"href":"https:\/\/antonio-justo.eu\/index.php?rest_route=\/wp\/v2\/types\/post"}],"author":[{"embeddable":true,"href":"https:\/\/antonio-justo.eu\/index.php?rest_route=\/wp\/v2\/users\/1"}],"replies":[{"embeddable":true,"href":"https:\/\/antonio-justo.eu\/index.php?rest_route=%2Fwp%2Fv2%2Fcomments&post=3630"}],"version-history":[{"count":1,"href":"https:\/\/antonio-justo.eu\/index.php?rest_route=\/wp\/v2\/posts\/3630\/revisions"}],"predecessor-version":[{"id":3631,"href":"https:\/\/antonio-justo.eu\/index.php?rest_route=\/wp\/v2\/posts\/3630\/revisions\/3631"}],"wp:attachment":[{"href":"https:\/\/antonio-justo.eu\/index.php?rest_route=%2Fwp%2Fv2%2Fmedia&parent=3630"}],"wp:term":[{"taxonomy":"category","embeddable":true,"href":"https:\/\/antonio-justo.eu\/index.php?rest_route=%2Fwp%2Fv2%2Fcategories&post=3630"},{"taxonomy":"post_tag","embeddable":true,"href":"https:\/\/antonio-justo.eu\/index.php?rest_route=%2Fwp%2Fv2%2Ftags&post=3630"}],"curies":[{"name":"wp","href":"https:\/\/api.w.org\/{rel}","templated":true}]}}