{"id":3623,"date":"2016-06-03T17:26:31","date_gmt":"2016-06-03T16:26:31","guid":{"rendered":"https:\/\/antonio-justo.eu\/?p=3623"},"modified":"2016-06-03T18:26:19","modified_gmt":"2016-06-03T17:26:19","slug":"refugiados-objecto-de-negocio-entre-a-turquia-e-a-uniao-europeia","status":"publish","type":"post","link":"https:\/\/antonio-justo.eu\/?p=3623","title":{"rendered":"REFUGIADOS OBJECTO DE NEG\u00d3CIO ENTRE A TURQUIA E A UNI\u00c3O EUROPEIA"},"content":{"rendered":"<p>Por <strong>Ant\u00f3nio Justo<\/strong><\/p>\n<p style=\"text-align: justify;\">A Uni\u00e3o Europeia aceita como refugiados os curdos perseguidos pelo regime turco e, por outro lado, d\u00e1 \u00e0 Turquia o poder de enviar os refugiados da S\u00edria para a Europa. <strong>Segundo o tratado entre a EU e a Turquia, al\u00e9m dos seis mil milh\u00f5es de euros que a EU concede \u00e0 Turquia para os refugiados, o tratado determina que os refugiados enviados da Turquia para a Gr\u00e9cia (destino Europa) podem ser reenviados pela Gr\u00e9cia para a Turquia e a Turquia, por cada refugiado reenviado da Gr\u00e9cia pode escolher um dos que se encontram no seu territ\u00f3rio e envi\u00e1-lo para os pa\u00edses da EU. \u00c9 um neg\u00f3cio esquisito que se d\u00e1 \u00e0 custa da humanidade dos refugiados e que serve a Turquia e a Europa. <\/strong>Serve a Turquia porque esta pode escolher os refugiados que manda para a Europa e at\u00e9 ficar com os mais qualificados; \u00e9 tamb\u00e9m um neg\u00f3cio para a Europa porque ao encurralar os refugiados na Turquia e na Gr\u00e9cia pode ter controlo sobre o tr\u00e1fico dos refugiados, tirando-o das m\u00e3os dos traficantes livres para o passarem ao controlo dos Estados (aqui a Europa espera tamb\u00e9m que o Estado turco assuma a responsabilidade sobre os traficantes turcos e internacionais que operavam da Turquia, chegando estes a ganhar mais de quatro mil euros por cada refugiado traficado).<\/p>\n<p style=\"text-align: justify;\">Por cada s\u00edrio enviado de volta para a Turquia, o Estado turco come\u00e7ou a enviar legalmente um outro s\u00edrio para a Europa a partir de 4. de Abril passado. A Europa comprometeu-se a receber, este ano, at\u00e9 72.000 refugiados por esta via.<\/p>\n<p style=\"text-align: justify;\">Erdogan \u00e9 um osso duro de roer para os seus parceiros europeus. O autocrata Erdogan, que se ri dos valores democr\u00e1ticos, alinha as for\u00e7as da Turquia em direc\u00e7\u00e3o ao fascismo. O presidente turco sabe que tem na sua agenda a cartada dos refugiados para poder chantagear a classe pol\u00edtica europeia que n\u00e3o quer ver o seu poder diminu\u00eddo com o surgir de novos partidos concorrentes alimentados pelo tema dos refugiados e da pol\u00edtica da EU. Deste modo \u00e9 diminu\u00eddo o contrabando com os refugiados ao condicion\u00e1-lo a fronteiras e \u00e0 burocracia dos estados.<\/p>\n<p style=\"text-align: justify;\">A Chanceler alem\u00e3 apesar do clima pol\u00edtico complicado, aquando da visita \u00e0 Turquia n\u00e3o parece ter vendido a alma democr\u00e1tica \u00e1 Turquia, ao expressar em Istambul a \u201cprofunda preocupa\u00e7\u00e3o\u201d sobre a manipula\u00e7\u00e3o da oposi\u00e7\u00e3o, a liberdade de imprensa e a maneira como o Estado trata os curdos.<\/p>\n<p style=\"text-align: justify;\">Agora que a Alemanha declarou a o massacre dos turcos contra os arm\u00e9nios como Genoc\u00eddio, o Governo turco lan\u00e7ar\u00e1 algumas \u201cbombardas\u201d contra a Alemanha tal como fez contra a Fran\u00e7a aquando de igual resolu\u00e7\u00e3o proclamada pelo parlamento franc\u00eas; as bombardas estar\u00e3o condenadas a afogar no mediterr\u00e2neo n\u00e3o atingindo a Alemanha porque a economia turca est\u00e1 imensamente dependente do com\u00e9rcio e do turismo alem\u00e3o.<\/p>\n<p><strong>Ant\u00f3nio da Cunha Duarte Justo<\/strong><\/p>\n<p>Pegadas do Tempo<\/p>\n","protected":false},"excerpt":{"rendered":"<p>Por Ant\u00f3nio Justo A Uni\u00e3o Europeia aceita como refugiados os curdos perseguidos pelo regime turco e, por outro lado, d\u00e1 \u00e0 Turquia o poder de enviar os refugiados da S\u00edria para a Europa. Segundo o tratado entre a EU e a Turquia, al\u00e9m dos seis mil milh\u00f5es de euros que a EU concede \u00e0 Turquia &hellip; <a href=\"https:\/\/antonio-justo.eu\/?p=3623\" class=\"more-link\">Continuar a ler <span class=\"screen-reader-text\">REFUGIADOS OBJECTO DE NEG\u00d3CIO ENTRE A TURQUIA E A UNI\u00c3O EUROPEIA<\/span><\/a><\/p>\n","protected":false},"author":1,"featured_media":0,"comment_status":"open","ping_status":"open","sticky":false,"template":"","format":"standard","meta":{"sfsi_plus_gutenberg_text_before_share":"","sfsi_plus_gutenberg_show_text_before_share":"","sfsi_plus_gutenberg_icon_type":"","sfsi_plus_gutenberg_icon_alignemt":"","sfsi_plus_gutenburg_max_per_row":"","footnotes":""},"categories":[14,6,7],"tags":[],"class_list":["post-3623","post","type-post","status-publish","format-standard","hentry","category-economia","category-migracao","category-politica"],"_links":{"self":[{"href":"https:\/\/antonio-justo.eu\/index.php?rest_route=\/wp\/v2\/posts\/3623","targetHints":{"allow":["GET"]}}],"collection":[{"href":"https:\/\/antonio-justo.eu\/index.php?rest_route=\/wp\/v2\/posts"}],"about":[{"href":"https:\/\/antonio-justo.eu\/index.php?rest_route=\/wp\/v2\/types\/post"}],"author":[{"embeddable":true,"href":"https:\/\/antonio-justo.eu\/index.php?rest_route=\/wp\/v2\/users\/1"}],"replies":[{"embeddable":true,"href":"https:\/\/antonio-justo.eu\/index.php?rest_route=%2Fwp%2Fv2%2Fcomments&post=3623"}],"version-history":[{"count":2,"href":"https:\/\/antonio-justo.eu\/index.php?rest_route=\/wp\/v2\/posts\/3623\/revisions"}],"predecessor-version":[{"id":3629,"href":"https:\/\/antonio-justo.eu\/index.php?rest_route=\/wp\/v2\/posts\/3623\/revisions\/3629"}],"wp:attachment":[{"href":"https:\/\/antonio-justo.eu\/index.php?rest_route=%2Fwp%2Fv2%2Fmedia&parent=3623"}],"wp:term":[{"taxonomy":"category","embeddable":true,"href":"https:\/\/antonio-justo.eu\/index.php?rest_route=%2Fwp%2Fv2%2Fcategories&post=3623"},{"taxonomy":"post_tag","embeddable":true,"href":"https:\/\/antonio-justo.eu\/index.php?rest_route=%2Fwp%2Fv2%2Ftags&post=3623"}],"curies":[{"name":"wp","href":"https:\/\/api.w.org\/{rel}","templated":true}]}}