{"id":3621,"date":"2016-06-03T17:22:17","date_gmt":"2016-06-03T16:22:17","guid":{"rendered":"https:\/\/antonio-justo.eu\/?p=3621"},"modified":"2016-06-03T17:41:19","modified_gmt":"2016-06-03T16:41:19","slug":"parlamento-alemao-presta-justica-tardia-ao-povo-armenio","status":"publish","type":"post","link":"https:\/\/antonio-justo.eu\/?p=3621","title":{"rendered":"Parlamento alem\u00e3o presta Justi\u00e7a tardia ao Povo arm\u00e9nio"},"content":{"rendered":"<p style=\"text-align: center;\"><strong><span style=\"color: #ff0000;\">O Massacre dos Arm\u00e9nios pela Turquia reconhecido com Holocausto<\/span><\/strong><\/p>\n<p>Por <strong>Ant\u00f3nio Justo<\/strong><\/p>\n<p style=\"text-align: justify;\">O Parlamento Alem\u00e3o aprovou a resolu\u00e7\u00e3o (2.06.16) em que declara o massacre dos arm\u00e9nios pelo Estado turco como genoc\u00eddio, como holocausto.<\/p>\n<p style=\"text-align: justify;\">Os deputados alem\u00e3es, nas pegadas do parlamento franc\u00eas, aprovaram a resolu\u00e7\u00e3o, proposta por SPD, CDU e Verdes, com apenas um voto contra. E isto apesar das amea\u00e7as do governo turco e dos fortes protestos de demonstra\u00e7\u00f5es turcas na Alemanha, insurgidos contra as inten\u00e7\u00f5es do parlamento, de maneira homog\u00e9nea e indiscut\u00edvel em atitude intoc\u00e1vel de povo superior.<\/p>\n<p style=\"text-align: justify;\">O presidente do Parlamento alem\u00e3o disse na direc\u00e7\u00e3o dos ataques do Presidente Erdogan:<strong> \u201cO governo actual de Ancara n\u00e3o \u00e9 respons\u00e1vel pelo que aconteceu mas \u00e9 respons\u00e1vel pelo que disso acontecer\u00e1 no futuro\u201d<\/strong><\/p>\n<p style=\"text-align: justify;\">O objectivo Turco-Osmano era criar uma Turquia s\u00f3 isl\u00e2mica e por isso aniquilar o povo crist\u00e3o. Foi uma persegui\u00e7\u00e3o com massacres organizados pelo Estado tal como aconteceu com o nazismo de Hiitler no genoc\u00eddio contra os judeus. O Estado Turco-Otomano organizou a destrui\u00e7\u00e3o sistem\u00e1tica do povo arm\u00e9nio, matando 1,5 milh\u00e3o de pessoas, isto \u00e9, mais de dois ter\u00e7os da popula\u00e7\u00e3o arm\u00e9nia. F\u00ea-lo com o conhecimento da Alemanha sua aliada contra a r\u00fassia. No sentido de apagarem a refer\u00eancia crist\u00e3 no territ\u00f3rio, mudam o nome da cidade de Constantinopla para Istambul em 1923. Tinham iniciado a persegui\u00e7\u00e3o na P\u00e1scoa de 1915 \u201cenforcando 600 l\u00edderes arm\u00eanios em pra\u00e7a p\u00fablica\u201d (1)<\/p>\n<p style=\"text-align: justify;\"><strong>O presidente turco e seus apoiantes n\u00e3o querem que se fale do genoc\u00eddio porque sabem que assunto n\u00e3o falado n\u00e3o existe. <\/strong><\/p>\n<p style=\"text-align: justify;\">Os Arm\u00e9nios eram e s\u00e3o crist\u00e3os na sua esmagadora maioria e foram espoliados e perseguidos at\u00e9 \u00e0 morte n\u00e3o s\u00f3 pelo poder mas tamb\u00e9m pela popula\u00e7\u00e3o isl\u00e2mica local (2). Hoje de forma moderada e n\u00e3o sistem\u00e1tica o Estado turco persegue os curdos.<\/p>\n<p><strong>Ant\u00f3nio da Cunha Duarte Justo<\/strong><\/p>\n<p>Pegadas do Tempo<\/p>\n<p>&nbsp;<\/p>\n<ul>\n<li>http:\/\/www.museudeimagens.com.br\/genocidio-armenio-1915\/ e outra <a href=\"http:\/\/historiadomundo.uol.com.br\/idade-contemporanea\/genocidio-armenio.htm\">http:\/\/historiadomundo.uol.com.br\/idade-contemporanea\/genocidio-armenio.htm<\/a><\/li>\n<li><a href=\"https:\/\/antonio-justo.eu\/?p=3121\">https:\/\/antonio-justo.eu\/?p=3121<\/a><\/li>\n<\/ul>\n","protected":false},"excerpt":{"rendered":"<p>O Massacre dos Arm\u00e9nios pela Turquia reconhecido com Holocausto Por Ant\u00f3nio Justo O Parlamento Alem\u00e3o aprovou a resolu\u00e7\u00e3o (2.06.16) em que declara o massacre dos arm\u00e9nios pelo Estado turco como genoc\u00eddio, como holocausto. Os deputados alem\u00e3es, nas pegadas do parlamento franc\u00eas, aprovaram a resolu\u00e7\u00e3o, proposta por SPD, CDU e Verdes, com apenas um voto contra. &hellip; <a href=\"https:\/\/antonio-justo.eu\/?p=3621\" class=\"more-link\">Continuar a ler <span class=\"screen-reader-text\">Parlamento alem\u00e3o presta Justi\u00e7a tardia ao Povo arm\u00e9nio<\/span><\/a><\/p>\n","protected":false},"author":1,"featured_media":0,"comment_status":"open","ping_status":"open","sticky":false,"template":"","format":"standard","meta":{"sfsi_plus_gutenberg_text_before_share":"","sfsi_plus_gutenberg_show_text_before_share":"","sfsi_plus_gutenberg_icon_type":"","sfsi_plus_gutenberg_icon_alignemt":"","sfsi_plus_gutenburg_max_per_row":"","footnotes":""},"categories":[7,8],"tags":[],"class_list":["post-3621","post","type-post","status-publish","format-standard","hentry","category-politica","category-religiao"],"_links":{"self":[{"href":"https:\/\/antonio-justo.eu\/index.php?rest_route=\/wp\/v2\/posts\/3621","targetHints":{"allow":["GET"]}}],"collection":[{"href":"https:\/\/antonio-justo.eu\/index.php?rest_route=\/wp\/v2\/posts"}],"about":[{"href":"https:\/\/antonio-justo.eu\/index.php?rest_route=\/wp\/v2\/types\/post"}],"author":[{"embeddable":true,"href":"https:\/\/antonio-justo.eu\/index.php?rest_route=\/wp\/v2\/users\/1"}],"replies":[{"embeddable":true,"href":"https:\/\/antonio-justo.eu\/index.php?rest_route=%2Fwp%2Fv2%2Fcomments&post=3621"}],"version-history":[{"count":5,"href":"https:\/\/antonio-justo.eu\/index.php?rest_route=\/wp\/v2\/posts\/3621\/revisions"}],"predecessor-version":[{"id":3628,"href":"https:\/\/antonio-justo.eu\/index.php?rest_route=\/wp\/v2\/posts\/3621\/revisions\/3628"}],"wp:attachment":[{"href":"https:\/\/antonio-justo.eu\/index.php?rest_route=%2Fwp%2Fv2%2Fmedia&parent=3621"}],"wp:term":[{"taxonomy":"category","embeddable":true,"href":"https:\/\/antonio-justo.eu\/index.php?rest_route=%2Fwp%2Fv2%2Fcategories&post=3621"},{"taxonomy":"post_tag","embeddable":true,"href":"https:\/\/antonio-justo.eu\/index.php?rest_route=%2Fwp%2Fv2%2Ftags&post=3621"}],"curies":[{"name":"wp","href":"https:\/\/api.w.org\/{rel}","templated":true}]}}