{"id":3554,"date":"2016-04-24T12:55:46","date_gmt":"2016-04-24T11:55:46","guid":{"rendered":"https:\/\/antonio-justo.eu\/?p=3554"},"modified":"2016-04-24T12:55:46","modified_gmt":"2016-04-24T11:55:46","slug":"a-alemanha-politica-encontra-se-inquieta-e-em-fermentacao","status":"publish","type":"post","link":"https:\/\/antonio-justo.eu\/?p=3554","title":{"rendered":"A ALEMANHA POL\u00cdTICA ENCONTRA-SE INQUIETA E EM FERMENTA\u00c7\u00c3O"},"content":{"rendered":"<h3 style=\"text-align: center;\"><span style=\"color: #ff0000;\"><strong><span style=\"color: #ff0000;\">O novo Partido AfD afirma-se afirmando que o \u201cIsl\u00e3o \u00e9 incompat\u00edvel com a Constitui\u00e7\u00e3o\u201d<\/span><\/strong><\/span><\/h3>\n<p>Por <strong>Ant\u00f3nio Justo<\/strong><\/p>\n<p style=\"text-align: justify;\">Passaram-se os tempos em que a opini\u00e3o p\u00fablica era determinada pela classe pensante. A passagem do Marco alem\u00e3o para o Euro e em especial a pol\u00edtica de boas-vindas aos refugiados, da Chanceler Merkel, secundada pelo seu governo (com alguns desacordes do CSU) e pela oposi\u00e7\u00e3o, puxou muita gente para a rua que j\u00e1 h\u00e1 muito tempo sofria de dores abdominais e agora reage abruptamente num acto de inseguran\u00e7a perante o \u201cterremoto\u201d dos refugiados.<\/p>\n<p style=\"text-align: justify;\">Grande parte da popula\u00e7\u00e3o anda desconsolada com tanta abertura e compreens\u00e3o da pol\u00edtica para com os imigrantes de cultura \u00e1rabe. Em 2014 tinham solicitado requerimento de asilo na Alemanha 202.645 refugiados e segundo os registos oficiais, a Alemanha em 2015 deu albergue a mais 1,1 milh\u00e3o de refugiados. <strong>O cora\u00e7\u00e3o das autoridades e do povo tinha-se aberto numa onda de filantropia sem igual. Uma tal subida, secundada de experi\u00eancias menos positivas no contacto com muitos dos chegados, provocou um choque social, n\u00e3o se fazendo esperar a reac\u00e7\u00e3o<\/strong>.<\/p>\n<p style=\"text-align: justify;\"><strong>Surgiu o partido AfD (\u201cAlternativa para a Alemanha\u201d);<\/strong> este, em menos de um ano de exist\u00eancia; conseguiu superar os 10% nos estados federados onde houve elei\u00e7\u00f5es comunais. Os partidos estabelecidos, CDU\/CSU, SPD e Verdes, j\u00e1 temem a nova for\u00e7a concorrente que se candidatar\u00e1 para as elei\u00e7\u00f5es federais em 2017. As estimativas de previs\u00e3o para as elei\u00e7\u00f5es parlamentares federais de 2017 confirmam a tend\u00eancia obtida nas elei\u00e7\u00f5es para as comarcas. O AfD beneficiar\u00e1, tamb\u00e9m do contestado acordo com uma Turquia, de pouca credulidade, que, al\u00e9m do mais, a troco de muitos milhares de milh\u00f5es de euros, impede os refugiados de virem para a Europa, ganhando assim uma posi\u00e7\u00e3o de poder chantagear a UE.<\/p>\n<p style=\"text-align: justify;\">O AfD \u00e9 recebido na pra\u00e7a da polis com semelhantes reac\u00e7\u00f5es como foi recebido, nos anos 80, o surgir do partido Os Verdes. Enfim: poder perturba poder, e os meios de uns e outros n\u00e3o conhecem as \u00e1guas de uma moral p\u00fablica onde se possam lavar.<\/p>\n<p style=\"text-align: justify;\">De momento o AfD prepara-se para o seu congresso, onde elaborar\u00e1 o programa para as pr\u00f3ximas legislativas. As suas afirma\u00e7\u00f5es sobre o Isl\u00e3o abanam a discuss\u00e3o p\u00fablica e fazem tremer a alma de alguns mais sens\u00edveis \u00e0s intemp\u00e9ries. <strong>Uma sociedade mais preocupada e competente em princ\u00edpios econ\u00f3micos do que em princ\u00edpios de religi\u00f5es parece acordar agora para a realidade da for\u00e7a da religi\u00e3o como factor fomentador de identidade. <\/strong><\/p>\n<p style=\"text-align: justify;\">O AfD que tamb\u00e9m quer uma fatia do bolo do poder, polariza a discuss\u00e3o provocando a reac\u00e7\u00e3o da classe pol\u00edtica e de muitos jornalistas do consenso. O AfD, que surge do meio da sociedade \u2013 facto que atemoriza os poderes j\u00e1 instalados &#8211; insurge-se publicamente contra o isl\u00e3o pol\u00edtico e l\u00e1 do alto do seu minarete, afirma: <strong>\u201cA maior amea\u00e7a para a democracia e para a liberdade parte hoje do Isl\u00e3o pol\u00edtico&#8221;.<\/strong> A imprensa da pra\u00e7a insurge-se contra, afirmando que embora haja partidos mu\u00e7ulmanos que d\u00e3o mais valor a princ\u00edpios religiosos do que a direitos individuais de liberdade, na Alemanha n\u00e3o h\u00e1 partidos isl\u00e2micos e a maioria dos mu\u00e7ulmanos na Alemanha obedecem aos princ\u00edpios democr\u00e1ticos.<\/p>\n<p style=\"text-align: justify;\">Um outro ponto de cr\u00edtica a querer lugar no programa do partido regista:<strong> \u201eo AfD rejeita os Minaretes como s\u00edmbolo de domina\u00e7\u00e3o assim como o apelo do muezim (almuadem), segundo o qual, com excep\u00e7\u00e3o de Allah (deus) isl\u00e2mico n\u00e3o h\u00e1 Deus &#8220;.<\/strong> Os cr\u00edticos do AfD respondem comparando o Minarete isl\u00e2mico com as torres crist\u00e3s. Quanto ao credo professado nas cinco vezes do apelo di\u00e1rio \u00e0 ora\u00e7\u00e3o, a saber: <strong>&#8220;N\u00e3o h\u00e1 nenhum deus al\u00e9m de Deus (All\u00e1) e Maom\u00e9 \u00e9 o seu profeta\u201d<\/strong>, a opini\u00e3o publicada desculpa-os argumentando que tal apelo e ora\u00e7\u00e3o expressa convic\u00e7\u00f5es religiosas que contribuem para uma maior liga\u00e7\u00e3o dentro do isl\u00e3o (Cf. HNA 20.04.2016). (Devo pessoalmente confessar que este apelo repetido todos os dias publicamente em todo o mundo \u00e9 um dist\u00farbio da ordem p\u00fablica e uma provoca\u00e7\u00e3o, apesar da admira\u00e7\u00e3o que se possa ter pela voz do muezim!)<\/p>\n<p style=\"text-align: justify;\">Quanto ao len\u00e7o de cabe\u00e7a que muitas mu\u00e7ulmanas trazem, l\u00ea-se numa mo\u00e7\u00e3o a apresentar no congresso: <strong>\u201d A integra\u00e7\u00e3o e igualdade das mulheres e raparigas assim como o livre desenvolvimento da personalidade contradizem o len\u00e7o de cabe\u00e7a como s\u00edmbolo religioso-pol\u00edtico de subordina\u00e7\u00e3o das mulheres mu\u00e7ulmanas aos homens &#8220;.<\/strong> Oponentes desta tese v\u00eaem no trazer do len\u00e7o um testemunho por uma norma moral de fundamenta\u00e7\u00e3o religiosa. O HNA tamb\u00e9m relata que o vice-presidente do AfD afirma: <strong>\u201cEu creio que o Isl\u00e3o, na sua forma actual n\u00e3o \u00e9 integr\u00e1vel numa sociedade ocidental, muitas pessoas sim mas o Isl\u00e3o n\u00e3o\u201d<\/strong>. Embora haja muitos fluxos isl\u00e2micos de salafistas crescentes, h\u00e1 tamb\u00e9m muitas outras comunidades religiosas isl\u00e2micas que n\u00e3o se op\u00f5em \u00e0 ordem social em que vivem.<\/p>\n<p style=\"text-align: justify;\">No projeto do programa tamb\u00e9m se l\u00ea &#8220;<strong>O Isl\u00e3o j\u00e1 se encontra no seu caminho declarado de dom\u00ednio do mundo em 57 dos 190 pa\u00edses. Estes declararam a Sharia como o seu sistema legal na Declara\u00e7\u00e3o do Cairo de 1990 e, deste modo, a Carta de 1948 dos Direitos Humanos da ONU como irrelevante&#8221;.<\/strong> H\u00e1 quem contradiga fazendo a observa\u00e7\u00e3o que a OIC (Organiza\u00e7\u00e3o de Coopera\u00e7\u00e3o Isl\u00e2mica) n\u00e3o \u00e9 uma alian\u00e7a de estados mas apenas uma organiza\u00e7\u00e3o intergovernamental cujos acordos n\u00e3o s\u00e3o obrigat\u00f3rios para cada Estado membro.<\/p>\n<p style=\"text-align: justify;\">No passado o Estado Secular n\u00e3o tem tomado a s\u00e9rio a for\u00e7a religiosa imanente ao Homem e tem at\u00e9 procurado discrimin\u00e1-la. Negar ou ignorar tal realidade contradiz o esp\u00edrito democr\u00e1tico e um encontro de culturas de olhos nos olhos. A imprensa e os intelectuais n\u00e3o s\u00e3o amigos do Isl\u00e3o se o tratam como um coitadinho que s\u00f3 pode ser defendido e compreendido: querer-se-ia um isl\u00e3o de baixo sem compreender a sua verdadeira filosofia.<\/p>\n<p style=\"text-align: justify;\">Concretamente: seria inc\u00faria se o Estado secular e a intelectualidade europeia continuassem a ignorar o problema sem se ocupar de maneira cient\u00edfica e humana da quest\u00e3o da compatibilidade ou incompatibilidade do Isl\u00e3o com a Democracia; s\u00f3 assim se poder\u00e3o fomentar a paz social e ajudar o mundo isl\u00e2mico a uma revolu\u00e7\u00e3o pac\u00edfica interna. Os Estados isl\u00e2micos ter\u00e3o de enfrentar o problema do seu autoritarismo e da sua desconsidera\u00e7\u00e3o das necessidades de liberta\u00e7\u00e3o do povo, como j\u00e1 se manifestou no movimento da primavera \u00e1rabe. <strong>Urge a mudan\u00e7a no sentido de reconciliar as autoridades com o povo e os princ\u00edpios com a vida. <\/strong>Sem a paz entre os mu\u00e7ulmanos n\u00e3o haver\u00e1 paz mundial.<\/p>\n<p><strong>Ant\u00f3nio da Cunha Duarte Justo<\/strong><\/p>\n<p>Pegadas do Tempo<\/p>\n","protected":false},"excerpt":{"rendered":"<p>O novo Partido AfD afirma-se afirmando que o \u201cIsl\u00e3o \u00e9 incompat\u00edvel com a Constitui\u00e7\u00e3o\u201d Por Ant\u00f3nio Justo Passaram-se os tempos em que a opini\u00e3o p\u00fablica era determinada pela classe pensante. A passagem do Marco alem\u00e3o para o Euro e em especial a pol\u00edtica de boas-vindas aos refugiados, da Chanceler Merkel, secundada pelo seu governo (com &hellip; <a href=\"https:\/\/antonio-justo.eu\/?p=3554\" class=\"more-link\">Continuar a ler <span class=\"screen-reader-text\">A ALEMANHA POL\u00cdTICA ENCONTRA-SE INQUIETA E EM FERMENTA\u00c7\u00c3O<\/span><\/a><\/p>\n","protected":false},"author":1,"featured_media":0,"comment_status":"open","ping_status":"open","sticky":false,"template":"","format":"standard","meta":{"sfsi_plus_gutenberg_text_before_share":"","sfsi_plus_gutenberg_show_text_before_share":"","sfsi_plus_gutenberg_icon_type":"","sfsi_plus_gutenberg_icon_alignemt":"","sfsi_plus_gutenburg_max_per_row":"","footnotes":""},"categories":[15,6,7,8],"tags":[],"class_list":["post-3554","post","type-post","status-publish","format-standard","hentry","category-cultura","category-migracao","category-politica","category-religiao"],"_links":{"self":[{"href":"https:\/\/antonio-justo.eu\/index.php?rest_route=\/wp\/v2\/posts\/3554","targetHints":{"allow":["GET"]}}],"collection":[{"href":"https:\/\/antonio-justo.eu\/index.php?rest_route=\/wp\/v2\/posts"}],"about":[{"href":"https:\/\/antonio-justo.eu\/index.php?rest_route=\/wp\/v2\/types\/post"}],"author":[{"embeddable":true,"href":"https:\/\/antonio-justo.eu\/index.php?rest_route=\/wp\/v2\/users\/1"}],"replies":[{"embeddable":true,"href":"https:\/\/antonio-justo.eu\/index.php?rest_route=%2Fwp%2Fv2%2Fcomments&post=3554"}],"version-history":[{"count":1,"href":"https:\/\/antonio-justo.eu\/index.php?rest_route=\/wp\/v2\/posts\/3554\/revisions"}],"predecessor-version":[{"id":3555,"href":"https:\/\/antonio-justo.eu\/index.php?rest_route=\/wp\/v2\/posts\/3554\/revisions\/3555"}],"wp:attachment":[{"href":"https:\/\/antonio-justo.eu\/index.php?rest_route=%2Fwp%2Fv2%2Fmedia&parent=3554"}],"wp:term":[{"taxonomy":"category","embeddable":true,"href":"https:\/\/antonio-justo.eu\/index.php?rest_route=%2Fwp%2Fv2%2Fcategories&post=3554"},{"taxonomy":"post_tag","embeddable":true,"href":"https:\/\/antonio-justo.eu\/index.php?rest_route=%2Fwp%2Fv2%2Ftags&post=3554"}],"curies":[{"name":"wp","href":"https:\/\/api.w.org\/{rel}","templated":true}]}}