{"id":3540,"date":"2016-04-03T10:35:22","date_gmt":"2016-04-03T09:35:22","guid":{"rendered":"https:\/\/antonio-justo.eu\/?p=3540"},"modified":"2016-04-03T10:47:05","modified_gmt":"2016-04-03T09:47:05","slug":"3540","status":"publish","type":"post","link":"https:\/\/antonio-justo.eu\/?p=3540","title":{"rendered":"FOMENTO DA ENERGIA SOLAR &#8211; UM INTELIGENTE PROJECTO DO GOVERNO"},"content":{"rendered":"<p>Por Ant\u00f3nio Justo<\/p>\n<p style=\"text-align: justify;\">O Governo, ao tencionar apostar no fomento de fontes renov\u00e1veis, est\u00e1 a promover potencialidades enovadoras e futuro de qualidade.(<a href=\"http:\/\/www.dn.pt\/portugal\/interior\/governo-aposta-na-energia-solar-e-repensa-investir-em-barragens-4988744.html\">http:\/\/www.dn.pt\/portugal\/interior\/governo-aposta-na-energia-solar-e-repensa-investir-em-barragens-4988744.html<\/a> ).<\/p>\n<p style=\"text-align: justify;\">De facto, a energia e\u00f3lica e fotovoltaica (com grandes potencialidades em Portugal: cada casa tem um telhado que poderia ser transformado num centro de produ\u00e7\u00e3o de energia), energias que se revelam como n\u00e3o poluidoras e como potencialidade insond\u00e1veis de investimeto particular.<\/p>\n<p style=\"text-align: justify;\">A Alemanha promoveu, j\u00e1 h\u00e1 mais de 20 anos, a produ\u00e7\u00e3o de energia fotovoltaica, podendo cada casa ter paineis solars fotovoltaicos que produzem energia para consumo privado pr\u00f3prio, sendo o supervit da energia\u00a0 produzida comprada e redestribu\u00edda pelas companhias de electricidade. Isto d\u00e1-se numa Alemanha com relativamnte pouco sol. Mais rent\u00e1vel seria em pa\u00edses do sul.<\/p>\n<p style=\"text-align: justify;\">A implementa\u00e7\u00e3o de mais barragens para produ\u00e7\u00e3o de energia hidroelectrica revelar-se-ia, de uma maneira geral, em m\u00e1 pol\u00edtica porque destruiria o ambiente.<\/p>\n<p style=\"text-align: justify;\">A energia fotovoltaica tamb\u00e9m poderia ser utilizada, quando produzida em demasia, de maneira a ser escoada e utilizada \u00a0para elevar a \u00e1gua das barragens que j\u00e1 passou pelas turbinas e em mini-h\u00eddricas de maneira a esta ser reutilizada e regulada em momentos de maior consumo energ\u00e9tico. As barragens e as mini-hidricas poderiam, deste modo funcionar como reservat\u00f3rios hidroel\u00e9ctricos com potencialidades adequadas a per\u00edodos de maior necessidade.<\/p>\n<p style=\"text-align: justify;\">Mais em:\u00a0 https:\/\/antonio-justo.eu\/?p=1461\u00a0 \u201cEnergia Solar \u2013 O Investimento do Futuro\u201d 2010<\/p>\n<p style=\"text-align: justify;\">\u201cDemocratizar a Economia atrav\u00e9s da Microprodu\u00e7\u00e3o el\u00e9ctrica\u201d http:\/\/antonio-justo.blogspot.pt\/2011\/04\/democratizar-economia-atraves-da.html<\/p>\n<p><strong>Ant\u00f3nio da Cunha Duarte Justo<\/strong><\/p>\n","protected":false},"excerpt":{"rendered":"<p>Por Ant\u00f3nio Justo O Governo, ao tencionar apostar no fomento de fontes renov\u00e1veis, est\u00e1 a promover potencialidades enovadoras e futuro de qualidade.(http:\/\/www.dn.pt\/portugal\/interior\/governo-aposta-na-energia-solar-e-repensa-investir-em-barragens-4988744.html ). De facto, a energia e\u00f3lica e fotovoltaica (com grandes potencialidades em Portugal: cada casa tem um telhado que poderia ser transformado num centro de produ\u00e7\u00e3o de energia), energias que se revelam como &hellip; <a href=\"https:\/\/antonio-justo.eu\/?p=3540\" class=\"more-link\">Continuar a ler <span class=\"screen-reader-text\">FOMENTO DA ENERGIA SOLAR &#8211; UM INTELIGENTE PROJECTO DO GOVERNO<\/span><\/a><\/p>\n","protected":false},"author":1,"featured_media":0,"comment_status":"open","ping_status":"open","sticky":false,"template":"","format":"standard","meta":{"sfsi_plus_gutenberg_text_before_share":"","sfsi_plus_gutenberg_show_text_before_share":"","sfsi_plus_gutenberg_icon_type":"","sfsi_plus_gutenberg_icon_alignemt":"","sfsi_plus_gutenburg_max_per_row":"","footnotes":""},"categories":[14,7],"tags":[],"class_list":["post-3540","post","type-post","status-publish","format-standard","hentry","category-economia","category-politica"],"_links":{"self":[{"href":"https:\/\/antonio-justo.eu\/index.php?rest_route=\/wp\/v2\/posts\/3540","targetHints":{"allow":["GET"]}}],"collection":[{"href":"https:\/\/antonio-justo.eu\/index.php?rest_route=\/wp\/v2\/posts"}],"about":[{"href":"https:\/\/antonio-justo.eu\/index.php?rest_route=\/wp\/v2\/types\/post"}],"author":[{"embeddable":true,"href":"https:\/\/antonio-justo.eu\/index.php?rest_route=\/wp\/v2\/users\/1"}],"replies":[{"embeddable":true,"href":"https:\/\/antonio-justo.eu\/index.php?rest_route=%2Fwp%2Fv2%2Fcomments&post=3540"}],"version-history":[{"count":2,"href":"https:\/\/antonio-justo.eu\/index.php?rest_route=\/wp\/v2\/posts\/3540\/revisions"}],"predecessor-version":[{"id":3542,"href":"https:\/\/antonio-justo.eu\/index.php?rest_route=\/wp\/v2\/posts\/3540\/revisions\/3542"}],"wp:attachment":[{"href":"https:\/\/antonio-justo.eu\/index.php?rest_route=%2Fwp%2Fv2%2Fmedia&parent=3540"}],"wp:term":[{"taxonomy":"category","embeddable":true,"href":"https:\/\/antonio-justo.eu\/index.php?rest_route=%2Fwp%2Fv2%2Fcategories&post=3540"},{"taxonomy":"post_tag","embeddable":true,"href":"https:\/\/antonio-justo.eu\/index.php?rest_route=%2Fwp%2Fv2%2Ftags&post=3540"}],"curies":[{"name":"wp","href":"https:\/\/api.w.org\/{rel}","templated":true}]}}