{"id":3507,"date":"2016-02-28T12:25:15","date_gmt":"2016-02-28T11:25:15","guid":{"rendered":"https:\/\/antonio-justo.eu\/?p=3507"},"modified":"2016-02-28T12:28:54","modified_gmt":"2016-02-28T11:28:54","slug":"das-flatulencias-da-nacao-bloco-de-esquerda-nao-digere-bem-o-seu-ressentimento","status":"publish","type":"post","link":"https:\/\/antonio-justo.eu\/?p=3507","title":{"rendered":"DAS FLATUL\u00caNCIAS DA NA\u00c7\u00c3O &#8211; ESQUERDA RADICAL N\u00c3O DIGERE BEM O SEU RESSENTIMENTO CULTURAL"},"content":{"rendered":"<p style=\"text-align: center;\"><strong><span style=\"color: #ff0000;\">Celebra\u00e7\u00e3o da \u201cVict\u00f3ria\u201d bloquista pela Aprova\u00e7\u00e3o da Lei da Adop\u00e7\u00e3o por Pares homossexuais<\/span><\/strong><\/p>\n<p style=\"text-align: justify;\">Por <strong>Ant\u00f3nio Justo<\/strong><br \/>\nEm Portugal passou a ser permitida a adop\u00e7\u00e3o e co-adop\u00e7\u00e3o (10.02.2016) por pares homossexuais. Para celebrar a festa da \u201cvit\u00f3ria\u201d, o Bloco de Esquerda, publicou um cartaz com a imagem do \u201cSagrado Cora\u00e7\u00e3o de Jesus\u201d com os dizeres \u201cJesus tamb\u00e9m tinha 2 Pais\u201d. A esquerda radical, instrumentaliza assim a decis\u00e3o parlamentar para uma campanha de \u201cafronta aos crentes\u201d.<\/p>\n<p style=\"text-align: justify;\"><strong>Celebram uma vit\u00f3ria de quem contra quem? Ser\u00e1 a vit\u00f3ria do direito dos pares gays e l\u00e9sbicos contra os direitos das crian\u00e7as?<\/strong> Ou ser\u00e1 que a Rep\u00fablica portuguesa sente problemas\u00a0 de m\u00e1 consci\u00eancia, vivendo bem do medo e da afronta como estabilizadores de um poder que se estabiliza\u00a0 atrav\u00e9s de uma t\u00e1tica de permanente guerra civil camuflada e que se alimenta mais das\u00a0 armas da emo\u00e7\u00e3o do que das da argumenta\u00e7\u00e3o?<\/p>\n<p style=\"text-align: justify;\">A ferocidade cultivada, que se constata por parte da esquerda radical numa tentativa de estabelecer uma imagem p\u00fablica de catolicismo como inimigo comum, revela um estado doentio de sociedade e de civiliza\u00e7\u00e3o. Porqu\u00ea tanto zelo, seja da parte de quem for? <strong>Ser\u00e1 frustra\u00e7\u00e3o, ser\u00e1 recalcamento, ser\u00e1 ressentimento ou o mero efeito de uma primariedade infantil embalada no jacobinismo que veio nas fardas dos soldados das invas\u00f5es francesas?<\/strong><\/p>\n<p style=\"text-align: justify;\">Os bloquistas prestaram um mau servi\u00e7o a si pr\u00f3prios porque desmascaram aqui como noutras ocasi\u00f5es o seu esp\u00edrito trotskista e anticrist\u00e3o que os domina; meteram no saco ateu os Gays e as l\u00e9sbicas negando-lhes a capacidade de esp\u00edrito religioso ou de f\u00e9); revelaram total ignor\u00e2ncia teol\u00f3gica partindo do princ\u00edpio de que o Deus dos crist\u00e3os \u00e9 masculino; al\u00e9m da incongru\u00eancia de reclamarem para si uma paternidade divina, esqueceram-se que Jesus tinha uma educa\u00e7\u00e3o heterossexual (bipolar) da m\u00e3e Maria e do pai adoptivo Jos\u00e9; a sua pretens\u00e3o de, com o exemplo apresentado, quererem estigmatizar os cat\u00f3licos que se declaram contra a educa\u00e7\u00e3o unipolar que em nome de um direito se afirma \u00e0 custa da discrimina\u00e7\u00e3o da crian\u00e7a justifica em nome de ideologias contr\u00e1rias at\u00e9 \u00e0 ci\u00eancia que define a origem de doen\u00e7as patol\u00f3gicas adquiridas atrav\u00e9s de gen\u00e9tica, cont\u00e1gio e h\u00e1bitos sociais. <strong>A Igreja cat\u00f3lica \u00e9 atacada por se declarar defensora dos sem voz e indefesos e naturalmente tamb\u00e9m por incomodar aqueles que quereriam fazer o que bem lhes apetece e n\u00e3o suportam qualquer resist\u00eancia e que em nome de um direito cultural ideol\u00f3gico, com benef\u00edcio emocional e econ\u00f3mico pr\u00f3prio,<\/strong> pretendem que a crian\u00e7a n\u00e3o tenha o direito a ter uma educa\u00e7\u00e3o de refer\u00eancia masculina e feminina, com diferencia\u00e7\u00e3o bipolar pai-m\u00e3e, para a reduzirem a uma experi\u00eancia unipolar de pai-pai ou m\u00e3e-m\u00e3e. O Zelo cega-os e prejudica-os porque 1\u00b0- o problema de adop\u00e7\u00e3o gay ser\u00e1 uma quest\u00e3o passageira (ci\u00eancias da educa\u00e7\u00e3o e psicol\u00f3gica j\u00e1 prev\u00ea d\u00e9fices psicol\u00f3gicos para tais casos de perfilhamentos com enormes despesas de tratamentos psicol\u00f3gicos \u2013 o futuro ter\u00e1 a \u00faltima palavra; na Alemanha, j\u00e1 h\u00e1 v\u00e1rios anos para dar cobro aos d\u00e9fices psicol\u00f3gicos e educativos de crian\u00e7as que crescem predominantemente em casa das m\u00e3es, procura-se nas creches e infant\u00e1rios empregar-se mais homens para compensarem poss\u00edveis d\u00e9fices) e 2\u00b0- muitas pessoas que votam no BE passar\u00e3o a votar no PS porque n\u00e3o reconhecem no BE mais que um grupo de ideologistas <strong>armados em feiticeiros que brincam n\u00e3o s\u00f3 com o dinheiro do povo mas tamb\u00e9m com as suas cren\u00e7as!<\/strong> Um partido que queira manter a sua sustentabilidade n\u00e3o pode basear a sua doutrina s\u00f3 na ideologia e no abuso, no abuso de normas e de ideais.<\/p>\n<p style=\"text-align: center;\"><strong><span style=\"color: #ff0000;\">Incongru\u00eancia de uma esquerda filha (pr\u00f3diga) do Cristianismo<\/span><\/strong><\/p>\n<p style=\"text-align: justify;\">Por vezes observa-se uma certa incongru\u00eancia e ignor\u00e2ncia numa esquerda radical que embora seja filha do cristianismo &#8211; o portador e gerador dos valores e direitos humanos da civiliza\u00e7\u00e3o ocidental \u2013 vive numa cont\u00ednua fase adolescente, numa atitude de revolta de filho contra os pais. Falta-lhes uma certa maturidade para compreender poss\u00edveis mazelas. O respeito pelas sensibilidades das pessoas \u00e9 t\u00e3o importante como os arrazoamentos sejam eles mais ou menos brilhantes.<\/p>\n<p style=\"text-align: justify;\">Na discuss\u00e3o p\u00fablica logo se formam hostes com as tradicionais valas como se a liberdade e a verdade se pudesse limitar a um s\u00f3 campo e cada disputante n\u00e3o tivesse direito a uma opini\u00e3o pr\u00f3pria sem ser denegrido ou negado. Na controv\u00e9rsia chega a notar-se at\u00e9 \u00f3dio. Esquece-se que o \u00f3dio \u00e9 pai e filho, ao mesmo tempo! A intoler\u00e2ncia, tal como a estupidez humana, \u00e9 infinita, n\u00e3o p\u00e1ra nos crentes nem nos n\u00e3o crentes, no saber e no n\u00e3o saber! Tamb\u00e9m n\u00e3o justifica a estupidez do falar com a do estar calado seria argumento para inocentes! O ser humano faz-se falando!<\/p>\n<p style=\"text-align: justify;\">A minha liberdade come\u00e7a onde a dos outros tem a possibilidade de se mostrar de cara levantada. \u00c9 atitude atrevida querer defender os valores da pr\u00f3pria liberdade \u00e0 custa dos valores da liberdade dos outros; tentar identificar a liberdade com uma mera opini\u00e3o \u00e9 reducionismo e inferioridade moral!<\/p>\n<p style=\"text-align: justify;\">Enfim, o que Portugal mais precisa \u00e9 da fraternidade universal crist\u00e3 (que inclui o amor ao pr\u00f3ximo e n\u00e3o s\u00f3 aos do cl\u00e3), sem os talib\u00e3s da pol\u00edtica nem da religi\u00e3o.<\/p>\n<p style=\"text-align: justify;\">Na controv\u00e9rsia desnecess\u00e1ria iniciada pela provoca\u00e7\u00e3o do BE <strong>revela-se<\/strong> <strong>um estado latente de ressentimento na sociedade portuguesa que germina como um cancro que continuamente produz novas met\u00e1stases,<\/strong> fomentadoras de um esp\u00edrito cobarde ao saber que pode atacar sempre os s\u00edmbolos e a sensibilidade dos crist\u00e3os, sem consequ\u00eancias.<br \/>\n<strong>Resumindo: Em quest\u00f5es de pol\u00edtica e de poder o problema de um lado \u00e9 febre e do outro \u00e9 fome!<\/strong><br \/>\n<strong>Ant\u00f3nio da Cunha Duarte Justo<\/strong><br \/>\nPegadas do Tempo www.antonio-justo.eu<\/p>\n","protected":false},"excerpt":{"rendered":"<p>Celebra\u00e7\u00e3o da \u201cVict\u00f3ria\u201d bloquista pela Aprova\u00e7\u00e3o da Lei da Adop\u00e7\u00e3o por Pares homossexuais Por Ant\u00f3nio Justo Em Portugal passou a ser permitida a adop\u00e7\u00e3o e co-adop\u00e7\u00e3o (10.02.2016) por pares homossexuais. Para celebrar a festa da \u201cvit\u00f3ria\u201d, o Bloco de Esquerda, publicou um cartaz com a imagem do \u201cSagrado Cora\u00e7\u00e3o de Jesus\u201d com os dizeres \u201cJesus &hellip; <a href=\"https:\/\/antonio-justo.eu\/?p=3507\" class=\"more-link\">Continuar a ler <span class=\"screen-reader-text\">DAS FLATUL\u00caNCIAS DA NA\u00c7\u00c3O &#8211; ESQUERDA RADICAL N\u00c3O DIGERE BEM O SEU RESSENTIMENTO CULTURAL<\/span><\/a><\/p>\n","protected":false},"author":1,"featured_media":0,"comment_status":"open","ping_status":"open","sticky":false,"template":"","format":"standard","meta":{"sfsi_plus_gutenberg_text_before_share":"","sfsi_plus_gutenberg_show_text_before_share":"","sfsi_plus_gutenberg_icon_type":"","sfsi_plus_gutenberg_icon_alignemt":"","sfsi_plus_gutenburg_max_per_row":"","footnotes":""},"categories":[15,4,5,7,8],"tags":[],"class_list":["post-3507","post","type-post","status-publish","format-standard","hentry","category-cultura","category-educacao","category-escola","category-politica","category-religiao"],"_links":{"self":[{"href":"https:\/\/antonio-justo.eu\/index.php?rest_route=\/wp\/v2\/posts\/3507","targetHints":{"allow":["GET"]}}],"collection":[{"href":"https:\/\/antonio-justo.eu\/index.php?rest_route=\/wp\/v2\/posts"}],"about":[{"href":"https:\/\/antonio-justo.eu\/index.php?rest_route=\/wp\/v2\/types\/post"}],"author":[{"embeddable":true,"href":"https:\/\/antonio-justo.eu\/index.php?rest_route=\/wp\/v2\/users\/1"}],"replies":[{"embeddable":true,"href":"https:\/\/antonio-justo.eu\/index.php?rest_route=%2Fwp%2Fv2%2Fcomments&post=3507"}],"version-history":[{"count":3,"href":"https:\/\/antonio-justo.eu\/index.php?rest_route=\/wp\/v2\/posts\/3507\/revisions"}],"predecessor-version":[{"id":3510,"href":"https:\/\/antonio-justo.eu\/index.php?rest_route=\/wp\/v2\/posts\/3507\/revisions\/3510"}],"wp:attachment":[{"href":"https:\/\/antonio-justo.eu\/index.php?rest_route=%2Fwp%2Fv2%2Fmedia&parent=3507"}],"wp:term":[{"taxonomy":"category","embeddable":true,"href":"https:\/\/antonio-justo.eu\/index.php?rest_route=%2Fwp%2Fv2%2Fcategories&post=3507"},{"taxonomy":"post_tag","embeddable":true,"href":"https:\/\/antonio-justo.eu\/index.php?rest_route=%2Fwp%2Fv2%2Ftags&post=3507"}],"curies":[{"name":"wp","href":"https:\/\/api.w.org\/{rel}","templated":true}]}}