{"id":3402,"date":"2016-01-02T23:41:01","date_gmt":"2016-01-02T22:41:01","guid":{"rendered":"https:\/\/antonio-justo.eu\/?p=3402"},"modified":"2016-01-03T00:31:10","modified_gmt":"2016-01-02T23:31:10","slug":"uniao-europeia-um-projecto-dos-paises-grandes-para-os-grandes","status":"publish","type":"post","link":"https:\/\/antonio-justo.eu\/?p=3402","title":{"rendered":"UNI\u00c3O EUROPEIA &#8211; UM PROJECTO DOS PA\u00cdSES GRANDES PARA OS GRANDES &#8211; POL\u00cdTICA DE ASILO"},"content":{"rendered":"<p style=\"text-align: center;\"><span style=\"color: #ff0000;\"><strong><span style=\"color: #ff0000;\">UE pretende impor novo Direito de Asilo aos Pa\u00edses da Periferia<\/span><\/strong><\/span><\/p>\n<p style=\"text-align: justify;\">A Uni\u00e3o Europeia, ao criar a Zona euro, levou em conta a ru\u00edna das fr\u00e1geis economias dos seus membros da periferia. Agora os pa\u00edses de economia forte, como a Alemanha, atraem os refugiados da guerra e da pobreza e n\u00e3o querem assumir, sozinhos, as consequ\u00eancias da situa\u00e7\u00e3o criada em \u00c1frica.<\/p>\n<p style=\"text-align: justify;\"><strong>A Alemanha por raz\u00f5es humanit\u00e1rias, de mercado de trabalho e de envelhecimento da popula\u00e7\u00e3o, abriu as fronteiras aos refugiados sem consultar os parceiros europeus<\/strong> provocando uma corros\u00e3o do direito que at\u00e9 ent\u00e3o regulava a entrada livre, sem controlo de passaportes, s\u00f3 para os pa\u00edses da comunidade. Agora sente-se invadida por mais de um milh\u00e3o de refugiados em 2015. <strong>Como motora da EU, pressiona os seus parceiros no sentido de abdicarem do poder soberano nacional em quest\u00f5es de direito de asilo<\/strong> e fortalecer as fronteiras dos pa\u00edses limites da EU sem compensacoes para os pa\u00edses em situa\u00e7\u00e3o prec\u00e1ria tamb\u00e9m devida \u00e0 sua posi\u00e7\u00e3o geogr\u00e1fica e \u00e0 reduzida popula\u00e7\u00e3o. Querem ver o direito de asilo centralizado, que seja regulado pela EU e n\u00e3o pelos estados nacionais. <strong>Na l\u00f3gica de aten\u00e7\u00e3o aos grandes, o direito de asilo, a criar, deve salvaguardar excep\u00e7\u00f5es para a Inglaterra e para a Dinamarca.<\/strong><\/p>\n<p style=\"text-align: justify;\">Agora que as pot\u00eancias europeias ricas sofrem as consequ\u00eancias, da sua m\u00e1 pol\u00edtica, no \u00eaxodo de povos para os seus pa\u00edses, pretendem distribuir os gastos da sua integra\u00e7\u00e3o pelas \u201caldeias\u201d tentando elaborar um compromisso que implicar\u00e1 novas regulamenta\u00e7\u00f5es e tamb\u00e9m a obriga\u00e7\u00e3o de cada pa\u00eds membro aceitar um contingente de refugiados a determinar anualmente por Bruxelas na sua pol\u00edtica de colonos. <strong>Pretende-se alcan\u00e7ar um compromisso at\u00e9 finais de Junho.<\/strong><\/p>\n<p style=\"text-align: justify;\">Pa\u00edses distra\u00eddos e subservientes (devido \u00e0 corrup\u00e7\u00e3o da classe pol\u00edtica comprometida que t\u00eam) costumam aceitar, em troca de um \u201cprato de lentilhas\u201d, \u00e0 margem do povo, as regulamenta\u00e7\u00f5es de Bruxelas sem precaverem as consequ\u00eancias que com elas acarretam para o pa\u00eds.<\/p>\n<p style=\"text-align: justify;\"><strong>Enquanto os portugueses se esgotam numa discuss\u00e3o p\u00fablica partid\u00e1ria esgotante que se pode resumir no mote \u201co meu partido \u00e9 menos corrupto que o teu\u201d ou na presun\u00e7\u00e3o pessoal \u201co meu \u00e9 maior que o teu\u201d, os pa\u00edses ricos da EU trabalham no seu interesse<\/strong> implementando leis que Portugal assina sem discuss\u00e3o e depois o povo e bem pensantes ainda t\u00eam a arrog\u00e2ncia de dizer que o governo da Alemanha \u00e9 ego\u00edsta por ter olhado pelos seus interesses enquanto a pol\u00edtica portuguesa e a opini\u00e3o p\u00fablica se contenta com o cantar da cigarra!<\/p>\n<p style=\"text-align: justify;\"><strong>Por um lado assiste-se \u00e0 emigra\u00e7\u00e3o de pessoal jovem qualificado dos pa\u00edses da periferia (que gastaram imenso dinheiro na sua forma\u00e7\u00e3o acad\u00e9mica) para os pa\u00edses ricos da Europa e estes, que ganham com a guerra e a mis\u00e9ria do povo das regi\u00f5es mu\u00e7ulmanas, querem, por outro lado, impor aos pa\u00edses carenciados que aceitem o pessoal desqualificado vindo daquelas regi\u00f5es.<\/strong><\/p>\n<p style=\"text-align: justify;\">As grandes pot\u00eancias europeias, em colabora\u00e7\u00e3o com os USA, fazem o neg\u00f3cio com a exporta\u00e7\u00e3o de armas em lugares de conflito e com a explora\u00e7\u00e3o das mat\u00e9rias-primas africanas, provocando, juntamente com os contraentes regionais mu\u00e7ulmanos sunitas e xiitas, o \u00eaxodo de milh\u00f5es de cidad\u00e3os.<\/p>\n<p style=\"text-align: justify;\">A Alemanha, com o caos inesperado dos refugiados em casa, procura defender-se, com Bruxelas, e tentar distribuir os males pelas aldeias, tentando para isso implementar medidas e directivas que imponham os interesses estrat\u00e9gicos, pol\u00edticos, econ\u00f3micos e geogr\u00e1ficos dos pa\u00edses do n\u00facleo contra os da periferia; interesses econ\u00f3micos e estrat\u00e9gicos do centro norte que s\u00e3o antag\u00f3nicos aos da periferia e que esta mais tarde pagar\u00e1 caro.<\/p>\n<p style=\"text-align: justify;\"><strong>Infelizmente, cada pa\u00eds procura na EU as suas vantagens e quem dorme perde o comboio.<\/strong> O n\u00facleo criou o alargamento do seu mercado de alta tecnologia e m\u00e1quinas para pa\u00edses como a China \u00e0 custa de estes poderem concorrer com os seus produtos com as economias fracas perif\u00e9ricas. Antes os pa\u00edses fortes em tecnologia recebiam t\u00eaxteis, peixe, manufacturados e produtos agr\u00edcolas de Portugal e de outros pa\u00edses da margem em troca da sua maquinaria para depois com o mercado aberto da UE passarem a receber esses produtos directamente da China por serem mais baratos do que os portugueses; as pequenas e m\u00e9dias empresas portuguesas foram destru\u00eddas por n\u00e3o poderem concorrer com o mercado barato chin\u00eas. Quem pagou, em grande parte, a factura da entrada dos alem\u00e3es no mercado chin\u00eas foram os portugueses e os pa\u00edses da periferia.<strong> Agora com a pol\u00edtica de imigra\u00e7\u00e3o em via, a Alemanha e outras pot\u00eancias preparam-se para ganhar a pr\u00f3xima guerra da concorr\u00eancia social entre as camadas desprotegidas dos pa\u00edses membros.<\/strong><\/p>\n<p style=\"text-align: justify;\">Uma sociedade n\u00e3o pode ser governada apenas por interesses econ\u00f3micos; uma EU que se preocupa apenas com os interesses imediatos das suas pot\u00eancias fortes n\u00e3o \u00e9 digna da cultura europeia donde nasceu; precisa de voltar a uma \u00e9tica de base crist\u00e3 que defenda o amor ao pr\u00f3ximo, ao estrangeiro e a miseric\u00f3rdia para com todos. Uma pol\u00edtica imposta, de cima para baixo, por interesses estrat\u00e9gicos de algumas pot\u00eancias europeias fomenta o cepticismo e amea\u00e7a a coes\u00e3o dos 28 pa\u00edses.<br \/>\n<strong>Ant\u00f3nio da Cunha Duarte Justo<\/strong><\/p>\n<p style=\"text-align: justify;\">www.antonio-justo.eu<\/p>\n","protected":false},"excerpt":{"rendered":"<p>UE pretende impor novo Direito de Asilo aos Pa\u00edses da Periferia A Uni\u00e3o Europeia, ao criar a Zona euro, levou em conta a ru\u00edna das fr\u00e1geis economias dos seus membros da periferia. Agora os pa\u00edses de economia forte, como a Alemanha, atraem os refugiados da guerra e da pobreza e n\u00e3o querem assumir, sozinhos, as &hellip; <a href=\"https:\/\/antonio-justo.eu\/?p=3402\" class=\"more-link\">Continuar a ler <span class=\"screen-reader-text\">UNI\u00c3O EUROPEIA &#8211; UM PROJECTO DOS PA\u00cdSES GRANDES PARA OS GRANDES &#8211; POL\u00cdTICA DE ASILO<\/span><\/a><\/p>\n","protected":false},"author":1,"featured_media":0,"comment_status":"open","ping_status":"open","sticky":false,"template":"","format":"standard","meta":{"sfsi_plus_gutenberg_text_before_share":"","sfsi_plus_gutenberg_show_text_before_share":"","sfsi_plus_gutenberg_icon_type":"","sfsi_plus_gutenberg_icon_alignemt":"","sfsi_plus_gutenburg_max_per_row":"","footnotes":""},"categories":[14,6,7],"tags":[],"class_list":["post-3402","post","type-post","status-publish","format-standard","hentry","category-economia","category-migracao","category-politica"],"_links":{"self":[{"href":"https:\/\/antonio-justo.eu\/index.php?rest_route=\/wp\/v2\/posts\/3402","targetHints":{"allow":["GET"]}}],"collection":[{"href":"https:\/\/antonio-justo.eu\/index.php?rest_route=\/wp\/v2\/posts"}],"about":[{"href":"https:\/\/antonio-justo.eu\/index.php?rest_route=\/wp\/v2\/types\/post"}],"author":[{"embeddable":true,"href":"https:\/\/antonio-justo.eu\/index.php?rest_route=\/wp\/v2\/users\/1"}],"replies":[{"embeddable":true,"href":"https:\/\/antonio-justo.eu\/index.php?rest_route=%2Fwp%2Fv2%2Fcomments&post=3402"}],"version-history":[{"count":5,"href":"https:\/\/antonio-justo.eu\/index.php?rest_route=\/wp\/v2\/posts\/3402\/revisions"}],"predecessor-version":[{"id":3407,"href":"https:\/\/antonio-justo.eu\/index.php?rest_route=\/wp\/v2\/posts\/3402\/revisions\/3407"}],"wp:attachment":[{"href":"https:\/\/antonio-justo.eu\/index.php?rest_route=%2Fwp%2Fv2%2Fmedia&parent=3402"}],"wp:term":[{"taxonomy":"category","embeddable":true,"href":"https:\/\/antonio-justo.eu\/index.php?rest_route=%2Fwp%2Fv2%2Fcategories&post=3402"},{"taxonomy":"post_tag","embeddable":true,"href":"https:\/\/antonio-justo.eu\/index.php?rest_route=%2Fwp%2Fv2%2Ftags&post=3402"}],"curies":[{"name":"wp","href":"https:\/\/api.w.org\/{rel}","templated":true}]}}