{"id":3372,"date":"2015-12-17T15:19:02","date_gmt":"2015-12-17T14:19:02","guid":{"rendered":"https:\/\/antonio-justo.eu\/?p=3372"},"modified":"2015-12-17T15:35:49","modified_gmt":"2015-12-17T14:35:49","slug":"edicao-comentada-do-livro-de-hitler-minha-luta-mein-kampf","status":"publish","type":"post","link":"https:\/\/antonio-justo.eu\/?p=3372","title":{"rendered":"EDI\u00c7\u00c3O COMENTADA DO LIVRO DE HITLER \u201cMINHA LUTA\u201d (MEIN KAMPF)"},"content":{"rendered":"<p>&nbsp;<\/p>\n<p style=\"text-align: center;\"><strong><span style=\"color: #ff0000;\">Dois Pesos e duas Medidas \u2013 Anota\u00e7\u00f5es preventivas contra o Fascismo<\/span><\/strong><\/p>\n<p style=\"text-align: justify;\"><strong>Ant\u00f3nio Justo<\/strong><br \/>\n70 anos depois do fascismo nazista, \u00e9 permitida, a partir de 31.12.2015, a reedi\u00e7\u00e3o da sua cartilha, na Alemanha. At\u00e9 \u00e0 morte de Hitler tinham sido publicados 12 milh\u00f5es de exemplares. Desde ent\u00e3o a publica\u00e7\u00e3o de Mein Kampf ficou interdita.<\/p>\n<p style=\"text-align: justify;\">Entre o dia 1 e 8 de Janeiro de 2016, vai ser publicado o livro de Hitler &#8220;Mein Kampf&#8221; (Minha Luta), com 3.500 anota\u00e7\u00f5es; os coment\u00e1rios destinam-se a precaver os jovens contra a ideologia nazista (ideias antissemitas, racialistas e nacional-socialistas).<\/p>\n<p style=\"text-align: justify;\">Por outro lado continua a n\u00e3o se exigir anota\u00e7\u00f5es nem coment\u00e1rios ao Cor\u00e3o embora este apele 27 vezes ao assassinato\/persegui\u00e7\u00e3o de n\u00e3o-mu\u00e7ulmanos e contenha instru\u00e7\u00f5es para a subjuga\u00e7\u00e3o das mulheres (1), afirme a discrimina\u00e7\u00e3o e inferioridade de n\u00e3o\u00a0 mu\u00e7ulmanos, pregue a hostilidade para com os judeus e defenda a hegemonia mu\u00e7ulmana.<\/p>\n<p style=\"text-align: justify;\">O historiador Christian Hartmann, do Instituto de Hist\u00f3ria Contempor\u00e2nea de Munique, espera que com os 3500 coment\u00e1rios\/anota\u00e7\u00f5es ao texto, poder\u00e1 dizer que \u201c\u2018Mein Kampf\u2019 \u00e9 uma granada velha e ferrugenta da qual tiramos o explosivo\u201d. A edi\u00e7\u00e3o sai, com o t\u00edtulo \u201cHitler, Meu Combate \u2013 Uma Edi\u00e7\u00e3o Cr\u00edtica \u201e em dois volumes com o pre\u00e7o de 59\u20ac.<\/p>\n<p style=\"text-align: justify;\">\u00c9 oportuno lembrar que os nossos jovens n\u00e3o s\u00f3 devem ser protegidos contra a ideologia nazista, como tamb\u00e9m contra o fascismo religioso, tal como se expressa num Cor\u00e3o n\u00e3o comentado. O fato de o fascismo ocorrer neste em traje religioso, n\u00e3o pode ser considerado carta-branca nem tabu.<\/p>\n<p style=\"text-align: justify;\">Qualquer pessoa familiarizada com a hist\u00f3ria isl\u00e2mica sabe como Mohammed se comportava e que \u00e9 tomado como exemplo a ser imitado e como os terroristas mu\u00e7ulmanos se apresentam como os verdadeiros seguidores das prescri\u00e7\u00f5es do Cor\u00e3o; apesar de tudo isto, tamb\u00e9m os m\u00e9dia continuam a consider\u00e1-lo inviol\u00e1vel. O Cor\u00e3o deveria possuir coment\u00e1rios tal como agora acontece com o livro de Hitler, a fim de reduzir o seu efeito de sedu\u00e7\u00e3o sobre os jovens. A credibilidade da pol\u00edtica deixa tudo a desejar neste ponto, onde n\u00e3o \u00e9 permitida qualquer objetividade. A classe pol\u00edtica e intelectual (que deveria conhecer bem \u201c Meu Combate\u201d e o Cor\u00e3o, apresenta-se contradit\u00f3ria proibindo num lugar o que no outro se afirma. Com a sua indiferen\u00e7a torna-se c\u00famplice com os mais conservadores isl\u00e2micos motivando os radicais em preju\u00edzo dos reformistas.<\/p>\n<p style=\"text-align: justify;\">A Pol\u00edtica e a Sociedade cada vez se distanciam mais uma da outra, dado os pol\u00edticos darem a impress\u00e3o de terem menos conhecimento objectivo sobre o Cor\u00e3o, e do que ele n\u00e3o comentado causa, do que parte da popula\u00e7\u00e3o. \u00c9 preciso motivar os mu\u00e7ulmanos de boa vontade a reformar o Isl\u00e3o, come\u00e7ando por exigir anota\u00e7\u00f5es \u00e0s suras do Cor\u00e3o e motivar a abordagem teol\u00f3gica hist\u00f3rico-cr\u00edtica sobre Maom\u00e9, sobre o Cor\u00e3o, sobre os ensinamentos do profeta e sobre a Sharia.<\/p>\n<p style=\"text-align: justify;\">A Hist\u00f3ria parece demonstrar que a consci\u00eancia de povos e estados, mais que por princ\u00edpios \u00e9ticos, \u00e9 determinada pelas realidades econ\u00f3micas e por interesses de poder, n\u00e3o sendo considerado como adulterada uma pr\u00e1tica (moral) que os justifica, a n\u00e3o ser por pessoas mais sens\u00edveis!<br \/>\n<strong>Ant\u00f3nio da Cunha Duarte Justo<\/strong><br \/>\nPegadas do Tempo www.antonio-justo.eu<\/p>\n<h5>(1) Na Ar\u00e1bia Saudita, atenta ao cumprimento do Isl\u00e3o, a posse de uma B\u00edblia \u00e9 considerada crime; n\u00e3o \u00e9 permitido \u00e0s mulheres conduzir um carro nem navegar na Internet, nem lhes \u00e9 permitido trabalhar, estudar ou viajar sem o consentimento de um protector masculino.<\/h5>\n","protected":false},"excerpt":{"rendered":"<p>&nbsp; Dois Pesos e duas Medidas \u2013 Anota\u00e7\u00f5es preventivas contra o Fascismo Ant\u00f3nio Justo 70 anos depois do fascismo nazista, \u00e9 permitida, a partir de 31.12.2015, a reedi\u00e7\u00e3o da sua cartilha, na Alemanha. At\u00e9 \u00e0 morte de Hitler tinham sido publicados 12 milh\u00f5es de exemplares. Desde ent\u00e3o a publica\u00e7\u00e3o de Mein Kampf ficou interdita. Entre &hellip; <a href=\"https:\/\/antonio-justo.eu\/?p=3372\" class=\"more-link\">Continuar a ler <span class=\"screen-reader-text\">EDI\u00c7\u00c3O COMENTADA DO LIVRO DE HITLER \u201cMINHA LUTA\u201d (MEIN KAMPF)<\/span><\/a><\/p>\n","protected":false},"author":1,"featured_media":0,"comment_status":"open","ping_status":"open","sticky":false,"template":"","format":"standard","meta":{"sfsi_plus_gutenberg_text_before_share":"","sfsi_plus_gutenberg_show_text_before_share":"","sfsi_plus_gutenberg_icon_type":"","sfsi_plus_gutenberg_icon_alignemt":"","sfsi_plus_gutenburg_max_per_row":"","footnotes":""},"categories":[14,7,8],"tags":[],"class_list":["post-3372","post","type-post","status-publish","format-standard","hentry","category-economia","category-politica","category-religiao"],"_links":{"self":[{"href":"https:\/\/antonio-justo.eu\/index.php?rest_route=\/wp\/v2\/posts\/3372","targetHints":{"allow":["GET"]}}],"collection":[{"href":"https:\/\/antonio-justo.eu\/index.php?rest_route=\/wp\/v2\/posts"}],"about":[{"href":"https:\/\/antonio-justo.eu\/index.php?rest_route=\/wp\/v2\/types\/post"}],"author":[{"embeddable":true,"href":"https:\/\/antonio-justo.eu\/index.php?rest_route=\/wp\/v2\/users\/1"}],"replies":[{"embeddable":true,"href":"https:\/\/antonio-justo.eu\/index.php?rest_route=%2Fwp%2Fv2%2Fcomments&post=3372"}],"version-history":[{"count":3,"href":"https:\/\/antonio-justo.eu\/index.php?rest_route=\/wp\/v2\/posts\/3372\/revisions"}],"predecessor-version":[{"id":3375,"href":"https:\/\/antonio-justo.eu\/index.php?rest_route=\/wp\/v2\/posts\/3372\/revisions\/3375"}],"wp:attachment":[{"href":"https:\/\/antonio-justo.eu\/index.php?rest_route=%2Fwp%2Fv2%2Fmedia&parent=3372"}],"wp:term":[{"taxonomy":"category","embeddable":true,"href":"https:\/\/antonio-justo.eu\/index.php?rest_route=%2Fwp%2Fv2%2Fcategories&post=3372"},{"taxonomy":"post_tag","embeddable":true,"href":"https:\/\/antonio-justo.eu\/index.php?rest_route=%2Fwp%2Fv2%2Ftags&post=3372"}],"curies":[{"name":"wp","href":"https:\/\/api.w.org\/{rel}","templated":true}]}}