{"id":3301,"date":"2015-10-03T13:27:09","date_gmt":"2015-10-03T12:27:09","guid":{"rendered":"https:\/\/antonio-justo.eu\/?p=3301"},"modified":"2015-10-03T13:32:38","modified_gmt":"2015-10-03T12:32:38","slug":"contendas-em-casas-de-acolhimento-de-refugiados-na-alemanha","status":"publish","type":"post","link":"https:\/\/antonio-justo.eu\/?p=3301","title":{"rendered":"CONTENDAS EM CASAS DE ACOLHIMENTO DE REFUGIADOS NA ALEMANHA"},"content":{"rendered":"<p style=\"text-align: center;\"><strong>Pol\u00edcia toca Alarme &#8211; Quem \u00e9 Agressivo tem Vantagens<\/strong><\/p>\n<p style=\"text-align: justify;\"><strong>Ant\u00f3nio Justo<\/strong><br \/>\nS\u00f3 no m\u00eas de Setembro entraram na Alemanha mais de 270.000 refugiados. Mais de metade dos refugiados tem idade inferior a 25 anos. Devido \u00e0 \u201cpol\u00edtica de bem-vindos\u201d de Merkel, aumenta o borborinho na sociedade alem\u00e3; o grau de popularidade da chanceler Merkel j\u00e1 desceu 9 pontos passando para o 4\u00b0 lugar quando antes mantinha sempre o 1\u00b0 lugar (Conta agora, apenas com 54% de cidad\u00e3os que aprovam a sua pol\u00edtica, Wolfgang Sch\u00e4uble passou para 1\u00b0 lugar). Reformados e grupos carentes v\u00eaem cada vez menos dinheiro no or\u00e7amento alem\u00e3o e contam j\u00e1 no pr\u00f3ximo ano com pioramento da sua situa\u00e7\u00e3o. O interesse e o medo tendem a desequilibrar-se. Em v\u00e1rios centros de acolhimento de refugiados h\u00e1 pancadarias entre grupos de refugiados; h\u00e1 m\u00e9dicos que j\u00e1 s\u00f3 querem entrar em centros de refugiados se acompanhados pela pol\u00edcia. O sofrimento cria sofrimento.<\/p>\n<p style=\"text-align: justify;\">Custa \u00e0 imprensa alem\u00e3 informar sobre tais casos para n\u00e3o fomentar sentimentos de agress\u00e3o contra os refugiados mas atendendo \u00e0 frequ\u00eancia das ac\u00e7\u00f5es violentas entre estes, v\u00ea-se obrigada a deixar passar alguma informa\u00e7\u00e3o em primeiro plano.<\/p>\n<p style=\"text-align: justify;\">Em muitos casos, refugiados j\u00e1 traumatizados trazem os conflitos consigo, acrescentados por situa\u00e7\u00f5es que n\u00e3o correspondem ao que tinham sonhado quando se puseram a caminho da Europa. A potencialidade dos conflitos \u00e9 grande, se atendermos aos traumas da guerra, \u00e0 longa caminhada at\u00e9 c\u00e1 e que nos mesmos alojamentos se encontram mu\u00e7ulmanos sunitas e xiitas em guerra entre si, etnias e na\u00e7\u00f5es com interesses e costumes diferentes, crist\u00e3os que tiveram de fugir dos pa\u00edses devido \u00e0 persegui\u00e7\u00e3o mu\u00e7ulmana, sofrendo agora a continua\u00e7\u00e3o da viol\u00eancia nos alojamentos, al\u00e9m do mais tamb\u00e9m os refugiados do Leste Europeu sem direito a asilo que esperam da sua estadia uma mesada superior \u00e0 que recebem no emprego nas suas terras. Por estas e por outras o governo j\u00e1 determinou medidas tendentes a apressar o processo de asilo e em determinados casos optou por distribuir g\u00e9neros em vez de dinheiro.<\/p>\n<p style=\"text-align: justify;\">Para ajudar os estados federados e os munic\u00edpios, o governo federal reembolsa-os em 670 euros por m\u00eas e por cada refugiado, comparticipando assim nos elevados custos dos estados federados e dos munic\u00edpios. O apoio \u00e9 concedido at\u00e9 que termine o processo de asilo de cada um. Uma vez reconhecido o direito a asilo, os asilados entram no sistema geral alem\u00e3o de apoio social Hartz IV, tal como qualquer alem\u00e3o necessitado.<\/p>\n<p style=\"text-align: justify;\">Nalgumas casas de acolhimento de refugiados as contendas t\u00eam escalado. No alojamento de Calden-Kassel que foi concebido para 1.000 refugiados, agora com 1.750 refugiados de 20 na\u00e7\u00f5es, deu-se agora, depois de outras querelas, uma pancadaria com paus e g\u00e1s de pimenta em que participaram 370 refugiados (albaneses e paquistaneses) e a que acorreram 50 pol\u00edcias; 14 refugiados e tr\u00eas pol\u00edcias foram feridos (http:\/\/zu.hna.de\/calden2909). Pol\u00edcias queixam-se que para acorrerem aos alojamentos j\u00e1 lhes falta o tempo para observarem os meios da droga e outros sectores de observa\u00e7\u00e3o.<\/p>\n<p style=\"text-align: justify;\">Nas palavras de Rainer Wendt chefe do sindicato da pol\u00edcia, no \u201cPassauer Neue Presse\u201d, revela-se muita experi\u00eancia recalcada e frustra\u00e7\u00e3o acumulada, partilhada pelos colegas pol\u00edcias nas suas interven\u00e7\u00f5es em casas de alojamento de refugiados: &#8220;Temos experimentado essa viol\u00eancia durante semanas e meses. Juntam-se em grupos de acordo com etnias, religi\u00e3o ou com estruturas de cl\u00e3 e v\u00e3o uns contra os outros com facas e armas caseiras\u201d. &#8220;Islamitas querem impor l\u00e1 os seus valores e a sua ordem&#8221;. A minoria dos crist\u00e3os deveria, ser colocada, nas casas de alojamento de refugiados &#8220;sob protec\u00e7\u00e3o especial&#8221; porque \u00e9, muitas vezes, perseguida de forma maci\u00e7a.<\/p>\n<p style=\"text-align: justify;\">Muitos n\u00e3o se comportam como h\u00f3spedes e muitos refugiados alem\u00e3es que depois da segunda guerra mundial vieram para a Alemanha (11 milh\u00f5es) e viveram durante anos em alojamentos muito prec\u00e1rios para refugiados, custa-lhes a compreender o comportamento e exig\u00eancias de muitos refugiados de hoje.<\/p>\n<p>Com a mis\u00e9ria e despovoamento da S\u00edria, a longo prazo ganham os que querem l\u00e1 a guerra. A Alemanha com tanta imigra\u00e7\u00e3o rejuvenesce-se e cria maior concorr\u00eancia no mercado de trabalho e deste modo disciplina o pr\u00f3prio operariado na concorr\u00eancia europeia e globalista que quer uma precaridade comum aos diversos Estados. Assim evita uma flutua\u00e7\u00e3o de carentes entre os v\u00e1rios sistemas de apoio social da Uni\u00e3o Europeia.<\/p>\n<p style=\"text-align: justify;\">Porque n\u00e3o se d\u00e1 o mesmo direito aos que solicitam asilo nas embaixadas como aos que s\u00e3o transportados por quadrilhas que rebocam fugitivos que tiveram de pagar entre 4.000 e 8.000 euros aos que organizaram o seu transporte?<\/p>\n<p style=\"text-align: justify;\">Que se faz contra os bandos de candongueiros ou traficantes? A proposta de lei do governo contempla um m\u00ednimo de tr\u00eas meses de cadeia para tais delitos. Porque \u00e9 que alguns partidos de esquerda se op\u00f5em a medidas concretas contra os traficantes?<\/p>\n<p>A crise dos refugiados continuar\u00e1 enquanto as pot\u00eancias continuarem a lucrar e ganhar cr\u00e9ditos com a desestabiliza\u00e7\u00e3o dos pa\u00edses atrav\u00e9s da guerrilha e da morte.<\/p>\n<p style=\"text-align: justify;\"><strong>O problema dos refugiados s\u00edrios resolve-se quando os governos dos USA, R\u00fassia, Ar\u00e1bia Saudita e Ir\u00e3o se juntarem a uma mesma mesa;<\/strong> para isso a elite europeia ter\u00e1 de deixar de jogar com eles o jogo sujo e disser \u00e0 popula\u00e7\u00e3o o que verdadeiramente se passa e os motivos que a levam a actuar assim. <strong>Os respons\u00e1veis conduzem l\u00e1 fora a guerra sangrenta de que os pa\u00edses e os refugiados s\u00e3o v\u00edtima e c\u00e1 dentro na Europa conduz-se a guerra medi\u00e1tica de que somos n\u00f3s as v\u00edtimas. Na realidade, a pol\u00edtica internacional conflituosa e de rivalidade entre os USA e a R\u00fassia, entre os xiitas e sunitas, s\u00e3o os respons\u00e1veis por uma situa\u00e7\u00e3o de destrui\u00e7\u00e3o de na\u00e7\u00f5es e por uma nova situa\u00e7\u00e3o na sociedade europeia de consequ\u00eancias futuras imprevis\u00edveis<\/strong>. O vice-presidente do Parlamento Federal, Singhammer solicita a limita\u00e7\u00e3o do direito dos refugiados ao reagrupamento familiar. Refere que os 200.000 refugiados da s\u00edria na Alemanha trariam consigo um &#8220;potencial de reagrupamento \u201d para a Alemanha de 600.000 familiares.<\/p>\n<p style=\"text-align: justify;\">A Liga dos Direitos Humanos IGFM em Frankfurt expressou que a prote\u00e7\u00e3o do direito de asilo exige um n\u00e3o ao abuso. A maioria dos migrantes vem de pa\u00edses seguros onde n\u00e3o h\u00e1 persegui\u00e7\u00e3o pol\u00edtica. H\u00e1 dias em que entram na Alemanha 10 000 refugiados.<\/p>\n<p style=\"text-align: justify;\">O pol\u00edtico dos Verdes J\u00fcrgen Trittin acaba de afirmar: &#8220;A Alemanha est\u00e1 a desaparecer a cada dia que passa&#8221;. Claudia Roth, do mesmo partido, comentou: &#8220;Alem\u00e3es s\u00e3o N\u00e3o Migrantes. Nada mais.&#8221; A sociedade europeia, devido \u00e0 irresponsabilidade pol\u00edtica cada vez se radicalizar\u00e1 mais.<br \/>\n<strong>Ant\u00f3nio da Cunha Duarte Justo<\/strong><br \/>\n\u201cPegadas do Tempo\u201d www.antonio-justo.eu<\/p>\n","protected":false},"excerpt":{"rendered":"<p>Pol\u00edcia toca Alarme &#8211; Quem \u00e9 Agressivo tem Vantagens Ant\u00f3nio Justo S\u00f3 no m\u00eas de Setembro entraram na Alemanha mais de 270.000 refugiados. Mais de metade dos refugiados tem idade inferior a 25 anos. Devido \u00e0 \u201cpol\u00edtica de bem-vindos\u201d de Merkel, aumenta o borborinho na sociedade alem\u00e3; o grau de popularidade da chanceler Merkel j\u00e1 &hellip; <a href=\"https:\/\/antonio-justo.eu\/?p=3301\" class=\"more-link\">Continuar a ler <span class=\"screen-reader-text\">CONTENDAS EM CASAS DE ACOLHIMENTO DE REFUGIADOS NA ALEMANHA<\/span><\/a><\/p>\n","protected":false},"author":1,"featured_media":0,"comment_status":"open","ping_status":"open","sticky":false,"template":"","format":"standard","meta":{"sfsi_plus_gutenberg_text_before_share":"","sfsi_plus_gutenberg_show_text_before_share":"","sfsi_plus_gutenberg_icon_type":"","sfsi_plus_gutenberg_icon_alignemt":"","sfsi_plus_gutenburg_max_per_row":"","footnotes":""},"categories":[14,7,8],"tags":[],"class_list":["post-3301","post","type-post","status-publish","format-standard","hentry","category-economia","category-politica","category-religiao"],"_links":{"self":[{"href":"https:\/\/antonio-justo.eu\/index.php?rest_route=\/wp\/v2\/posts\/3301","targetHints":{"allow":["GET"]}}],"collection":[{"href":"https:\/\/antonio-justo.eu\/index.php?rest_route=\/wp\/v2\/posts"}],"about":[{"href":"https:\/\/antonio-justo.eu\/index.php?rest_route=\/wp\/v2\/types\/post"}],"author":[{"embeddable":true,"href":"https:\/\/antonio-justo.eu\/index.php?rest_route=\/wp\/v2\/users\/1"}],"replies":[{"embeddable":true,"href":"https:\/\/antonio-justo.eu\/index.php?rest_route=%2Fwp%2Fv2%2Fcomments&post=3301"}],"version-history":[{"count":2,"href":"https:\/\/antonio-justo.eu\/index.php?rest_route=\/wp\/v2\/posts\/3301\/revisions"}],"predecessor-version":[{"id":3303,"href":"https:\/\/antonio-justo.eu\/index.php?rest_route=\/wp\/v2\/posts\/3301\/revisions\/3303"}],"wp:attachment":[{"href":"https:\/\/antonio-justo.eu\/index.php?rest_route=%2Fwp%2Fv2%2Fmedia&parent=3301"}],"wp:term":[{"taxonomy":"category","embeddable":true,"href":"https:\/\/antonio-justo.eu\/index.php?rest_route=%2Fwp%2Fv2%2Fcategories&post=3301"},{"taxonomy":"post_tag","embeddable":true,"href":"https:\/\/antonio-justo.eu\/index.php?rest_route=%2Fwp%2Fv2%2Ftags&post=3301"}],"curies":[{"name":"wp","href":"https:\/\/api.w.org\/{rel}","templated":true}]}}