{"id":3294,"date":"2015-09-28T09:56:14","date_gmt":"2015-09-28T08:56:14","guid":{"rendered":"https:\/\/antonio-justo.eu\/?p=3294"},"modified":"2015-09-28T09:57:55","modified_gmt":"2015-09-28T08:57:55","slug":"palavras-do-papa-aos-representantes-dos-estados-unidos","status":"publish","type":"post","link":"https:\/\/antonio-justo.eu\/?p=3294","title":{"rendered":"PALAVRAS DO PAPA AOS ESTADOS UNIDOS DA AM\u00c9RICA"},"content":{"rendered":"<p style=\"text-align: center;\"><span style=\"color: #ff6600;\"><strong><span style=\"color: #ff6600;\">Contra a Pena de Morte, contra o imperialismo econ\u00f3mico-ideol\u00f3gico-religioso e pela t\u00e9cnica ao servi\u00e7o de um progresso humano<\/span><\/strong><\/span><\/p>\n<p style=\"text-align: justify;\">O papa falou ao congresso dos USA em Nova York, no dia 24 de setembro de 2015, tendo sido aplaudido 37 vezes.<\/p>\n<p style=\"text-align: justify;\"><span style=\"color: #ff6600;\"><strong><span style=\"color: #ff6600;\">Recorda os deveres dos representantes do povo:<\/span><\/strong><\/span> \u201cfazer que este pa\u00eds cres\u00e7a como na\u00e7\u00e3o\u2026sois o rosto do seu povo\u2026 a defender e custodiar a dignidade dos concidad\u00e3os\u2026 v\u00f3s estais convidados a proteger, atrav\u00e9s da lei, a imagem e semelhan\u00e7a plasmada por Deus em cada rosto.\u201d<\/p>\n<p style=\"text-align: justify;\"><span style=\"color: #ff6600;\"><strong><span style=\"color: #ff6600;\">Situa\u00e7\u00e3o no mundo<\/span><\/strong><\/span> : \u201co mundo \u00e9, cada vez mais, um lugar de conflitos violentos, de \u00f3dio nocivo, de sangrenta atrocidade, cometida at\u00e9 em nome de Deus e da religi\u00e3o\u2026. Combater a viol\u00eancia perpetrada sob o nome de uma religi\u00e3o, uma ideologia, ou de um sistema econ\u00f3mico e, ao mesmo tempo, proteger a liberdade das religi\u00f5es, das ideias, das pessoas, requere um delicado equil\u00edbrio onde temos que trabalhar\u2026.\u201d<\/p>\n<p style=\"text-align: justify;\"><span style=\"color: #ff6600;\"><strong><span style=\"color: #ff6600;\">Contra o pensar simplista e generalizador<\/span><\/strong><\/span>: \u201co reducionismo simplista que divide a realidade em bons e maus; permitam-me usar a express\u00e3o: em justos e pecadores.\u201d<\/p>\n<p style=\"text-align: justify;\"><strong><span style=\"color: #ff6600;\">Imitar o bem<\/span><\/strong>: \u201cCopiar o \u00f3dio e a viol\u00eancia do tirano e do assassino \u00e9 o melhor modo de ocupar o seu lugar\u201d.<\/p>\n<p style=\"text-align: justify;\"><strong><span style=\"color: #ff6600;\">O papa fala dos Estados Unidos como \u201ca terra dos sonhos\u201d<\/span><\/strong>: Sonhos que mobilizam \u00e0 ac\u00e7\u00e3o, \u00e0 participa\u00e7\u00e3o, ao compromisso\u2026 \u201c<\/p>\n<p style=\"text-align: justify;\"><strong><span style=\"color: #ff6600;\">Regra de Ouro<\/span><\/strong>: \u201cMas \u00e9 dif\u00edcil julgar o passado com os crit\u00e9rios do presente. Recordemos a regra de ouro: \u00abFa\u00e7am com os outros como querem que os outros fa\u00e7am convosco\u201d (Mt 7,12).<\/p>\n<p style=\"text-align: justify;\"><strong><span style=\"color: #ff6600;\">O papa solicita a aboli\u00e7\u00e3o da pena de morte e argumenta<\/span><\/strong>: \u201cuma pena justa e necess\u00e1ria nunca deve excluir a dimens\u00e3o da esperan\u00e7a e o objetivo da reabilita\u00e7\u00e3o\u2026\u201d<\/p>\n<p style=\"text-align: justify;\"><strong><span style=\"color: #ff6600;\">Francisco I apresenta os temas do bem-comum e da defesa da Terra que \u00e9 \u201ca nossa casa comum\u201d. Neste sentido acha tamb\u00e9m como necess\u00e1ri<\/span><\/strong><span style=\"color: #ff6600;\">o<\/span> \u201cp\u00f4r a t\u00e9cnica ao \u00abservi\u00e7o de outro tipo de progresso mais s\u00e3o, mais humano, mais social, mais integral\u00bb \u2026 Um bom pol\u00edtico \u00e9 aquele que, tendo em mente os interesses de todos, toma o momento com um esp\u00edrito aberto e pragm\u00e1tico. Um bom pol\u00edtico opta sempre por criar processos mais que por ocupar espa\u00e7os (cf. Evangelii gaudium, 222-223) \u2026.<\/p>\n<p style=\"text-align: justify;\"><strong><span style=\"color: #ff6600;\">Refere o exemplo de quatro representantes do povo americano como s\u00edmbolos de valores da na\u00e7\u00e3o<\/span><\/strong>: \u201cTr\u00eas filhos e uma filha desta terra, quatro pessoas, quatro sonhos: Abraham Lincoln, a liberdade; Martin Luther King, uma liberdade que se vive na pluralidade e n\u00e3o na exclus\u00e3o; Dorothy Day, a justi\u00e7a social e os direitos das pessoas; e Thomas Merton, a capacidade de di\u00e1logo e a abertura a Deus\u2026.<\/p>\n<p style=\"text-align: justify;\"><strong><span style=\"color: #ff6600;\">Fala da fam\u00edlia amea\u00e7ada nos seus fundamentos,<\/span><\/strong> da \u201cfam\u00edlia que est\u00e1 amea\u00e7ada, mais que nunca, a partir do interior e do exterior\u201d.<\/p>\n<p style=\"text-align: justify;\"><strong><span style=\"color: #ff6600;\">O papa Francisco terminou o discurso dizendo<\/span><\/strong>: \u201cUma Na\u00e7\u00e3o \u00e9 considerada grande quando defende a liberdade, como fez Abraham Lincoln; quando gera uma cultura que permita \u00e0s suas pessoas \u00absonhar\u00bb em plenitude dos direitos para seus irm\u00e3os e irm\u00e3s, como tentou fazer Martin Luther King; quando luta pela justi\u00e7a e pela causa dos oprimidos, como fez Dorothy Day no seu incessante trabalho; sendo fruto de uma f\u00e9 que se torna di\u00e1logo e planta paz, no estilo contemplativo de Merton\u2026. Que Deus bendiga a Am\u00e9rica.\u201d<br \/>\n<strong>Ant\u00f3nio da Cunha Duarte Justo<\/strong><br \/>\nwww.antonio-justo.eu<\/p>\n","protected":false},"excerpt":{"rendered":"<p>Contra a Pena de Morte, contra o imperialismo econ\u00f3mico-ideol\u00f3gico-religioso e pela t\u00e9cnica ao servi\u00e7o de um progresso humano O papa falou ao congresso dos USA em Nova York, no dia 24 de setembro de 2015, tendo sido aplaudido 37 vezes. Recorda os deveres dos representantes do povo: \u201cfazer que este pa\u00eds cres\u00e7a como na\u00e7\u00e3o\u2026sois o &hellip; <a href=\"https:\/\/antonio-justo.eu\/?p=3294\" class=\"more-link\">Continuar a ler <span class=\"screen-reader-text\">PALAVRAS DO PAPA AOS ESTADOS UNIDOS DA AM\u00c9RICA<\/span><\/a><\/p>\n","protected":false},"author":1,"featured_media":0,"comment_status":"open","ping_status":"open","sticky":false,"template":"","format":"standard","meta":{"sfsi_plus_gutenberg_text_before_share":"","sfsi_plus_gutenberg_show_text_before_share":"","sfsi_plus_gutenberg_icon_type":"","sfsi_plus_gutenberg_icon_alignemt":"","sfsi_plus_gutenburg_max_per_row":"","footnotes":""},"categories":[7,8],"tags":[],"class_list":["post-3294","post","type-post","status-publish","format-standard","hentry","category-politica","category-religiao"],"_links":{"self":[{"href":"https:\/\/antonio-justo.eu\/index.php?rest_route=\/wp\/v2\/posts\/3294","targetHints":{"allow":["GET"]}}],"collection":[{"href":"https:\/\/antonio-justo.eu\/index.php?rest_route=\/wp\/v2\/posts"}],"about":[{"href":"https:\/\/antonio-justo.eu\/index.php?rest_route=\/wp\/v2\/types\/post"}],"author":[{"embeddable":true,"href":"https:\/\/antonio-justo.eu\/index.php?rest_route=\/wp\/v2\/users\/1"}],"replies":[{"embeddable":true,"href":"https:\/\/antonio-justo.eu\/index.php?rest_route=%2Fwp%2Fv2%2Fcomments&post=3294"}],"version-history":[{"count":2,"href":"https:\/\/antonio-justo.eu\/index.php?rest_route=\/wp\/v2\/posts\/3294\/revisions"}],"predecessor-version":[{"id":3296,"href":"https:\/\/antonio-justo.eu\/index.php?rest_route=\/wp\/v2\/posts\/3294\/revisions\/3296"}],"wp:attachment":[{"href":"https:\/\/antonio-justo.eu\/index.php?rest_route=%2Fwp%2Fv2%2Fmedia&parent=3294"}],"wp:term":[{"taxonomy":"category","embeddable":true,"href":"https:\/\/antonio-justo.eu\/index.php?rest_route=%2Fwp%2Fv2%2Fcategories&post=3294"},{"taxonomy":"post_tag","embeddable":true,"href":"https:\/\/antonio-justo.eu\/index.php?rest_route=%2Fwp%2Fv2%2Ftags&post=3294"}],"curies":[{"name":"wp","href":"https:\/\/api.w.org\/{rel}","templated":true}]}}