{"id":3279,"date":"2015-09-21T11:43:26","date_gmt":"2015-09-21T10:43:26","guid":{"rendered":"https:\/\/antonio-justo.eu\/?p=3279"},"modified":"2015-09-21T11:43:27","modified_gmt":"2015-09-21T10:43:27","slug":"criancas-pobres-na-alemanha-dia-mundial-da-crianca","status":"publish","type":"post","link":"https:\/\/antonio-justo.eu\/?p=3279","title":{"rendered":"CRIAN\u00c7AS POBRES NA ALEMANHA \u2013 DIA MUNDIAL DA CRIAN\u00c7A"},"content":{"rendered":"<p style=\"text-align: justify;\">\nSegundo a Ag\u00eancia Federal Alem\u00e3 de Emprego, em Abril deste ano havia 1,67 milh\u00f5es de crian\u00e7as dependentes da seguran\u00e7a b\u00e1sica do estado. A quota de crian\u00e7as necessitadas subiu de 15% em 2012 para 15,7% em 2015. Em rela\u00e7\u00e3o a 2014 houve um aumento de 23.000. Entre cada seis crian\u00e7as, do grupo et\u00e1rio dos 0 aos 15 anos, uma precisa de aux\u00edlios estatais para poder atingir o m\u00ednimo de subsist\u00eancia.<br \/>\nCrian\u00e7as com pais pobres sofrem as consequ\u00eancias de uma sociedade que n\u00e3o coloca a crian\u00e7a no centro das suas preocupa\u00e7\u00f5es.<br \/>\nA pobreza \u00e9 desigual de uns estados federados para os outros. Enquanto a quota de pobreza atinge em Berlim os 33,5%, em Bremen atinge os 32,9%, em Hamburgo os 21,7% e na Baviera atinge os 7,3% e no Baden Vurtemberga os 8,5%.<br \/>\nAnt\u00f3nio da Cunha Duarte Justo<br \/>\nwww.antonio-justo.eu<\/p>\n","protected":false},"excerpt":{"rendered":"<p>Segundo a Ag\u00eancia Federal Alem\u00e3 de Emprego, em Abril deste ano havia 1,67 milh\u00f5es de crian\u00e7as dependentes da seguran\u00e7a b\u00e1sica do estado. A quota de crian\u00e7as necessitadas subiu de 15% em 2012 para 15,7% em 2015. Em rela\u00e7\u00e3o a 2014 houve um aumento de 23.000. Entre cada seis crian\u00e7as, do grupo et\u00e1rio dos 0 aos &hellip; <a href=\"https:\/\/antonio-justo.eu\/?p=3279\" class=\"more-link\">Continuar a ler <span class=\"screen-reader-text\">CRIAN\u00c7AS POBRES NA ALEMANHA \u2013 DIA MUNDIAL DA CRIAN\u00c7A<\/span><\/a><\/p>\n","protected":false},"author":1,"featured_media":0,"comment_status":"open","ping_status":"open","sticky":false,"template":"","format":"standard","meta":{"sfsi_plus_gutenberg_text_before_share":"","sfsi_plus_gutenberg_show_text_before_share":"","sfsi_plus_gutenberg_icon_type":"","sfsi_plus_gutenberg_icon_alignemt":"","sfsi_plus_gutenburg_max_per_row":"","footnotes":""},"categories":[14,4],"tags":[],"class_list":["post-3279","post","type-post","status-publish","format-standard","hentry","category-economia","category-educacao"],"_links":{"self":[{"href":"https:\/\/antonio-justo.eu\/index.php?rest_route=\/wp\/v2\/posts\/3279","targetHints":{"allow":["GET"]}}],"collection":[{"href":"https:\/\/antonio-justo.eu\/index.php?rest_route=\/wp\/v2\/posts"}],"about":[{"href":"https:\/\/antonio-justo.eu\/index.php?rest_route=\/wp\/v2\/types\/post"}],"author":[{"embeddable":true,"href":"https:\/\/antonio-justo.eu\/index.php?rest_route=\/wp\/v2\/users\/1"}],"replies":[{"embeddable":true,"href":"https:\/\/antonio-justo.eu\/index.php?rest_route=%2Fwp%2Fv2%2Fcomments&post=3279"}],"version-history":[{"count":1,"href":"https:\/\/antonio-justo.eu\/index.php?rest_route=\/wp\/v2\/posts\/3279\/revisions"}],"predecessor-version":[{"id":3280,"href":"https:\/\/antonio-justo.eu\/index.php?rest_route=\/wp\/v2\/posts\/3279\/revisions\/3280"}],"wp:attachment":[{"href":"https:\/\/antonio-justo.eu\/index.php?rest_route=%2Fwp%2Fv2%2Fmedia&parent=3279"}],"wp:term":[{"taxonomy":"category","embeddable":true,"href":"https:\/\/antonio-justo.eu\/index.php?rest_route=%2Fwp%2Fv2%2Fcategories&post=3279"},{"taxonomy":"post_tag","embeddable":true,"href":"https:\/\/antonio-justo.eu\/index.php?rest_route=%2Fwp%2Fv2%2Ftags&post=3279"}],"curies":[{"name":"wp","href":"https:\/\/api.w.org\/{rel}","templated":true}]}}